{"id":202504,"date":"2026-01-13T20:42:13","date_gmt":"2026-01-13T20:42:13","guid":{"rendered":"https:\/\/www.europesays.com\/pl\/202504\/"},"modified":"2026-01-13T20:42:13","modified_gmt":"2026-01-13T20:42:13","slug":"putin-wydal-dekret-rosja-przejmuje-oddzialy-polskiej-firmy-canpack","status":"publish","type":"post","link":"https:\/\/www.europesays.com\/pl\/202504\/","title":{"rendered":"Putin wyda\u0142 dekret. Rosja przejmuje oddzia\u0142y polskiej firmy Canpack"},"content":{"rendered":"<p>Prezydent Rosji W\u0142adimir Putin wyda\u0142 dekrety, na mocy kt\u00f3rych rosyjskie sp\u00f3\u0142ki przej\u0119\u0142y tymczasowe zarz\u0105dzanie nad oddzia\u0142ami polsko-ameryka\u0144skiej firmy Canpack oraz du\u0144skiego producenta izolacji Rockwool. Decyzja wesz\u0142a w \u017cycie 31 grudnia 2025 roku, jednak dokumenty zosta\u0142y opublikowane dopiero niedawno.<\/p>\n<p>                         &#13;<br \/>\n        &#13;<\/p>\n<p>                                        &#13;<br \/>\n                        &#13;<br \/>\n                            <img decoding=\"async\" src=\"https:\/\/www.europesays.com\/pl\/wp-content\/uploads\/2026\/01\/000M70I8R36J8K51-C123-F4.jpg\" title=\"Na mocy dekretu Putina Rosja przejmuje oddzia\u0142y polskiej firmy\" alt=\"Rosja przejmuje kontrol\u0119 nad sp\u00f3\u0142kami Canpack i Rockwool. Decyzja Putina obj\u0119\u0142a polsko-ameryka\u0144skiego i du\u0144skiego giganta \/IMAGO\/Mikhail Metzel\/Imago Stock and People\/East News \/East News\" class=\"img-responsive\"\/>&#13;<\/p>\n<p>                            &#13;<\/p>\n<p>      &#13;<br \/>\n                            Rosja przejmuje kontrol\u0119 nad sp\u00f3\u0142kami Canpack i Rockwool. Decyzja Putina obj\u0119\u0142a polsko-ameryka\u0144skiego i du\u0144skiego giganta&#13;<br \/>\n                                    \/IMAGO\/Mikhail Metzel\/Imago Stock and People\/East News \/East News  &#13;\n                                    <\/p>\n<p>&#13;<\/p>\n<ul class=\"bullet\">\n<li>Rosja, na mocy dekretu Putina, przej\u0119\u0142a kontrol\u0119 nad udzia\u0142ami polskiej firmy Can-Pack oraz du\u0144skiej Rockwool w swoich rosyjskich oddzia\u0142ach.\u00a0<\/li>\n<li>Decyzja wpisuje si\u0119 w trend nacjonalizacji zagranicznych firm w Rosji, szczeg\u00f3lnie tych z kraj\u00f3w uznawanych za &#8222;nieprzyjazne&#8221; po sankcjach zwi\u0105zanych z wojn\u0105 w Ukrainie.\u00a0<\/li>\n<li>Przej\u0119cie oznacza, \u017ce dotychczasowi w\u0142a\u015bciciele stracili kontrol\u0119 operacyjn\u0105 nad swoimi rosyjskimi aktywami, a czas trwania &#8222;tymczasowego zarz\u0105dzania&#8221; pozostaje nieznany.\u00a0<\/li>\n<li>Wzrost liczby utajnionych dekret\u00f3w prezydenta Putina, si\u0119gaj\u0105cy prawie po\u0142owy wszystkich wydanych w 2025 roku, pokazuje rosn\u0105cy trend ograniczania przejrzysto\u015bci dzia\u0142a\u0144 w\u0142adz rosyjskich.<\/li>\n<li>Po wi\u0119cej aktualnych informacji zapraszamy do\u00a0<a href=\"https:\/\/www.rmf24.pl\/\" rel=\"nofollow noopener\" target=\"_blank\">RMF24.pl<\/a><\/li>\n<\/ul>\n<p>Zgodnie z dekretem prezydenta Rosji, sp\u00f3\u0142ka Stalelement przej\u0119\u0142a tymczasowe zarz\u0105dzanie 100 proc. udzia\u0142\u00f3w w Can-Pack LLC oraz w Zak\u0142adzie Opakowa\u0144 Can-Pack. Polskie konsorcjum posiada oddzia\u0142y w Wo\u0142oko\u0142amsku (obw. moskiewski) i Nowoczerkasku (obw. rostowski). Z kolei JSC Razvitie Stroitelnykh Aktiv (Rozw\u00f3j Aktyw\u00f3w Budowlanych) obj\u0119\u0142a zarz\u0105dzanie 100 proc. udzia\u0142\u00f3w w Rockwool LLC oraz 68 proc. udzia\u0142\u00f3w w Rockwool-Volga LLC &#8211; informuje rosyjska agencja TASS.<\/p>\n<p>Rosyjskie w\u0142adze nie poda\u0142y oficjalnych powod\u00f3w przej\u0119cia zarz\u0105dzania nad zagranicznymi firmami. Decyzje tego typu s\u0105 jednak coraz cz\u0119\u015bciej stosowane wobec przedsi\u0119biorstw z kraj\u00f3w uznawanych przez Rosj\u0119 za &#8222;nieprzyjazne&#8221;, w odpowiedzi na sankcje i ograniczenia na\u0142o\u017cone po rozpocz\u0119ciu wojny w Ukrainie.<\/p>\n<p>Canpack to jeden z najwi\u0119kszych na \u015bwiecie producent\u00f3w aluminiowych opakowa\u0144, w tym puszek do napoj\u00f3w. Firma z siedzib\u0105 w Krakowie dzia\u0142a od 1992 roku i ma polsko-ameryka\u0144skie korzenie. Rockwool to du\u0144ski koncern, kt\u00f3ry od 1909 roku produkuje materia\u0142y do izolacji akustycznej i termicznej, wykorzystywane w budownictwie na ca\u0142ym \u015bwiecie.<\/p>\n<p>Przej\u0119cie zarz\u0105dzania przez rosyjskie podmioty oznacza, \u017ce dotychczasowi w\u0142a\u015bciciele stracili kontrol\u0119 operacyjn\u0105 nad swoimi rosyjskimi oddzia\u0142ami. Nie wiadomo, jak d\u0142ugo potrwa &#8222;tymczasowe zarz\u0105dzanie&#8221; i czy firmy b\u0119d\u0105 mog\u0142y odzyska\u0107 swoje aktywa. Decyzja wpisuje si\u0119 w szerszy trend nacjonalizacji zagranicznych przedsi\u0119biorstw w Rosji.<\/p>\n<p>W kwietniu 2022 roku po rozpocz\u0119ciu rosyjskiej pe\u0142noskalowej inwazji na Ukrain\u0119 Canpack poinformowa\u0142, \u017ce wstrzymuje wszelkie inwestycje w Rosji, ale funkcjonuj\u0105ce tam zak\u0142ady nie b\u0119d\u0105 zamkni\u0119te.<\/p>\n<p>Du\u0144ski koncern Rockwool poinformowa\u0142 we wtorek, \u017ce decyzj\u0105 W\u0142adimira Putina utraci\u0142 kontrol\u0119 nad czterema fabrykami w Rosji. Firma zajmuje si\u0119 produkcj\u0105 materia\u0142\u00f3w izolacyjnych. Rockwool by\u0142 wcze\u015bniej krytykowany za kontynuowanie dzia\u0142alno\u015bci w Rosji po napa\u015bci tego kraju na Ukrain\u0119 w lutym 2022 roku.<\/p>\n<p>Koncern podkre\u015bli\u0142, \u017ce b\u0119dzie broni\u0142 swoich praw na podstawie du\u0144sko-rosyjskiej umowy inwestycyjnej. Doda\u0142, \u017ce w obecnej sytuacji nie jest jednak optymistycznie nastawiony do mo\u017cliwo\u015bci cofni\u0119cia decyzji o przej\u0119ciu oddzia\u0142u firmy przez rosyjskie pa\u0144stwo. Rockwool zamierza skontaktowa\u0107 si\u0119 z rz\u0105dem w Kopenhadze oraz w\u0142adzami UE.<\/p>\n<p>We wtorek notowania akcji sp\u00f3\u0142ki na gie\u0142dzie w Kopenhadze spad\u0142y o 8-12 proc.<\/p>\n<p>Wed\u0142ug sp\u00f3\u0142ki warto\u015b\u0107 jej aktyw\u00f3w w Rosji wynosi\u0142a na koniec 2025 roku 469 mln euro, a rosyjski oddzia\u0142 przynosi\u0142 zyski.<\/p>\n<p>Brak wcze\u015bniejszych informacji na temat dekretu Putina nie musi dziwi\u0107. Wed\u0142ug niezale\u017cnego\u00a0portalu \u015bledczego Vyorstka, a\u017c 45 proc. dekret\u00f3w wykonawczych podpisanych przez prezydenta Rosji w 2025 roku nie zosta\u0142o opublikowanych.<\/p>\n<p>Z raportu Vyorstki wynika, \u017ce spo\u015br\u00f3d co najmniej 1 010 dekret\u00f3w wydanych przez Putina w 2025 roku, a\u017c 449 zosta\u0142o sklasyfikowanych jako tajne i nie pojawi\u0142o si\u0119 w oficjalnym rejestrze akt\u00f3w prawnych Federacji Rosyjskiej. Oznacza to, \u017ce 44,5 proc. decyzji prezydenta nie jest dost\u0119pnych publicznie. W por\u00f3wnaniu z 2024 rokiem to wzrost o 3,4 punktu procentowego, cho\u0107 poziom tajno\u015bci pozostaje nieco ni\u017cszy ni\u017c w pierwszych dw\u00f3ch latach pe\u0142noskalowej inwazji Rosji na Ukrain\u0119.<\/p>\n<p>W\u015br\u00f3d 561 opublikowanych dekret\u00f3w, 52 dotyczy\u0142o nadania honorowych tytu\u0142\u00f3w konkretnym jednostkom wojskowym. Vyorstka podkre\u015bla, \u017ce tajne dekrety najcz\u0119\u015bciej odnosz\u0105 si\u0119 do szczeg\u00f3lnie wra\u017cliwych kwestii administracyjnych, takich jak przyznawanie odznacze\u0144 wojskowych \u017co\u0142nierzom walcz\u0105cym na froncie lub po\u015bmiertnie, a tak\u017ce u\u0142askawienia skazanych rekrutowanych do armii.<\/p>\n<p>Jak przypomina Vyorstka, tajne dekrety by\u0142y wykorzystywane ju\u017c wcze\u015bniej. W 2006 roku, wed\u0142ug rosyjskiej redakcji BBC, W\u0142adimir Putin podpisa\u0142 tajny dekret przyznaj\u0105cy Jewgienijowi Prigo\u017cynowi, p\u00f3\u017aniejszemu liderowi Grupy Wagnera, Medal Orderu &#8222;Za zas\u0142ugi dla Ojczyzny&#8221; I klasy.<\/p>\n<p>Eksperci zwracaj\u0105 uwag\u0119, \u017ce wzrost liczby utajnionych dekret\u00f3w to element szerszego trendu ograniczania przejrzysto\u015bci dzia\u0142a\u0144 w\u0142adz rosyjskich, zw\u0142aszcza w kontek\u015bcie wojny i napi\u0119\u0107 mi\u0119dzynarodowych. Tajno\u015b\u0107 utrudnia niezale\u017cn\u0105 kontrol\u0119 spo\u0142eczn\u0105 i analiz\u0119 decyzji podejmowanych na najwy\u017cszych szczeblach w\u0142adzy.<\/p>\n","protected":false},"excerpt":{"rendered":"Prezydent Rosji W\u0142adimir Putin wyda\u0142 dekrety, na mocy kt\u00f3rych rosyjskie sp\u00f3\u0142ki przej\u0119\u0142y tymczasowe zarz\u0105dzanie nad oddzia\u0142ami polsko-ameryka\u0144skiej firmy&hellip;\n","protected":false},"author":2,"featured_media":202505,"comment_status":"","ping_status":"","sticky":false,"template":"","format":"standard","meta":{"footnotes":""},"categories":[14],"tags":[32,33,27,34,35,28,31,25,40,41,80,29,30,26,82,83,84],"class_list":{"0":"post-202504","1":"post","2":"type-post","3":"status-publish","4":"format-standard","5":"has-post-thumbnail","7":"category-swiat","8":"tag-breaking-news","9":"tag-breakingnews","10":"tag-headlines","11":"tag-latest-news","12":"tag-latestnews","13":"tag-naglowki","14":"tag-najwazniejsze-artykuly","15":"tag-news","16":"tag-polish","17":"tag-polski","18":"tag-swiat","19":"tag-top-stories","20":"tag-topstories","21":"tag-wiadomosci","22":"tag-world","23":"tag-world-news","24":"tag-worldnews"},"share_on_mastodon":{"url":"https:\/\/pubeurope.com\/@pl\/115889736526048965","error":""},"_links":{"self":[{"href":"https:\/\/www.europesays.com\/pl\/wp-json\/wp\/v2\/posts\/202504","targetHints":{"allow":["GET"]}}],"collection":[{"href":"https:\/\/www.europesays.com\/pl\/wp-json\/wp\/v2\/posts"}],"about":[{"href":"https:\/\/www.europesays.com\/pl\/wp-json\/wp\/v2\/types\/post"}],"author":[{"embeddable":true,"href":"https:\/\/www.europesays.com\/pl\/wp-json\/wp\/v2\/users\/2"}],"replies":[{"embeddable":true,"href":"https:\/\/www.europesays.com\/pl\/wp-json\/wp\/v2\/comments?post=202504"}],"version-history":[{"count":0,"href":"https:\/\/www.europesays.com\/pl\/wp-json\/wp\/v2\/posts\/202504\/revisions"}],"wp:featuredmedia":[{"embeddable":true,"href":"https:\/\/www.europesays.com\/pl\/wp-json\/wp\/v2\/media\/202505"}],"wp:attachment":[{"href":"https:\/\/www.europesays.com\/pl\/wp-json\/wp\/v2\/media?parent=202504"}],"wp:term":[{"taxonomy":"category","embeddable":true,"href":"https:\/\/www.europesays.com\/pl\/wp-json\/wp\/v2\/categories?post=202504"},{"taxonomy":"post_tag","embeddable":true,"href":"https:\/\/www.europesays.com\/pl\/wp-json\/wp\/v2\/tags?post=202504"}],"curies":[{"name":"wp","href":"https:\/\/api.w.org\/{rel}","templated":true}]}}