{"id":202506,"date":"2026-01-13T20:43:08","date_gmt":"2026-01-13T20:43:08","guid":{"rendered":"https:\/\/www.europesays.com\/pl\/202506\/"},"modified":"2026-01-13T20:43:08","modified_gmt":"2026-01-13T20:43:08","slug":"wystep-maturzystow-z-wyszkowa-zachwycil-cos-pieknego","status":"publish","type":"post","link":"https:\/\/www.europesays.com\/pl\/202506\/","title":{"rendered":"Wyst\u0119p maturzyst\u00f3w z Wyszkowa zachwyci\u0142. &#8222;Co\u015b pi\u0119knego&#8221;"},"content":{"rendered":"<p>Polonez od lat towarzyszy studni\u00f3wkom w\u00a0Polsce, b\u0119d\u0105c jednym z\u00a0kluczowych element\u00f3w tradycji. Nie mniej istotny jest r\u00f3wnie\u017c walc, kt\u00f3ry wykonywany jest najcz\u0119\u015bciej zaraz po nim. Uczniowie z\u00a0I\u00a0Liceum Og\u00f3lnokszta\u0142c\u0105cego im. Cypriana Kamila Norwida w\u00a0Wyszkowie udowodnili, \u017ce taniec ten mo\u017ce by\u0107 naprawd\u0119 wyj\u0105tkowy. <\/p>\n<p>Opr\u00f3cz tradycyjnego poloneza, coraz wi\u0119cej szk\u00f3\u0142 decyduje si\u0119 na wprowadzenie do programu studni\u00f3wek bardziej nowoczesnych ta\u0144c\u00f3w. Przyk\u0142adem jest niesamowity walc zata\u0144czony przez uczni\u00f3w I\u00a0Liceum Og\u00f3lnokszta\u0142c\u0105cego im. Cypriana Kamila Norwida w\u00a0Wyszkowie. <\/p>\n<p>Doda nie by\u0142a na swojej studni\u00f3wce. Wiemy dlaczego.<\/p>\n<p>Na Facebookowym profilu portalu Tuba Wyszkowa zago\u015bci\u0142a magia studni\u00f3wki! Maturzy\u015bci tej szko\u0142y zachwycili walcem i\u00a0sp\u00f3jnymi stylizacjami. Dziewcz\u0119ta w\u00a0czarnych bluzkach i\u00a0be\u017cowych satynowych sp\u00f3dnicach, a\u00a0ch\u0142opcy w\u00a0klasycznych koszulach i\u00a0spodniach &#8211;\u00a0to by\u0142a prawdziwa uczta dla oka.<\/p>\n<p>Nowoczesna choreografia przyci\u0105gn\u0119\u0142a spojrzenia wszystkich obecnych. Ka\u017cdy z\u00a0uczestnik\u00f3w m\u00f3g\u0142 pokaza\u0107 sw\u00f3j talent, a\u00a0romantyczna muzyka tylko dodawa\u0142a ca\u0142o\u015bci magii. Uczniowie zsynchronizowali swoje ruchy z\u00a0niezwyk\u0142\u0105 precyzj\u0105, tworz\u0105c widowisko, o\u00a0kt\u00f3rym d\u0142ugo trudno b\u0119dzie zapomnie\u0107.<\/p>\n<p>Filmik szturmem podbi\u0142 serca internaut\u00f3w. Pod nagraniem nie brakowa\u0142o bowiem pozytywnych komentarzy od internaut\u00f3w, kt\u00f3rzy byli pod wra\u017ceniem wyst\u0119pu maturzyst\u00f3w. &#8222;Absolutnie pi\u0119kny pokaz, dech zapiera. Ta\u0144cz\u0105 jak formacja taneczna, trudno uwierzy\u0107, \u017ce to po prostu maturzy\u015bci&#8221;; &#8222;Co\u015b pi\u0119knego&#8221;; &#8222;Brawo! Jestem z\u00a0Was dumna. Dali\u015bcie czadu&#8221;.<\/p>\n<p>Zapraszamy na grup\u0119 FB &#8211;\u00a0<a href=\"https:\/\/www.facebook.com\/groups\/126020819449720\" rel=\"noopener noreferrer nofollow\" target=\"_blank\">#Wszechmocne<\/a>. To tu b\u0119dziemy informowa\u0107 na bie\u017c\u0105co o\u00a0terminach webinar\u00f3w, wywiadach, nowych historiach.<\/p>\n","protected":false},"excerpt":{"rendered":"Polonez od lat towarzyszy studni\u00f3wkom w\u00a0Polsce, b\u0119d\u0105c jednym z\u00a0kluczowych element\u00f3w tradycji. Nie mniej istotny jest r\u00f3wnie\u017c walc, kt\u00f3ry&hellip;\n","protected":false},"author":2,"featured_media":202507,"comment_status":"","ping_status":"","sticky":false,"template":"","format":"standard","meta":{"footnotes":""},"categories":[12],"tags":[32,33,36,37,27,34,35,28,31,25,42,38,40,39,41,29,30,26],"class_list":{"0":"post-202506","1":"post","2":"type-post","3":"status-publish","4":"format-standard","5":"has-post-thumbnail","7":"category-polska","8":"tag-breaking-news","9":"tag-breakingnews","10":"tag-featured-news","11":"tag-featurednews","12":"tag-headlines","13":"tag-latest-news","14":"tag-latestnews","15":"tag-naglowki","16":"tag-najwazniejsze-artykuly","17":"tag-news","18":"tag-pl","19":"tag-poland","20":"tag-polish","21":"tag-polska","22":"tag-polski","23":"tag-top-stories","24":"tag-topstories","25":"tag-wiadomosci"},"share_on_mastodon":{"url":"https:\/\/pubeurope.com\/@pl\/115889740656965307","error":""},"_links":{"self":[{"href":"https:\/\/www.europesays.com\/pl\/wp-json\/wp\/v2\/posts\/202506","targetHints":{"allow":["GET"]}}],"collection":[{"href":"https:\/\/www.europesays.com\/pl\/wp-json\/wp\/v2\/posts"}],"about":[{"href":"https:\/\/www.europesays.com\/pl\/wp-json\/wp\/v2\/types\/post"}],"author":[{"embeddable":true,"href":"https:\/\/www.europesays.com\/pl\/wp-json\/wp\/v2\/users\/2"}],"replies":[{"embeddable":true,"href":"https:\/\/www.europesays.com\/pl\/wp-json\/wp\/v2\/comments?post=202506"}],"version-history":[{"count":0,"href":"https:\/\/www.europesays.com\/pl\/wp-json\/wp\/v2\/posts\/202506\/revisions"}],"wp:featuredmedia":[{"embeddable":true,"href":"https:\/\/www.europesays.com\/pl\/wp-json\/wp\/v2\/media\/202507"}],"wp:attachment":[{"href":"https:\/\/www.europesays.com\/pl\/wp-json\/wp\/v2\/media?parent=202506"}],"wp:term":[{"taxonomy":"category","embeddable":true,"href":"https:\/\/www.europesays.com\/pl\/wp-json\/wp\/v2\/categories?post=202506"},{"taxonomy":"post_tag","embeddable":true,"href":"https:\/\/www.europesays.com\/pl\/wp-json\/wp\/v2\/tags?post=202506"}],"curies":[{"name":"wp","href":"https:\/\/api.w.org\/{rel}","templated":true}]}}