{"id":202534,"date":"2026-01-13T20:57:07","date_gmt":"2026-01-13T20:57:07","guid":{"rendered":"https:\/\/www.europesays.com\/pl\/202534\/"},"modified":"2026-01-13T20:57:07","modified_gmt":"2026-01-13T20:57:07","slug":"najwiekszy-atak-w-ostatnich-latach","status":"publish","type":"post","link":"https:\/\/www.europesays.com\/pl\/202534\/","title":{"rendered":"Najwi\u0119kszy atak w ostatnich latach"},"content":{"rendered":"<p> Polsce grozi\u0142 blackout<\/p>\n<p class=\"art_paragraph\">13 stycznia na antenie RMF FM minister cyfryzacji Krzysztof Gawkowski ujawni\u0142, \u017ce w ostatnich dniach grudnia 2025 roku &#8222;byli\u015bmy bardzo blisko blackoutu&#8221;.\u00a0&#8211; To by\u0142 najwi\u0119kszy atak na sektor energetyczny w ostatnich latach\u00a0(&#8230;). To by\u0142a skoordynowana akcja,\u00a0kt\u00f3ra mia\u0142a wy\u0142\u0105czy\u0107 obywatelom w Polsce pr\u0105d &#8211; relacjonowa\u0142 polityk. Przekaza\u0142 tak\u017ce, \u017ce &#8222;polskie s\u0142u\u017cby i instytucje odpowiedzialne za cyberbezpiecze\u0144stwo stan\u0119\u0142y na wysoko\u015bci zadania&#8221;.\u00a0Wed\u0142ug p\u00f3\u017aniejszych ustale\u0144 by\u0142 to skutek dzia\u0142a\u0144 sabota\u017cowych Rosji. &#8211; Polska odpiera dzi\u015b ataki, kt\u00f3re pokazuj\u0105, jak b\u0119dzie wygl\u0105da\u0142a nowoczesna wojna. Nie trzeba mie\u0107 w Polsce na ulicach <a href=\"https:\/\/wiadomosci.gazeta.pl\/wojsko#anchorLink\" rel=\"nofollow noopener\" target=\"_blank\">wojsk<\/a>, samolot\u00f3w czy <a href=\"https:\/\/wiadomosci.gazeta.pl\/czolgi#anchorLink\" rel=\"nofollow noopener\" target=\"_blank\">czo\u0142g\u00f3w<\/a>, ale cyfrowe czo\u0142gi ju\u017c tu stoj\u0105 &#8211; doda\u0142 Gawkowski. Wed\u0142ug polityka\u00a0&#8222;Polska jest najbardziej atakowanym pa\u0144stwem w <a href=\"https:\/\/wiadomosci.gazeta.pl\/polityka\/7,198012,32487725,polska-powinna-wyjsc-z-unii-europejskiej-chce-tego-juz-prawie.html#anchorLink\" rel=\"nofollow noopener\" target=\"_blank\">Unii Europejskiej<\/a>&#8222;, je\u015bli chodzi o wojn\u0119 hybrydow\u0105.\u00a0<\/p>\n<p> Atak na &#8222;pojedyncze \u017ar\u00f3d\u0142a wytw\u00f3rcze&#8221;<\/p>\n<p class=\"art_paragraph\">Tego samego dnia podczas spotkania z mediami o zesz\u0142orocznej pr\u00f3bie destabilizacji sektora energetycznego m\u00f3wi\u0142\u00a0minister energii Mi\u0142osz Motyka. &#8211;\u00a0Takiego typu atak\u00f3w jeszcze nie by\u0142o. Atak si\u0119 nie powi\u00f3d\u0142, ale by\u0142 gro\u017any. Po raz pierwszy zaatakowano w tym samym momencie w r\u00f3\u017cnych miejscach &#8211; m\u00f3wi\u0142 Motyka. Mia\u0142o w\u00f3wczas doj\u015b\u0107 do pr\u00f3by &#8222;zak\u0142\u00f3cenia komunikacji mi\u0119dzy instalacjami wytw\u00f3rczymi a operatorami sieci na du\u017cym obszarze Polski&#8221;. Zaatakowane mia\u0142y zosta\u0107 &#8222;pojedyncze \u017ar\u00f3d\u0142a wytw\u00f3rcze &#8211; farmy s\u0142oneczne, a nawet pojedyncze wiatraki&#8221;. Motyka zapewni\u0142, \u017ce\u00a0sprawa jest badana.\u00a0<\/p>\n<p>\n    Zobacz wideo Niemcy, by utrzyma\u0107 dobrobyt, musz\u0105 si\u0119 dogada\u0107 z Rosj\u0105, ponad Polsk\u0105\n  <\/p>\n<p> Blackout w Berlinie<\/p>\n<p class=\"art_paragraph\">3 stycznia\u00a0podpalono stacj\u0119 rozdzielcz\u0105 przy elektrowni Lichterfelde w Niemczech. Do ataku przyzna\u0142a si\u0119 lewicowa organizacja Vulkangruppe. Spraw\u0105 zajmuje si\u0119 Prokuratura Generalna, kt\u00f3ra bada, czy by\u0142 to akt terroru. \u015aledczy bior\u0105 pod uwag\u0119, \u017ce podpalenie mog\u0142o zosta\u0107 zlecone przez Kreml.\u00a06 stycznia\u00a0ekstremi\u015bci zapewnili, \u017ce ich dzia\u0142ania nie maj\u0105 nic wsp\u00f3lnego z Rosj\u0105. W wyniku incydentu ponad cztery doby bez pr\u0105du, a w wielu przypadkach tak\u017ce bez ogrzewania, by\u0142o oko\u0142o 100 tysi\u0119cy mieszka\u0144c\u00f3w Berlina. Energetycy ma\u0142ymi <a href=\"https:\/\/wiadomosci.gazeta.pl\/partia#anchorLink\" rel=\"nofollow noopener\" target=\"_blank\">partiami<\/a> zapewniali dostawy pr\u0105du obej\u015bciami uszkodzonej instalacji.<\/p>\n<p class=\"art_paragraph\">Wi\u0119cej na podobny temat przeczytasz w artykule:<a href=\"https:\/\/wiadomosci.gazeta.pl\/swiat\/7,198075,32412287,blackout-w-paryzu-przerwa-w-dostawie-pradu-sparalizowala-metro.html\" class=\"art_link\" rel=\"dofollow noopener\" target=\"_blank\"> &#8222;Blackout w Pary\u017cu. Przerwa w dostawie pr\u0105du dotkn\u0119\u0142a 55 tysi\u0119cy dom\u00f3w&#8221;<\/a>.\n  <\/p>\n<p>\u0179r\u00f3d\u0142a:\u00a0gazetaprawna.pl,\u00a0goniec.pl, RMF FM, TVN24, IAR<\/p>\n","protected":false},"excerpt":{"rendered":"Polsce grozi\u0142 blackout 13 stycznia na antenie RMF FM minister cyfryzacji Krzysztof Gawkowski ujawni\u0142, \u017ce w ostatnich dniach&hellip;\n","protected":false},"author":2,"featured_media":202535,"comment_status":"","ping_status":"","sticky":false,"template":"","format":"standard","meta":{"footnotes":""},"categories":[12],"tags":[32,33,36,37,27,34,35,28,31,25,42,38,40,39,41,29,30,26],"class_list":{"0":"post-202534","1":"post","2":"type-post","3":"status-publish","4":"format-standard","5":"has-post-thumbnail","7":"category-polska","8":"tag-breaking-news","9":"tag-breakingnews","10":"tag-featured-news","11":"tag-featurednews","12":"tag-headlines","13":"tag-latest-news","14":"tag-latestnews","15":"tag-naglowki","16":"tag-najwazniejsze-artykuly","17":"tag-news","18":"tag-pl","19":"tag-poland","20":"tag-polish","21":"tag-polska","22":"tag-polski","23":"tag-top-stories","24":"tag-topstories","25":"tag-wiadomosci"},"share_on_mastodon":{"url":"https:\/\/pubeurope.com\/@pl\/115889795517467214","error":""},"_links":{"self":[{"href":"https:\/\/www.europesays.com\/pl\/wp-json\/wp\/v2\/posts\/202534","targetHints":{"allow":["GET"]}}],"collection":[{"href":"https:\/\/www.europesays.com\/pl\/wp-json\/wp\/v2\/posts"}],"about":[{"href":"https:\/\/www.europesays.com\/pl\/wp-json\/wp\/v2\/types\/post"}],"author":[{"embeddable":true,"href":"https:\/\/www.europesays.com\/pl\/wp-json\/wp\/v2\/users\/2"}],"replies":[{"embeddable":true,"href":"https:\/\/www.europesays.com\/pl\/wp-json\/wp\/v2\/comments?post=202534"}],"version-history":[{"count":0,"href":"https:\/\/www.europesays.com\/pl\/wp-json\/wp\/v2\/posts\/202534\/revisions"}],"wp:featuredmedia":[{"embeddable":true,"href":"https:\/\/www.europesays.com\/pl\/wp-json\/wp\/v2\/media\/202535"}],"wp:attachment":[{"href":"https:\/\/www.europesays.com\/pl\/wp-json\/wp\/v2\/media?parent=202534"}],"wp:term":[{"taxonomy":"category","embeddable":true,"href":"https:\/\/www.europesays.com\/pl\/wp-json\/wp\/v2\/categories?post=202534"},{"taxonomy":"post_tag","embeddable":true,"href":"https:\/\/www.europesays.com\/pl\/wp-json\/wp\/v2\/tags?post=202534"}],"curies":[{"name":"wp","href":"https:\/\/api.w.org\/{rel}","templated":true}]}}