{"id":202536,"date":"2026-01-13T20:58:08","date_gmt":"2026-01-13T20:58:08","guid":{"rendered":"https:\/\/www.europesays.com\/pl\/202536\/"},"modified":"2026-01-13T20:58:08","modified_gmt":"2026-01-13T20:58:08","slug":"wladimir-putin-wygonil-ich-z-rosji-dunski-koncern-stracil-kontrole-nad-fabrykami","status":"publish","type":"post","link":"https:\/\/www.europesays.com\/pl\/202536\/","title":{"rendered":"W\u0142adimir Putin wygoni\u0142 ich z Rosji. Du\u0144ski koncern straci\u0142 kontrol\u0119 nad fabrykami"},"content":{"rendered":"<p data-section=\"detail-body\">Rockwool posiada oddzia\u0142y w wielu krajach, w tym dwa zak\u0142ady w Polsce. Produkty firmy wykorzystywane by\u0142y m.in. przy izolacji Empire State Building w Nowym Jorku oraz Teatru Bolszoj w Moskwie.<\/p>\n<p class=\"article_p\" data-section=\"detail-body\">Dalsza cz\u0119\u015b\u0107 artyku\u0142u pod materia\u0142em wideo:<\/p>\n<p class=\"article_p\" data-section=\"detail-body\">Firma, znana z produkcji materia\u0142\u00f3w izolacyjnych, by\u0142a wcze\u015bniej krytykowana za kontynuowanie dzia\u0142alno\u015bci w Rosji po rozpocz\u0119ciu inwazji na Ukrain\u0119 w lutym 2022 r.<\/p>\n<p class=\"article_p\" data-section=\"detail-body\">Decyzja Rockwool o pozostaniu na rosyjskim rynku by\u0142a szeroko komentowana przez opini\u0119 publiczn\u0105 i ekspert\u00f3w, kt\u00f3rzy zwracali uwag\u0119 na straty wizerunkowe firmy. W Business Insider Polska wielokrotnie <a href=\"https:\/\/businessinsider.com.pl\/biznes\/zwiazek-z-rosja-to-skomplikowane-niestraszna-im-lista-wstydu\/bpz3xmp\" id=\"42ec8315-2f46-413e-8da3-25ed0c697bf1\" rel=\"nofollow noopener\" target=\"_blank\">publikowali\u015bmy &#8222;listy wstydu&#8221;<\/a> z firmami, kt\u00f3re zosta\u0142y w Rosji po ataku Kremla na Ukrain\u0119. Na li\u015bcie znajdowa\u0142o si\u0119 wiele zachodnich korporacji. <\/p>\n<p>            Czytaj tak\u017ce w BUSINESS INSIDER<\/p>\n<p class=\"article_p\" data-section=\"detail-body\">Jak podkre\u015bla\u0142 dziennik &#8222;Berlingske&#8221;, dzia\u0142ania te nie uchroni\u0142y du\u0144skiego koncernu przed nacjonalizacj\u0105.<\/p>\n<p class=\"article_p\" data-section=\"detail-body\">Zobacz te\u017c: <a href=\"https:\/\/businessinsider.com.pl\/wiadomosci\/europejskie-wojska-na-grenlandii-dunscy-politycy-koniec-z-ulegloscia\/yprlx34\" id=\"8c2512ad-05f2-419d-bb8a-94fad6dab7a9\" rel=\"nofollow noopener\" target=\"_blank\">Kontyngent z Europy na Grenlandii? Tego chc\u0105 du\u0144scy politycy<\/a><\/p>\n<p>        W\u0142adimir Putin wygoni\u0142 ich z Rosji. Du\u0144ski koncern straci\u0142 kontrol\u0119 nad fabrykami. Chce pomocy UE<\/p>\n<p class=\"article_p\" data-section=\"detail-body\">Teraz Rockwool poinformowa\u0142, \u017ce w wyniku decyzji prezydenta Rosji W\u0142adimira Putina straci\u0142 kontrol\u0119 nad czterema swoimi fabrykami na terenie Rosji.<\/p>\n<p class=\"article_p\" data-section=\"detail-body\">Sp\u00f3\u0142ka zapowiedzia\u0142a, \u017ce zamierza dochodzi\u0107 swoich praw na podstawie du\u0144sko-rosyjskiej umowy inwestycyjnej, ale jednocze\u015bnie zaznaczy\u0142a, \u017ce obecnie nie widzi du\u017cych szans na odwr\u00f3cenie decyzji o przej\u0119ciu aktyw\u00f3w przez pa\u0144stwo rosyjskie. Rockwool zamierza r\u00f3wnie\u017c zwr\u00f3ci\u0107 si\u0119 o wsparcie do rz\u0105du Danii oraz instytucji Unii Europejskiej.<\/p>\n<p class=\"article_p\" data-section=\"detail-body\">Warto\u015b\u0107 rosyjskich aktyw\u00f3w Rockwool na koniec 2025 r. wynosi\u0142a 469 mln euro, a tamtejszy oddzia\u0142 generowa\u0142 zyski.<\/p>\n<p class=\"article_p\" data-section=\"detail-body\">Informacja o utracie kontroli nad rosyjskimi zak\u0142adami spowodowa\u0142a spadek akcji Rockwool na gie\u0142dzie w Kopenhadze o 8-12 proc.<\/p>\n<p class=\"article_p\" data-section=\"detail-body\">Zobacz te\u017c: <a href=\"https:\/\/businessinsider.com.pl\/gospodarka\/referendum-zmienilo-historie-grenlandii-oto-jak-wyspa-opuscila-ewg\/mphxggk\" id=\"ef6be113-809f-4241-87ca-5c7af8c17ea4\" rel=\"nofollow noopener\" target=\"_blank\">Grenlandia a Unia Europejska. Wyspiarze chcieli broni\u0107 swoich zasob\u00f3w<\/a><\/p>\n<p>        Rockwool. Co to a firma?<\/p>\n<p class=\"article_p\" data-section=\"detail-body\">Grupa Rockwool zatrudnia ponad 11 tys. pracownik\u00f3w na ca\u0142ym \u015bwiecie. &#8222;Nasze biura i zak\u0142ady dzia\u0142aj\u0105 w 46 krajach na 5 kontynentach&#8221; \u2014 czytamy na stronie internetowej firmy. Centrala mie\u015bci si\u0119 w Hedehusene w Danii, niedaleko Kopenhagi.<\/p>\n<p class=\"article_p\" data-section=\"detail-body\">W Polsce Rockwool dzia\u0142a w dw\u00f3ch lokalizacjach: w Cigacicach (ko\u0142o Zielonej G\u00f3ry) oraz w Ma\u0142kini (w pobli\u017cu Ostrowi Mazowieckiej).<\/p>\n<p class=\"article_p\" data-section=\"detail-body\">Zobacz te\u017c: <a href=\"https:\/\/businessinsider.com.pl\/wiadomosci\/europejskie-wojska-na-grenlandii-dunscy-politycy-koniec-z-ulegloscia\/yprlx34\" id=\"057b66d8-c16a-4cc8-ad6f-b2efcc566eac\" rel=\"nofollow noopener\" target=\"_blank\">Kontyngent z Europy na Grenlandii? Tego chc\u0105 du\u0144scy politycy<\/a><\/p>\n","protected":false},"excerpt":{"rendered":"Rockwool posiada oddzia\u0142y w wielu krajach, w tym dwa zak\u0142ady w Polsce. Produkty firmy wykorzystywane by\u0142y m.in. przy&hellip;\n","protected":false},"author":2,"featured_media":202537,"comment_status":"","ping_status":"","sticky":false,"template":"","format":"standard","meta":{"footnotes":""},"categories":[5],"tags":[32,33,36,37,27,34,35,28,31,25,42,38,40,39,41,29,30,26],"class_list":{"0":"post-202536","1":"post","2":"type-post","3":"status-publish","4":"format-standard","5":"has-post-thumbnail","7":"category-naglowki","8":"tag-breaking-news","9":"tag-breakingnews","10":"tag-featured-news","11":"tag-featurednews","12":"tag-headlines","13":"tag-latest-news","14":"tag-latestnews","15":"tag-naglowki","16":"tag-najwazniejsze-artykuly","17":"tag-news","18":"tag-pl","19":"tag-poland","20":"tag-polish","21":"tag-polska","22":"tag-polski","23":"tag-top-stories","24":"tag-topstories","25":"tag-wiadomosci"},"share_on_mastodon":{"url":"https:\/\/pubeurope.com\/@pl\/115889799717790920","error":""},"_links":{"self":[{"href":"https:\/\/www.europesays.com\/pl\/wp-json\/wp\/v2\/posts\/202536","targetHints":{"allow":["GET"]}}],"collection":[{"href":"https:\/\/www.europesays.com\/pl\/wp-json\/wp\/v2\/posts"}],"about":[{"href":"https:\/\/www.europesays.com\/pl\/wp-json\/wp\/v2\/types\/post"}],"author":[{"embeddable":true,"href":"https:\/\/www.europesays.com\/pl\/wp-json\/wp\/v2\/users\/2"}],"replies":[{"embeddable":true,"href":"https:\/\/www.europesays.com\/pl\/wp-json\/wp\/v2\/comments?post=202536"}],"version-history":[{"count":0,"href":"https:\/\/www.europesays.com\/pl\/wp-json\/wp\/v2\/posts\/202536\/revisions"}],"wp:featuredmedia":[{"embeddable":true,"href":"https:\/\/www.europesays.com\/pl\/wp-json\/wp\/v2\/media\/202537"}],"wp:attachment":[{"href":"https:\/\/www.europesays.com\/pl\/wp-json\/wp\/v2\/media?parent=202536"}],"wp:term":[{"taxonomy":"category","embeddable":true,"href":"https:\/\/www.europesays.com\/pl\/wp-json\/wp\/v2\/categories?post=202536"},{"taxonomy":"post_tag","embeddable":true,"href":"https:\/\/www.europesays.com\/pl\/wp-json\/wp\/v2\/tags?post=202536"}],"curies":[{"name":"wp","href":"https:\/\/api.w.org\/{rel}","templated":true}]}}