{"id":202590,"date":"2026-01-13T21:25:08","date_gmt":"2026-01-13T21:25:08","guid":{"rendered":"https:\/\/www.europesays.com\/pl\/202590\/"},"modified":"2026-01-13T21:25:08","modified_gmt":"2026-01-13T21:25:08","slug":"potezny-atak-na-energetyke-polski-gawkowski-rosyjski-sabotaz-mial-doprowadzic-do-blackoutu","status":"publish","type":"post","link":"https:\/\/www.europesays.com\/pl\/202590\/","title":{"rendered":"Pot\u0119\u017cny atak na energetyk\u0119 Polski. Gawkowski: Rosyjski sabota\u017c mia\u0142 doprowadzi\u0107 do blackoutu"},"content":{"rendered":"<p>2026-01-13 19:30, akt.2026-01-13 20:25<\/p>\n<p>publikacja<br \/>2026-01-13 19:30<\/p>\n<p>aktualizacja<br \/>2026-01-13 20:25<\/p>\n<p>Podziel si\u0119<\/p>\n<p>Wszystko wskazuje na to, \u017ce grudniowe nieudane ataki na infrastruktur\u0119 energetyczn\u0105 to rosyjski sabota\u017c, kt\u00f3ry mia\u0142 zdestabilizowa\u0107 sytuacj\u0119 w Polsce &#8211; przekaza\u0142 we wtorek wicepremier i minister cyfryzacji Krzysztof Gawkowski. Doda\u0142, \u017ce celem atak\u00f3w by\u0142o doprowadzenie do blackoutu.<\/p>\n<p><img decoding=\"async\" class=\"o-graphics-multiobject__inner-blurry-picture-img\" src=\"https:\/\/www.europesays.com\/pl\/wp-content\/uploads\/2026\/01\/2ea38f9463cdbb-948-568-0-124-1872-1123.jpg\" width=\"948\" height=\"568\" alt=\"Pot\u0119\u017cny atak na energetyk\u0119 Polski. Gawkowski: Rosyjski sabota\u017c mia\u0142 doprowadzi\u0107 do blackoutu\" loading=\"lazy\"\/><img decoding=\"async\" class=\"o-graphics-multiobject__item webfeedsFeaturedVisual\" src=\"https:\/\/www.europesays.com\/pl\/wp-content\/uploads\/2026\/01\/2ea38f9463cdbb-948-568-0-124-1872-1123.jpg\" width=\"948\" height=\"568\" alt=\"Pot\u0119\u017cny atak na energetyk\u0119 Polski. Gawkowski: Rosyjski sabota\u017c mia\u0142 doprowadzi\u0107 do blackoutu\" loading=\"lazy\"\/>fot. KPRM \/ \/\u00a0Kancelaria Prezesa Rady Ministr\u00f3w<\/p>\n<p>Minister energii Mi\u0142osz Motyka poinformowa\u0142 wcze\u015bniej, \u017ce w ostatnich dniach 2025 r. dosz\u0142o do nieudanego ataku cybernetycznego na szereg instalacji produkuj\u0105cych energi\u0119 elektryczn\u0105.<\/p>\n<p>&#8211; Wszystko wskazuje na to, \u017ce mamy do czynienia z rosyjskim sabota\u017cem, bo to trzeba nazywa\u0107 po imieniu, kt\u00f3ry mia\u0142 zdestabilizowa\u0107 sytuacj\u0119 w Polsce &#8211; powiedzia\u0142 w Radio RMF FM Gawkowski.<\/p>\n<p>Doda\u0142, \u017ce \u201emamy dobrze przygotowane instytucje\u201d, w zwi\u0105zku z czym \u201enie nale\u017cy panikowa\u0107\u201d.<\/p>\n<p>Cel: Destabilizacja i ciemno\u015b\u0107<\/p>\n<blockquote>\n<p>To by\u0142 najwi\u0119kszy od lat atak na infrastruktur\u0119 energetyczn\u0105 z jasnym celem: doprowadzi\u0107 do blackoutu &#8211; zaznaczy\u0142 Gawkowski.<\/p>\n<\/blockquote>\n<p>Jak poinformowa\u0142 Motyka, pod koniec grudnia dosz\u0142o w Polsce do pr\u00f3by zak\u0142\u00f3cenia komunikacji mi\u0119dzy instalacjami wytw\u00f3rczymi a operatorami sieci. Obiektem ataku by\u0142a jedna elektrociep\u0142ownia oraz wiele pojedynczych \u017ar\u00f3de\u0142 OZE w ca\u0142ym kraju.<\/p>\n<p>&#8211; Takiego typu atak\u00f3w jeszcze nie by\u0142o. Atak si\u0119 nie powi\u00f3d\u0142, ale by\u0142 gro\u017any. Po raz pierwszy zaatakowano w tym samym momencie w r\u00f3\u017cnych miejscach. Uda\u0142o si\u0119 skutecznie zareagowa\u0107 &#8211; podkre\u015bli\u0142 minister energii.<\/p>\n<p>W ubieg\u0142ym tygodniu minister energii przekaza\u0142 te\u017c, \u017ce w zwi\u0105zku z powtarzaj\u0105cymi si\u0119 cyberatakami, w roku 2026 resort b\u0119dzie wi\u0119cej inwestowa\u0142 oraz modernizowa\u0142 polsk\u0105 infrastruktur\u0119 energetyczn\u0105 w sferze cybernetycznej, by \u201eodpiera\u0107 te ataki jeszcze skuteczniej\u201d.<\/p>\n<p>Inwestycje w obron\u0119 i zatrzymanie hakera<\/p>\n<p>W ubieg\u0142\u0105 \u015brod\u0119 Centralne Biuro Zwalczania Cyberprzest\u0119pczo\u015bci (CBZC) poinformowa\u0142o w komunikacie prasowym o zatrzymaniu mieszka\u0144ca Szczecina podejrzanego o prze\u0142amywanie zabezpiecze\u0144 informatycznych \u201ejednej z najwi\u0119kszych sp\u00f3\u0142ek energetycznych w kraju\u201d i ingerencj\u0119 w zawarte tam dane.<\/p>\n<p>Podczas dzia\u0142a\u0144 operacyjnych \u015bledczy z CBZC w Krakowie ustalili, \u017ce na prze\u0142omie sierpnia i wrze\u015bnia 2025 roku, m\u0119\u017cczyzna wielokrotnie atakowa\u0142 chronione systemy. Dotyczy to r\u00f3wnie\u017c infrastruktury informatycznej jednej z najwi\u0119kszych sp\u00f3\u0142ek energetycznych w Polsce.<\/p>\n<p>CBZC poda\u0142o, \u017ce podejrzany, dzia\u0142aj\u0105c bez uprawnie\u0144, ingerowa\u0142 w dane klient\u00f3w, modyfikowa\u0142 numery ich rachunk\u00f3w bankowych i wprowadza\u0142 zmienione informacje do systemu, tak by wygl\u0105da\u0142y na autentyczne. W rezultacie na wskazane przez niego konta trafia\u0142y \u015brodki z tytu\u0142u nadp\u0142at.<\/p>\n<p>Wed\u0142ug przekazanych przez CBZC informacji, w grudniu podejrzany zosta\u0142 doprowadzony do Prokuratury Rejonowej w Krakowie, gdzie us\u0142ysza\u0142 zarzuty. M\u0119\u017cczyzna przyzna\u0142 si\u0119 do zarzucanych mu czyn\u00f3w i z\u0142o\u017cy\u0142 obszerne wyja\u015bnienia. Grozi mu do pi\u0119ciu lat pozbawienia wolno\u015bci. (PAP)<\/p>\n<p>mbl\/   malk\/<\/p>\n","protected":false},"excerpt":{"rendered":"2026-01-13 19:30, akt.2026-01-13 20:25 publikacja2026-01-13 19:30 aktualizacja2026-01-13 20:25 Podziel si\u0119 Wszystko wskazuje na to, \u017ce grudniowe nieudane ataki&hellip;\n","protected":false},"author":2,"featured_media":202591,"comment_status":"","ping_status":"","sticky":false,"template":"","format":"standard","meta":{"footnotes":""},"categories":[12],"tags":[32,33,36,37,27,34,35,28,31,25,42,38,40,39,41,29,30,26],"class_list":{"0":"post-202590","1":"post","2":"type-post","3":"status-publish","4":"format-standard","5":"has-post-thumbnail","7":"category-polska","8":"tag-breaking-news","9":"tag-breakingnews","10":"tag-featured-news","11":"tag-featurednews","12":"tag-headlines","13":"tag-latest-news","14":"tag-latestnews","15":"tag-naglowki","16":"tag-najwazniejsze-artykuly","17":"tag-news","18":"tag-pl","19":"tag-poland","20":"tag-polish","21":"tag-polska","22":"tag-polski","23":"tag-top-stories","24":"tag-topstories","25":"tag-wiadomosci"},"share_on_mastodon":{"url":"https:\/\/pubeurope.com\/@pl\/115889905629531458","error":""},"_links":{"self":[{"href":"https:\/\/www.europesays.com\/pl\/wp-json\/wp\/v2\/posts\/202590","targetHints":{"allow":["GET"]}}],"collection":[{"href":"https:\/\/www.europesays.com\/pl\/wp-json\/wp\/v2\/posts"}],"about":[{"href":"https:\/\/www.europesays.com\/pl\/wp-json\/wp\/v2\/types\/post"}],"author":[{"embeddable":true,"href":"https:\/\/www.europesays.com\/pl\/wp-json\/wp\/v2\/users\/2"}],"replies":[{"embeddable":true,"href":"https:\/\/www.europesays.com\/pl\/wp-json\/wp\/v2\/comments?post=202590"}],"version-history":[{"count":0,"href":"https:\/\/www.europesays.com\/pl\/wp-json\/wp\/v2\/posts\/202590\/revisions"}],"wp:featuredmedia":[{"embeddable":true,"href":"https:\/\/www.europesays.com\/pl\/wp-json\/wp\/v2\/media\/202591"}],"wp:attachment":[{"href":"https:\/\/www.europesays.com\/pl\/wp-json\/wp\/v2\/media?parent=202590"}],"wp:term":[{"taxonomy":"category","embeddable":true,"href":"https:\/\/www.europesays.com\/pl\/wp-json\/wp\/v2\/categories?post=202590"},{"taxonomy":"post_tag","embeddable":true,"href":"https:\/\/www.europesays.com\/pl\/wp-json\/wp\/v2\/tags?post=202590"}],"curies":[{"name":"wp","href":"https:\/\/api.w.org\/{rel}","templated":true}]}}