{"id":202606,"date":"2026-01-13T21:33:09","date_gmt":"2026-01-13T21:33:09","guid":{"rendered":"https:\/\/www.europesays.com\/pl\/202606\/"},"modified":"2026-01-13T21:33:09","modified_gmt":"2026-01-13T21:33:09","slug":"zona-bartosza-kurka-trafila-do-szpitala-pokazala-zdjecie-przeglad-sportowy-onet","status":"publish","type":"post","link":"https:\/\/www.europesays.com\/pl\/202606\/","title":{"rendered":"\u017bona Bartosza Kurka trafi\u0142a do szpitala. Pokaza\u0142a zdj\u0119cie &#8211; Przegl\u0105d Sportowy Onet"},"content":{"rendered":"<ol>\n<li><a href=\"https:\/\/news.google.com\/rss\/articles\/CBMipwFBVV95cUxQRUQyeFhWQ3Z6ck0yU3NId1BteEE5UGk2THVyenplWllteDBpWjV3SWxyMHNyWTdNUXRvSkpkY2RpOURZQjZfblpiYnlITVNDT2ZCY3ZTRVZIVW5Qdl9TSVpxZWdGS2RtOTVqc1NIelFxZ25lU0g0QVhTamdJSXlOY1lWeW1QVjFhMVB1cm9BWElNdzdWRE1FakZPZDg2N1BPaUp0dFVZUQ?oc=5\" target=\"_blank\" rel=\"nofollow noopener\">\u017bona Bartosza Kurka trafi\u0142a do szpitala. Pokaza\u0142a zdj\u0119cie<\/a>&nbsp;&nbsp;Przegl\u0105d Sportowy Onet<\/li>\n<li><a href=\"https:\/\/news.google.com\/rss\/articles\/CBMi2wFBVV95cUxNYlEzQUUwanZ1OVh0MmFBb0hCc3phQWhITEg2bTQ4dEpNakMtV3QwdVlXa1FCbnZ3aE02eUNxaG5RdjZrSmVDMjBqRTVzQ2hhTnJ0RHBiV3RISXRZOG1KVzRHSTNNc3J0Z0diUXZ3M2xFNzFZdzVHT0MwZ0pJUDZaTE43Y2VPelpRUWhBZzRXV080c2lWQ3ZiSTNCbVNaOGdHenItdkQ1UlhzbEFCQkFpSE9hMmlldUpXS0FQNHZGSndsdG9ia0Z0c0VrUTR4U0NKdWoyVEFWRnBrb00?oc=5\" target=\"_blank\" rel=\"nofollow noopener\">Anna Kurek pokaza\u0142a zdj\u0119cie ze szpitala w Tokio<\/a>&nbsp;&nbsp;Pudelek<\/li>\n<li><a href=\"https:\/\/news.google.com\/rss\/articles\/CBMitwFBVV95cUxORU91alJZZEY2ZmhWNWw1ZlVMdWdzUzU1SkwtNHFBVXplaEFnUEJmU3hXSmM4WXJ0RVNLcWtHcHUtXzFsOFplYkttZkF1ZEh2VTdtWFhvWWRpU3R1ZTl2dWxkd1BaaG1tX0VKcXMtT1I3R2J5M2JBUTd5RjZkMEVlMmoxZGdLT3d3dTRya3FQc1lkQ2tTODJRbzR0bDBPYkJLUzIyaUVvMzRKV2pIWW9zQmRTOUFZNGM?oc=5\" target=\"_blank\" rel=\"nofollow noopener\">Anna Kurek w szpitalu w Japonii. Co si\u0119 sta\u0142o?<\/a>&nbsp;&nbsp;SportoweFakty<\/li>\n<li><a href=\"https:\/\/news.google.com\/rss\/articles\/CBMiqAFBVV95cUxNSWI1RDhGWUNLbjdyRVdRRGhoUXR4SFg1WXF3Q1dQemx0U2ZJUlNyWHlKQVFDT014ZW5MQ0Ffb0xRYWZ1dnQzNHdhUjNMYVVoOTlSNTVXc3lpT21WUUc1N1VyTGJQdHF4Y2Y4Smx6b1ZJUWdmRTZaYnhnSktlZmlCcnpUY3dhLTVvV1M4RzZQRHNZX0gydXdLVWFSMVpoR3lMYkt5cmFwdHc?oc=5\" target=\"_blank\" rel=\"nofollow noopener\">Anna Kurek trafi\u0142a do szpitala. Co ze zdrowiem \u017cony Bartosza Kurka?<\/a>&nbsp;&nbsp;Fakt<\/li>\n<li><a href=\"https:\/\/news.google.com\/rss\/articles\/CBMiuAFBVV95cUxNOUtZTHNydTVRU25HTXIwN1FzaTJPR05sNWY4RGlmNTNmbjlaY2FDWVFJb0YwdmtyUTViY0p1VFFuUkphNDdGMmZ4b3BSSXU5ZFFES3lFLTBjWGNkNC1qZ294RGFVR1FsN1h3YWR3ZFBaVzVZcmQ2cndPb1h5TlZKU0FwUi1KdWVrR3dkcmlkNlVFOXo4bjNiUTdSX2ItS1V1TkZ4WkVTUUQwVlRXNy1aYjBSdVpPckll?oc=5\" target=\"_blank\" rel=\"nofollow noopener\">Niepokoj\u0105ce zdj\u0119cie \u017cony Bartosza Kurka. Nada\u0142a komunikat ze szpitalnego \u0142\u00f3\u017cka<\/a>&nbsp;&nbsp;Sport w INTERIA.PL<\/li>\n<\/ol>\n","protected":false},"excerpt":{"rendered":"\u017bona Bartosza Kurka trafi\u0142a do szpitala. Pokaza\u0142a zdj\u0119cie&nbsp;&nbsp;Przegl\u0105d Sportowy Onet Anna Kurek pokaza\u0142a zdj\u0119cie ze szpitala w Tokio&nbsp;&nbsp;Pudelek&hellip;\n","protected":false},"author":2,"featured_media":202607,"comment_status":"","ping_status":"","sticky":false,"template":"","format":"standard","meta":{"footnotes":"","_share_on_mastodon":"0"},"categories":[5],"tags":[36737,1012,32,33,36,37,27,8504,67,706,34,35,28,31,25,129,42,38,40,39,41,136,128,47,131,655,29,30,26,130],"class_list":["post-202606","post","type-post","status-publish","format-standard","has-post-thumbnail","category-naglowki","tag-anna_kurek","tag-bartosz_kurek","tag-breaking-news","tag-breakingnews","tag-featured-news","tag-featurednews","tag-headlines","tag-instagram","tag-intextvideo_splayer","tag-japonia","tag-latest-news","tag-latestnews","tag-naglowki","tag-najwazniejsze-artykuly","tag-news","tag-ofsajd","tag-pl","tag-poland","tag-polish","tag-polska","tag-polski","tag-ps_detal_new","tag-psv2","tag-screening_general","tag-siatkowka","tag-styl_zycia_lifestyle_","tag-top-stories","tag-topstories","tag-wiadomosci","tag-wiadomosci_sportowe"],"share_on_mastodon":{"url":"https:\/\/pubeurope.com\/@pl\/115889937095924634","error":""},"_links":{"self":[{"href":"https:\/\/www.europesays.com\/pl\/wp-json\/wp\/v2\/posts\/202606","targetHints":{"allow":["GET"]}}],"collection":[{"href":"https:\/\/www.europesays.com\/pl\/wp-json\/wp\/v2\/posts"}],"about":[{"href":"https:\/\/www.europesays.com\/pl\/wp-json\/wp\/v2\/types\/post"}],"author":[{"embeddable":true,"href":"https:\/\/www.europesays.com\/pl\/wp-json\/wp\/v2\/users\/2"}],"replies":[{"embeddable":true,"href":"https:\/\/www.europesays.com\/pl\/wp-json\/wp\/v2\/comments?post=202606"}],"version-history":[{"count":0,"href":"https:\/\/www.europesays.com\/pl\/wp-json\/wp\/v2\/posts\/202606\/revisions"}],"wp:featuredmedia":[{"embeddable":true,"href":"https:\/\/www.europesays.com\/pl\/wp-json\/wp\/v2\/media\/202607"}],"wp:attachment":[{"href":"https:\/\/www.europesays.com\/pl\/wp-json\/wp\/v2\/media?parent=202606"}],"wp:term":[{"taxonomy":"category","embeddable":true,"href":"https:\/\/www.europesays.com\/pl\/wp-json\/wp\/v2\/categories?post=202606"},{"taxonomy":"post_tag","embeddable":true,"href":"https:\/\/www.europesays.com\/pl\/wp-json\/wp\/v2\/tags?post=202606"}],"curies":[{"name":"wp","href":"https:\/\/api.w.org\/{rel}","templated":true}]}}