{"id":202621,"date":"2026-01-13T21:41:10","date_gmt":"2026-01-13T21:41:10","guid":{"rendered":"https:\/\/www.europesays.com\/pl\/202621\/"},"modified":"2026-01-13T21:41:10","modified_gmt":"2026-01-13T21:41:10","slug":"pogon-miala-dlugi-na-ponad-70-mln-zl-nie-do-wiary-co-zrobil-haditaghi","status":"publish","type":"post","link":"https:\/\/www.europesays.com\/pl\/202621\/","title":{"rendered":"Pogo\u0144 mia\u0142a d\u0142ugi na ponad 70 mln z\u0142! Nie do wiary, co zrobi\u0142 Haditaghi"},"content":{"rendered":"<p class=\"art_paragraph\">Alex Haditaghi przewodzi Pogoni Szczecin od 10 miesi\u0119cy. Przej\u0119cie klubu z r\u0105k Jaros\u0142awa Mroczka przebieg\u0142o w dramatyczny spos\u00f3b. Liczne zwroty akcji mog\u0142y sugerowa\u0107, \u017ce Kanadyjczyk ostatecznie nie b\u0119dzie prowadzi\u0107 szczeci\u0144skiego klubu, ale ostatecznie w <a href=\"https:\/\/www.sport.pl\/marca#anchorLink\" rel=\"nofollow noopener\" target=\"_blank\">marcu<\/a> 2025 roku transakcja zosta\u0142a przeprowadzona.<\/p>\n<p>\n    Zobacz wideo Jak zagra Legia na wiosn\u0119? Papszun: B\u0119dziemy walczy\u0107 o \u017cycie\n  <\/p>\n<p class=\"art_paragraph\">Haditaghi zapowiada\u0142, \u017ce znajduj\u0105ca si\u0119 w tragicznej sytuacji Pogo\u0144 zostanie wyprowadzona na prost\u0105. Ca\u0142e zad\u0142u\u017cenie zostanie sp\u0142acone, a on sam prowadzi\u0107 b\u0119dzie klub w spos\u00f3b transparentny, regularnie informuj\u0105c o kolejnych wa\u017cnych wydarzeniach zwi\u0105zanych z jego dzia\u0142alno\u015bci\u0105.<\/p>\n<p> Alex Haditaghi og\u0142asza. &#8222;Wspania\u0142a informacja&#8221;<\/p>\n<p class=\"art_paragraph\">Po czasie mo\u017cna uzna\u0107, \u017ce Kanadyjczyk ira\u0144skiego pochodzenia nie rzuca\u0142 s\u0142\u00f3w na wiatr. W swoim najnowszym komunikacie umieszczonym na Twitterze Alex Haditaghi og\u0142osi\u0142, \u017ce kolejny wierzyciel zosta\u0142 w pe\u0142ni sp\u0142acony. &#8222;Zgodnie z moim zobowi\u0105zaniem do pe\u0142nej transparentno\u015bci w klubie, chc\u0119 podzieli\u0107 si\u0119 kolejn\u0105 wspania\u0142\u0105 i pozytywn\u0105 informacj\u0105. Kilka dni temu ca\u0142a kwota zad\u0142u\u017cenia wobec Fabryki Papieru Kaczory Sp. z o.o., w wysoko\u015bci 7 083 000 z\u0142otych, zosta\u0142a w pe\u0142ni sp\u0142acona, \u0142\u0105cznie z odsetkami&#8221; &#8211; czytamy.<\/p>\n<p class=\"art_paragraph\">Zobacz te\u017c:\u00a0<a href=\"https:\/\/www.sport.pl\/pilka\/7,65082,32525980,nowy-trener-realu-madryt-przemowil-jasne-przeslanie-do-gwiazd.html\" class=\"art_link\" rel=\"dofollow noopener\" target=\"_blank\">Nowy trener Realu Madryt przem\u00f3wi\u0142. Jasne przes\u0142anie do gwiazd<\/a><\/p>\n<p class=\"art_paragraph\">Haditaghi potwierdzi\u0142, \u017ce klub znajdowa\u0142 si\u0119 w fatalnym po\u0142o\u017ceniu, jednak teraz sytuacja jest ju\u017c niemal wzorowa. &#8222;Wszystkie po\u017cyczki, d\u0142ugi i zobowi\u0105zania wynosi\u0142y ok. 72-74 miliony z\u0142otych. Z nich wszystkich jedynym pozosta\u0142ym zobowi\u0105zaniem pozosta\u0142 d\u0142ug wobec firmy Koz\u0142owski Toyota, kt\u00f3rego cz\u0119\u015b\u0107 ju\u017c zosta\u0142a sp\u0142acona. Mamy zamiar uregulowa\u0107 ca\u0142\u0105 kwot\u0119 w najbli\u017cszych miesi\u0105cach&#8221;.\u00a0<\/p>\n<p> Alex Haditaghi dzi\u0119kuje kibicom<\/p>\n<p class=\"art_paragraph\">&#8222;Jeste\u015bmy dzi\u015b w najlepszym po\u0142o\u017ceniu od dekad. W pe\u0142ni doceniam fantastyczne wsparcie, kt\u00f3re otrzymujemy od kibic\u00f3w Pogoni. Dzi\u0119kuj\u0119 za to, \u017ce nie zw\u0105tpili\u015bcie i wci\u0105\u017c ufacie!&#8221; &#8211; zako\u0144czy\u0142 swoje o\u015bwiadczenie Alex Haditaghi.<\/p>\n<p class=\"art_paragraph\">Jeden z kibic\u00f3w zapyta\u0142 Kanadyjczyka o dok\u0142adn\u0105 kwot\u0119 pozosta\u0142\u0105 do sp\u0142aty ostatniemu wierzycielowi. &#8222;2 miliony z\u0142otych&#8221; &#8211; odpisa\u0142 w\u0142a\u015bciciel Pogoni. W powi\u0105zaniu z informacj\u0105 o pierwotnych zobowi\u0105zaniach oznacza to, \u017ce klub uregulowa\u0142 ju\u017c przesz\u0142o 95% swojego zad\u0142u\u017cenia.<\/p>\n<p class=\"art_paragraph\">Pogo\u0144 Szczecin zajmuje 10. miejsce w tabeli Ekstraklasy, ale nad stref\u0105 spadkow\u0105 ma zaledwie punkt przewagi. Pierwszy <a href=\"https:\/\/www.sport.pl\/mecz#anchorLink\" rel=\"nofollow noopener\" target=\"_blank\">mecz<\/a> w rundzie wiosennej podopieczni Thomasa Thomasberga rozegraj\u0105 w <a href=\"https:\/\/www.sport.pl\/motor-lublin#anchorLink\" rel=\"nofollow noopener\" target=\"_blank\">Lublinie<\/a>. Spotkanie z <a href=\"https:\/\/www.sport.pl\/motor-lublin#anchorLink\" rel=\"nofollow noopener\" target=\"_blank\">Motorem<\/a> zaplanowane jest na 1 lutego.<\/p>\n","protected":false},"excerpt":{"rendered":"Alex Haditaghi przewodzi Pogoni Szczecin od 10 miesi\u0119cy. Przej\u0119cie klubu z r\u0105k Jaros\u0142awa Mroczka przebieg\u0142o w dramatyczny spos\u00f3b.&hellip;\n","protected":false},"author":2,"featured_media":202622,"comment_status":"","ping_status":"","sticky":false,"template":"","format":"standard","meta":{"footnotes":""},"categories":[24],"tags":[42,38,40,39,41,127,126],"class_list":{"0":"post-202621","1":"post","2":"type-post","3":"status-publish","4":"format-standard","5":"has-post-thumbnail","7":"category-sport","8":"tag-pl","9":"tag-poland","10":"tag-polish","11":"tag-polska","12":"tag-polski","13":"tag-sport","14":"tag-sports"},"share_on_mastodon":{"url":"https:\/\/pubeurope.com\/@pl\/115889968794802532","error":""},"_links":{"self":[{"href":"https:\/\/www.europesays.com\/pl\/wp-json\/wp\/v2\/posts\/202621","targetHints":{"allow":["GET"]}}],"collection":[{"href":"https:\/\/www.europesays.com\/pl\/wp-json\/wp\/v2\/posts"}],"about":[{"href":"https:\/\/www.europesays.com\/pl\/wp-json\/wp\/v2\/types\/post"}],"author":[{"embeddable":true,"href":"https:\/\/www.europesays.com\/pl\/wp-json\/wp\/v2\/users\/2"}],"replies":[{"embeddable":true,"href":"https:\/\/www.europesays.com\/pl\/wp-json\/wp\/v2\/comments?post=202621"}],"version-history":[{"count":0,"href":"https:\/\/www.europesays.com\/pl\/wp-json\/wp\/v2\/posts\/202621\/revisions"}],"wp:featuredmedia":[{"embeddable":true,"href":"https:\/\/www.europesays.com\/pl\/wp-json\/wp\/v2\/media\/202622"}],"wp:attachment":[{"href":"https:\/\/www.europesays.com\/pl\/wp-json\/wp\/v2\/media?parent=202621"}],"wp:term":[{"taxonomy":"category","embeddable":true,"href":"https:\/\/www.europesays.com\/pl\/wp-json\/wp\/v2\/categories?post=202621"},{"taxonomy":"post_tag","embeddable":true,"href":"https:\/\/www.europesays.com\/pl\/wp-json\/wp\/v2\/tags?post=202621"}],"curies":[{"name":"wp","href":"https:\/\/api.w.org\/{rel}","templated":true}]}}