{"id":202623,"date":"2026-01-13T21:42:10","date_gmt":"2026-01-13T21:42:10","guid":{"rendered":"https:\/\/www.europesays.com\/pl\/202623\/"},"modified":"2026-01-13T21:42:10","modified_gmt":"2026-01-13T21:42:10","slug":"byly-partner-janji-lesar-pokazal-zdjecie-z-treningu-to-ona-z-nim-teraz-tanczy","status":"publish","type":"post","link":"https:\/\/www.europesays.com\/pl\/202623\/","title":{"rendered":"By\u0142y partner Janji Lesar pokaza\u0142 zdj\u0119cie z treningu. To ona z nim teraz ta\u0144czy"},"content":{"rendered":"<p class=\"ods-c-paragraph \">W ostatnich tygodniach pojawia\u0142o si\u0119 wiele pyta\u0144 o \u017cycie uczuciowe Janji Lesar. W rozmowie z Kozaczkiem tancerka potwierdzi\u0142a to, o czym w kuluarach m\u00f3wi\u0142o si\u0119 ju\u017c od d\u0142u\u017cszego czasu. Jej zwi\u0105zek z Krzysztofem Hulbojem nale\u017cy ju\u017c do przesz\u0142o\u015bci. Jak wyja\u015bni\u0142a w\u00f3wczas, po raz pierwszy w \u017cyciu chce <a href=\"https:\/\/plejada.pl\/newsy\/janja-lesar-potwierdzila-rozstanie-mowi-co-naprawde-laczy-ja-z-zillmann\/36byzcm\" id=\"31d45ecc-35f5-4d8d-b240-11c0fe2c5275\" rel=\"nofollow noopener\" target=\"_blank\">\u015bwiadomie poby\u0107 sama<\/a> i ws\u0142ucha\u0107 si\u0119 we w\u0142asne potrzeby.<\/p>\n<p class=\"ods-c-paragraph \">Polecamy:<a href=\"https:\/\/plejada.pl\/newsy\/janja-lesar-zaskoczyla-wyznaniem-wspomniala-o-epizodzie-z-kobietami\/636d7vr\" id=\"13b5cf01-a7a9-4de1-a682-b16f72111c2f\" rel=\"nofollow noopener\" target=\"_blank\"> Janja Lesar zaskoczy\u0142a wyznaniem. Wspomnia\u0142a o &#8222;epizodzie z kobietami&#8221;<\/a><\/p>\n<p class=\"ods-c-paragraph \">Katarzyna Zillmann i Janja Lesar cz\u0119sto publikuj\u0105 nagrania z sali tanecznej. <a href=\"https:\/\/plejada.pl\/wideo\/katarzyna-zillmann-o-wspolnym-czasie-z-janja-lesar-cos-tworzymy\/5wt19mc\" id=\"b8b406f3-04f2-4233-993b-1d4832e63e2a\" rel=\"nofollow noopener\" target=\"_blank\">Zapytali\u015bmy, do czego si\u0119 przygotowuj\u0105.<\/a><\/p>\n<blockquote class=\"ods-o-quota\">\n<p class=\"ods-o-quota__paragraph\">Teraz zata\u0144czymy na Sikelii, czyli to jest pro-amowy turniej organizowany przez Stefano Terrazzino \u2014 nie b\u0119dziemy bra\u0107 udzia\u0142u w tym turnieju, tylko b\u0119dziemy robi\u0107 pokaz. Bra\u0142y\u015bmy udzia\u0142 w teledysku \u2014 mo\u017ce jeszcze jaki\u015b jeden si\u0119 szykuje. Co\u015b tworzymy. Bardzo jestem zadowolona z tego, \u017ce Janja dalej chce ze mn\u0105 ta\u0144czy\u0107. Jestem zaszczycona<\/p>\n<\/blockquote>\n<p class=\"ods-c-paragraph \">\u2014 opowiedzia\u0142a sportsmenka.<\/p>\n<p>Dalszy ci\u0105g artyku\u0142u pod materia\u0142em wideo<\/p>\n<p> Kto jest now\u0105 partnerk\u0105 Krzysztofa Hulboja? <\/p>\n<p> Jaka relacja panuje mi\u0119dzy Katarzyn\u0105 Zillmann a Janj\u0105 Lesar? <\/p>\n<p> Gdzie b\u0119d\u0105 ta\u0144czy\u0107 Katarzyna Zillmann i Janja Lesar? <\/p>\n<p> Dlaczego Janja Lesar postanowi\u0142a by\u0107 sama? <\/p>\n<p>  By\u0142y partner Janji Lesar wraca na parkiet<\/p>\n<p class=\"ods-c-paragraph \">Na taneczny parkiet wr\u00f3ci\u0142 r\u00f3wnie\u017c by\u0142y partner Janji Lesar. Choreograf zamie\u015bci\u0142 w mediach spo\u0142eczno\u015bciowych sugestywne zdj\u0119cie z <a href=\"https:\/\/plejada.pl\/temat\/agnieszka-sienkiewicz\/yv13vgs\" id=\"da039685-c332-4301-8f38-528fd4d3091d\" rel=\"nofollow noopener\" target=\"_blank\">Agnieszk\u0105 Sienkiewicz<\/a>.<\/p>\n<blockquote class=\"ods-o-quota\">\n<p class=\"ods-o-quota__paragraph\">Powr\u00f3t na sal\u0119. Dla siebie, dla przyjemno\u015bci, dla cia\u0142a i ducha<\/p>\n<\/blockquote>\n<p class=\"ods-c-paragraph \">\u2014 napisa\u0142a aktorka.<\/p>\n<p class=\"ods-c-paragraph \">Polecamy: <a href=\"https:\/\/plejada.pl\/newsy\/agnieszka-sienkiewicz-mocno-o-reklamie-z-udzialem-adama-woronowicza-przykro\/lqfw79q\" id=\"40bf3b9a-7986-4513-9691-af4ccdbfac9a\" rel=\"nofollow noopener\" target=\"_blank\">Agnieszka Sienkiewicz mocno o reklamie z udzia\u0142em Adama Woronowicza. &#8222;Przykro&#8221;<\/a><\/p>\n<p class=\"ods-c-paragraph \">Dzi\u0119kujemy, \u017ce przeczyta\u0142a\u015b\/e\u015b nasz artyku\u0142 do ko\u0144ca. W serwisie Plejada.pl ka\u017cdego dnia piszemy o najwa\u017cniejszych wydarzeniach show-biznesowych. B\u0105d\u017a na bie\u017c\u0105co! <a rel=\"nofollow noopener\" href=\"https:\/\/profile.google.com\/cp\/Cg0vZy8xMWJ6X19wdHBx\" id=\"5eac030e-0637-47d8-9034-d23a914199c3\" target=\"_blank\">Obserwuj<\/a> Plejad\u0119 w Google. Odwied\u017a nas tak\u017ce na <a rel=\"nofollow noopener\" href=\"https:\/\/www.facebook.com\/plejadapl\" id=\"6611820e-63cb-4809-bbd8-ac7de77dc4f3\" target=\"_blank\">Facebooku<\/a>, <a rel=\"nofollow noopener\" href=\"https:\/\/www.instagram.com\/plejadapl\/\" id=\"49bdfba2-d81c-401b-9109-d295f33e077e\" target=\"_blank\">Instagramie<\/a>, <a rel=\"nofollow noopener\" href=\"https:\/\/www.youtube.com\/c\/plejada\" id=\"d93b9d5d-5537-43ae-a2ed-e458c5311244\" target=\"_blank\">YouTubie<\/a> oraz <a rel=\"nofollow noopener\" href=\"https:\/\/www.tiktok.com\/@plejada_pl\" id=\"5937a532-79c6-4677-8812-e83ae6ce6367\" target=\"_blank\">TikToku<\/a>.<\/p>\n<p class=\"ods-c-paragraph \">Chcesz podzieli\u0107 si\u0119 ciekawym newsem lub zaproponowa\u0107 temat? Skontaktuj si\u0119 z nami, pisz\u0105c maila na adres: <a rel=\"nofollow noopener\" href=\"https:\/\/plejada.pl\/newsy\/byly-partner-janji-lesar-pokazal-zdjecie-z-treningu-to-ona-z-nim-teraz-tanczy\/mailto:plejada@redakcjaonet.pl\" id=\"878b9928-7107-4fd9-85df-177ecbc36d3b\" target=\"_blank\">plejada@redakcjaon<\/a><a rel=\"nofollow noopener\" href=\"https:\/\/et.pl\/\" id=\"d76cbf9b-d675-470f-a94d-045871945ef2\" target=\"_blank\">et.pl<\/a>.<\/p>\n<p><script async src=\"\/\/www.instagram.com\/embed.js\"><\/script><script async src=\"\/\/www.tiktok.com\/embed.js\"><\/script><\/p>\n","protected":false},"excerpt":{"rendered":"W ostatnich tygodniach pojawia\u0142o si\u0119 wiele pyta\u0144 o \u017cycie uczuciowe Janji Lesar. W rozmowie z Kozaczkiem tancerka potwierdzi\u0142a&hellip;\n","protected":false},"author":2,"featured_media":202624,"comment_status":"","ping_status":"","sticky":false,"template":"","format":"standard","meta":{"footnotes":""},"categories":[22],"tags":[24829,122,3765,17697,48,125,46,42,38,40,39,41,123,47],"class_list":{"0":"post-202623","1":"post","2":"type-post","3":"status-publish","4":"format-standard","5":"has-post-thumbnail","7":"category-rozrywka","8":"tag-agnieszka_sienkiewicz","9":"tag-entertainment","10":"tag-janja_lesar","11":"tag-krzysztof_hulboj","12":"tag-nat_styl","13":"tag-newsy","14":"tag-omp","15":"tag-pl","16":"tag-poland","17":"tag-polish","18":"tag-polska","19":"tag-polski","20":"tag-rozrywka","21":"tag-screening_general"},"share_on_mastodon":{"url":"https:\/\/pubeurope.com\/@pl\/115889972526060023","error":""},"_links":{"self":[{"href":"https:\/\/www.europesays.com\/pl\/wp-json\/wp\/v2\/posts\/202623","targetHints":{"allow":["GET"]}}],"collection":[{"href":"https:\/\/www.europesays.com\/pl\/wp-json\/wp\/v2\/posts"}],"about":[{"href":"https:\/\/www.europesays.com\/pl\/wp-json\/wp\/v2\/types\/post"}],"author":[{"embeddable":true,"href":"https:\/\/www.europesays.com\/pl\/wp-json\/wp\/v2\/users\/2"}],"replies":[{"embeddable":true,"href":"https:\/\/www.europesays.com\/pl\/wp-json\/wp\/v2\/comments?post=202623"}],"version-history":[{"count":0,"href":"https:\/\/www.europesays.com\/pl\/wp-json\/wp\/v2\/posts\/202623\/revisions"}],"wp:featuredmedia":[{"embeddable":true,"href":"https:\/\/www.europesays.com\/pl\/wp-json\/wp\/v2\/media\/202624"}],"wp:attachment":[{"href":"https:\/\/www.europesays.com\/pl\/wp-json\/wp\/v2\/media?parent=202623"}],"wp:term":[{"taxonomy":"category","embeddable":true,"href":"https:\/\/www.europesays.com\/pl\/wp-json\/wp\/v2\/categories?post=202623"},{"taxonomy":"post_tag","embeddable":true,"href":"https:\/\/www.europesays.com\/pl\/wp-json\/wp\/v2\/tags?post=202623"}],"curies":[{"name":"wp","href":"https:\/\/api.w.org\/{rel}","templated":true}]}}