{"id":202627,"date":"2026-01-13T21:44:07","date_gmt":"2026-01-13T21:44:07","guid":{"rendered":"https:\/\/www.europesays.com\/pl\/202627\/"},"modified":"2026-01-13T21:44:07","modified_gmt":"2026-01-13T21:44:07","slug":"fatalny-dekret-putina-rosja-zajmuje-aktywa-polskiego-giganta-produkcji","status":"publish","type":"post","link":"https:\/\/www.europesays.com\/pl\/202627\/","title":{"rendered":"Fatalny dekret Putina. Rosja zajmuje aktywa polskiego giganta produkcji"},"content":{"rendered":"<p class=\"art_paragraph\"><a href=\"https:\/\/wiadomosci.gazeta.pl\/wladimir-putin#anchorLink\" rel=\"nofollow noopener\" target=\"_blank\">W\u0142adimir Putin<\/a> wyda\u0142 dekret, zgodnie z kt\u00f3rym Rosja przejmuje kontrol\u0119 nad lokalnymi udzia\u0142ami polskiej <a href=\"https:\/\/next.gazeta.pl\/next\/7,172690,32496704,duze-pieniadze-na-nowa-technologie-polska-firma-doceniona.html#anchorLink\" rel=\"nofollow noopener\" target=\"_blank\">firmy<\/a> Canpack oraz du\u0144skiego Rockwool. Tymczasowe zarz\u0105dzanie nad 100 proc. udzia\u0142\u00f3w\u00a0dzia\u0142\u00f3w w Can-Pack LLC oraz w Zak\u0142adzie Opakowa\u0144 Can-Pack przejmie Stalelemnt &#8211; <a href=\"https:\/\/tass.com\/economy\/2070671\" class=\"art_link\" rel=\"nofollow noopener\" target=\"_blank\">podaje agencja TASS.<\/a><\/p>\n<p> Rosja przejmuje polsk\u0105 firm\u0119<\/p>\n<p class=\"art_paragraph\">Canpack to przedsi\u0119biorstwo produkuj\u0105ce aluminiowe opakowania, kt\u00f3re powsta\u0142o w 1992 roku i jest jednym z najwi\u0119kszych na \u015bwiecie w tym segmencie.\u00a0Canpack wstrzyma\u0142 inwestycje w <a href=\"https:\/\/next.gazeta.pl\/rosja#anchorLink\" rel=\"nofollow noopener\" target=\"_blank\">Rosji<\/a> po pe\u0142noskalowej inwazji na Ukrain\u0119, lecz nie zdecydowa\u0142 si\u0119 na zatrzymanie produkcji w tym kraju.\u00a0<\/p>\n<p>\n    Zobacz wideo Rosja udaje, \u017ce nie musi negocjowa\u0107, a jest do tego zmuszona\n  <\/p>\n<p class=\"art_paragraph\">100 proc. aktyw\u00f3w Rockwool LLC oraz 68 proc. w Rockwool-Volga LLC obejmie natomiast JSC Razvitie Stroitelnykh Aktiv. Firma istnieje od 1909 roku i zajmuje si\u0119 produkcj\u0105 izolacji akustycznych oraz cieplnych. Decyzja wesz\u0142a w \u017cycie 31 grudnia 2025 roku, ale dopiero niedawno zosta\u0142a opublikowana.\u00a0<\/p>\n<p> W\u0142adimir Putin przejmuje zagraniczne firmy\u00a0<\/p>\n<p class=\"art_paragraph\">To nie pierwszy raz, gdy Rosja zajmuje aktywa firm z kraj\u00f3w, kt\u00f3re uwa\u017ca za wrogie. Przepisy, kt\u00f3re pozwoli\u0142y <a href=\"https:\/\/wiadomosci.gazeta.pl\/wladimir-putin#anchorLink\" rel=\"nofollow noopener\" target=\"_blank\">Putinowi<\/a> tak post\u0119powa\u0107, obowi\u0105zuj\u0105 od kwietnia 2023 roku. Od tego czasu Moskwa przej\u0119\u0142a aktywa m.in. francuskiego Danone, du\u0144skiego Carlsberga i<a href=\"https:\/\/www.business-humanrights.org\/en\/latest-news\/russia-president-transfers-ariston-bosch-subsidiaries-to-gazprom-entity-for-temporary-management\/\" class=\"art_link\" rel=\"nofollow noopener\" target=\"_blank\">\u00a0niemieckiego Boscha<\/a>.\u00a0<\/p>\n","protected":false},"excerpt":{"rendered":"W\u0142adimir Putin wyda\u0142 dekret, zgodnie z kt\u00f3rym Rosja przejmuje kontrol\u0119 nad lokalnymi udzia\u0142ami polskiej firmy Canpack oraz du\u0144skiego&hellip;\n","protected":false},"author":2,"featured_media":202628,"comment_status":"","ping_status":"","sticky":false,"template":"","format":"standard","meta":{"footnotes":""},"categories":[16],"tags":[113,112,42,38,40,39,41],"class_list":{"0":"post-202627","1":"post","2":"type-post","3":"status-publish","4":"format-standard","5":"has-post-thumbnail","7":"category-biznes","8":"tag-biznes","9":"tag-business","10":"tag-pl","11":"tag-poland","12":"tag-polish","13":"tag-polska","14":"tag-polski"},"share_on_mastodon":{"url":"https:\/\/pubeurope.com\/@pl\/115889980324630597","error":""},"_links":{"self":[{"href":"https:\/\/www.europesays.com\/pl\/wp-json\/wp\/v2\/posts\/202627","targetHints":{"allow":["GET"]}}],"collection":[{"href":"https:\/\/www.europesays.com\/pl\/wp-json\/wp\/v2\/posts"}],"about":[{"href":"https:\/\/www.europesays.com\/pl\/wp-json\/wp\/v2\/types\/post"}],"author":[{"embeddable":true,"href":"https:\/\/www.europesays.com\/pl\/wp-json\/wp\/v2\/users\/2"}],"replies":[{"embeddable":true,"href":"https:\/\/www.europesays.com\/pl\/wp-json\/wp\/v2\/comments?post=202627"}],"version-history":[{"count":0,"href":"https:\/\/www.europesays.com\/pl\/wp-json\/wp\/v2\/posts\/202627\/revisions"}],"wp:featuredmedia":[{"embeddable":true,"href":"https:\/\/www.europesays.com\/pl\/wp-json\/wp\/v2\/media\/202628"}],"wp:attachment":[{"href":"https:\/\/www.europesays.com\/pl\/wp-json\/wp\/v2\/media?parent=202627"}],"wp:term":[{"taxonomy":"category","embeddable":true,"href":"https:\/\/www.europesays.com\/pl\/wp-json\/wp\/v2\/categories?post=202627"},{"taxonomy":"post_tag","embeddable":true,"href":"https:\/\/www.europesays.com\/pl\/wp-json\/wp\/v2\/tags?post=202627"}],"curies":[{"name":"wp","href":"https:\/\/api.w.org\/{rel}","templated":true}]}}