{"id":202658,"date":"2026-01-13T22:00:12","date_gmt":"2026-01-13T22:00:12","guid":{"rendered":"https:\/\/www.europesays.com\/pl\/202658\/"},"modified":"2026-01-13T22:00:12","modified_gmt":"2026-01-13T22:00:12","slug":"gdansk-pamieta-taki-gest-w-rocznice-smierci-pawla-adamowicza","status":"publish","type":"post","link":"https:\/\/www.europesays.com\/pl\/202658\/","title":{"rendered":"Gda\u0144sk pami\u0119ta. Taki gest w rocznic\u0119 \u015bmierci Paw\u0142a Adamowicza"},"content":{"rendered":"<p>Najwa\u017cniejsze informacje <\/p>\n<ul>\n<li>Na Placu Solidarno\u015bci w\u00a0Gda\u0144sku u\u0142o\u017cono serce ze zniczy ku pami\u0119ci Paw\u0142a Adamowicza.<\/li>\n<li>Wydarzenie zorganizowa\u0142 pomorski Komitet Obrony Demokracji oraz m\u0142odzie\u017cowa inicjatywa \u201eNie chcemy hejtu\u201d.<\/li>\n<li>Podczas uroczysto\u015bci przypomniano o\u00a0potrzebie przeciwdzia\u0142ania mowie nienawi\u015bci.<\/li>\n<\/ul>\n<p>W si\u00f3dm\u0105 rocznic\u0119 zamachu na prezydenta Gda\u0144ska Paw\u0142a Adamowicza setki os\u00f3b zebra\u0142y si\u0119 we wtorek na Placu Solidarno\u015bci. Serce u\u0142o\u017cone ze zniczy sta\u0142o si\u0119 symbolem pami\u0119ci oraz sprzeciwu wobec nienawi\u015bci, kt\u00f3ra odebra\u0142a \u017cycie wieloletniemu prezydentowi miasta. Akcj\u0119 przygotowa\u0142 pomorski Komitet Obrony Demokracji przy wsparciu lokalnej m\u0142odzie\u017cy.<\/p>\n<p>&#8222;Zgin\u0119 jak Adamowicz&#8221;. Takie listy dostaje prezydent Poznania <\/p>\n<p>  <img role=\"presentation\" class=\"absolute left-1\/2 top-1\/2 max-h-[80%] max-w-[100px] -translate-x-1\/2 -translate-y-1\/2\" src=\"https:\/\/v.wpimg.pl\/ZXJfd3AudTkrBBIAbg54LGhcRlAxHQUrPgJGH2MAeGJoSQ1eIBI_K2UHAEVuBTY5KQMMXC0RPyoVERQdMgM9ejc\" loading=\"lazy\" decoding=\"async\"\/><\/p>\n<p>Rocznica tragicznych wydarze\u0144 na\u00a0Placu Solidarno\u015bci <\/p>\n<p>W organizowanym od siedmiu lat wydarzeniu uczestniczyli nie tylko mieszka\u0144cy i\u00a0organizacje spo\u0142eczne, ale tak\u017ce m\u0142odzie\u017c z\u00a0gda\u0144skich szk\u00f3\u0142. Regina Szyca z\u00a0KOD przyzna\u0142a: \u201eHejt zabi\u0142 prezydenta Adamowicza\u201d. <\/p>\n<p>Przypomnia\u0142a r\u00f3wnie\u017c, \u017ce pierwsze spontaniczne serce ze zniczy powsta\u0142o dwa dni po \u015bmierci Adamowicza, kiedy Gda\u0144szczanie przynie\u015bli ok. 36 tys. \u015bwiec. Trwaj\u0105ca tradycja pokazuje, jak silna by\u0142a reakcja spo\u0142eczno\u015bci na dramatyczne wydarzenia ze stycznia 2019 r.<\/p>\n<p> <a href=\"https:\/\/www.o2.pl\/informacje\/trzaskowski-o-adamowiczu-to-nienawisc-go-zabila-7113845221260032a\" class=\"teaser-inline\" rel=\"nofollow noopener\" target=\"_blank\">  <img decoding=\"async\" src=\"https:\/\/www.europesays.com\/pl\/wp-content\/uploads\/2026\/01\/MDcxZDk5YiUCGix3RE5vMEFCeC0CF2FmFlpgZkQEf3xTAHUiAlkoNgYINWoMRzg0Ag8qahtZYiUTEXUyWhopLRAINiUSGigpAR0-.jpeg\" width=\"0\" height=\"0\" loading=\"lazy\" class=\"wp-media-image cropped\" alt=\"Trzaskowski o Adamowiczu: &quot;To nienawi\u015b\u0107 go zabi\u0142a&quot;\"\/><\/p>\n<p>Trzaskowski o Adamowiczu: &#8222;To nienawi\u015b\u0107 go zabi\u0142a&#8221;<\/p>\n<p><\/a> <img role=\"presentation\" class=\"absolute left-1\/2 top-1\/2 max-h-[80%] max-w-[100px] -translate-x-1\/2 -translate-y-1\/2\" src=\"https:\/\/v.wpimg.pl\/ZXJfd3AudTkrBBIAbg54LGhcRlAxHQUrPgJGH2MAeGJoSQ1eIBI_K2UHAEVuBTY5KQMMXC0RPyoVERQdMgM9ejc\" loading=\"lazy\" decoding=\"async\"\/><\/p>\n<p>Ho\u0142d dla warto\u015bci wyznawanych przez Adamowicza <\/p>\n<p>W uroczysto\u015bci udzia\u0142 wzi\u0119li uczniowie, m.in. z\u00a0Uniwersyteckiego Liceum Og\u00f3lnokszta\u0142c\u0105cego im. Paw\u0142a Adamowicza. Nauczycielka tej szko\u0142y Barbara Marczak podkre\u015bla\u0142a: \u201eTolerancja, otwarto\u015b\u0107 i\u00a0szacunek dla innych to warto\u015bci, kt\u00f3re by\u0142y bliskie patronowi naszej szko\u0142y. Staramy si\u0119 je przekazywa\u0107 uczniom, ucz\u0105c ich dialogu, solidarno\u015bci i\u00a0wzajemnego zrozumienia\u201d.<\/p>\n<p>W budynku liceum odby\u0142y si\u0119 tak\u017ce specjalne obchody Dnia Patrona po\u0142\u0105czone z\u00a0wr\u0119czeniem wyr\u00f3\u017cnienia \u201eAmbasador Warto\u015bci\u201d. W\u00a0tym roku otrzyma\u0142a je Julia Andruszkiewicz, doceniona za empati\u0119 i\u00a0wsparcie r\u00f3wie\u015bnik\u00f3w.<\/p>\n<p> <a href=\"https:\/\/www.o2.pl\/informacje\/co-sie-dzieje-z-zabojca-pawla-adamowicza-oto-jak-zachowuje-sie-w-wiezieniu-7114151676889824a\" class=\"teaser-inline\" rel=\"nofollow noopener\" target=\"_blank\">  <img decoding=\"async\" src=\"https:\/\/www.europesays.com\/pl\/wp-content\/uploads\/2026\/01\/MGJlNTY5YiYrDjhndk5vM2hWbD0wF2FlP050dnYEf396FGEyMFkoNS8cIXo-Rzg3Kxs-eilZYiY6BWEiaBopLjkcIjUgGigqKAkq.jpeg\" width=\"0\" height=\"0\" loading=\"lazy\" class=\"wp-media-image cropped\" alt=\"Co si\u0119 dzieje z zab\u00f3jc\u0105 Paw\u0142a Adamowicza? Oto jak zachowuje si\u0119 w wi\u0119zieniu\"\/><\/p>\n<p>Co si\u0119 dzieje z zab\u00f3jc\u0105 Paw\u0142a Adamowicza? Oto jak zachowuje si\u0119 w wi\u0119zieniu<\/p>\n<p><\/a> <img role=\"presentation\" class=\"absolute left-1\/2 top-1\/2 max-h-[80%] max-w-[100px] -translate-x-1\/2 -translate-y-1\/2\" src=\"https:\/\/v.wpimg.pl\/ZXJfd3AudTkrBBIAbg54LGhcRlAxHQUrPgJGH2MAeGJoSQ1eIBI_K2UHAEVuBTY5KQMMXC0RPyoVERQdMgM9ejc\" loading=\"lazy\" decoding=\"async\"\/><\/p>\n<p>Wieczorne upami\u0119tnienie i\u00a0przes\u0142anie dla m\u0142odych <\/p>\n<p>Wydarzenie mia\u0142o wymiar zar\u00f3wno spo\u0142eczny, jak i\u00a0rodzinny. Obecni byli najbli\u017csi Paw\u0142a Adamowicza oraz prezydent Gda\u0144ska Aleksandra Dulkiewicz. Magdalena Adamowicz skierowa\u0142a do m\u0142odzie\u017cy wa\u017cne s\u0142owa: \u201eNie b\u0105d\u017acie oboj\u0119tni, szanujcie si\u0119 i\u00a0pomagajcie sobie, nie dajcie si\u0119 manipulowa\u0107\u201d.<\/p>\n<p>W godzinach wieczornych zaplanowano sk\u0142adanie kwiat\u00f3w przy pami\u0105tkowej p\u0142ycie mi\u0119dzy Katowni\u0105 a\u00a0Z\u0142ot\u0105 Bram\u0105. Nast\u0119pnie uczestnicy przeszli do Bazyliki Mariackiej, gdzie odby\u0142a si\u0119 mi\u0119dzywyznaniowa modlitwa i\u00a0z\u0142o\u017cenie kwiat\u00f3w przy grobie Paw\u0142a Adamowicza.<\/p>\n<p>Proces s\u0105dowy i\u00a0konsekwencje tragicznej nocy <\/p>\n<p>Pawe\u0142 Adamowicz zosta\u0142 ugodzony no\u017cem podczas fina\u0142u Wielkiej Orkiestry \u015awi\u0105tecznej Pomocy 13 stycznia 2019 r. Zmar\u0142 nast\u0119pnego dnia w\u00a0szpitalu. Sprawca, Stefan Wilmont, us\u0142ysza\u0142 wyrok do\u017cywotniego wi\u0119zienia, kt\u00f3ry w\u00a02024 r. utrzyma\u0142 S\u0105d Apelacyjny w\u00a0Gda\u0144sku. S\u0105d podkre\u015bli\u0142, \u017ce Adamowicz nie by\u0142 przypadkow\u0105 ofiar\u0105. Wszystkie wydarzenia podkre\u015blaj\u0105, jak g\u0142\u0119boko w\u00a0pami\u0119ci mieszka\u0144c\u00f3w Gda\u0144ska zapisa\u0142a si\u0119 posta\u0107 zamordowanego prezydenta.<\/p>\n<p> <img role=\"presentation\" class=\"absolute left-1\/2 top-1\/2 max-h-[80%] max-w-[100px] -translate-x-1\/2 -translate-y-1\/2\" src=\"https:\/\/v.wpimg.pl\/ZXJfd3AudTkrBBIAbg54LGhcRlAxHQUrPgJGH2MAeGJoSQ1eIBI_K2UHAEVuBTY5KQMMXC0RPyoVERQdMgM9ejc\" loading=\"lazy\" decoding=\"async\"\/> <\/p>\n","protected":false},"excerpt":{"rendered":"Najwa\u017cniejsze informacje Na Placu Solidarno\u015bci w\u00a0Gda\u0144sku u\u0142o\u017cono serce ze zniczy ku pami\u0119ci Paw\u0142a Adamowicza. Wydarzenie zorganizowa\u0142 pomorski Komitet&hellip;\n","protected":false},"author":2,"featured_media":202659,"comment_status":"","ping_status":"","sticky":false,"template":"","format":"standard","meta":{"footnotes":""},"categories":[12],"tags":[32,33,36,37,27,34,35,28,31,25,42,38,40,39,41,29,30,26],"class_list":{"0":"post-202658","1":"post","2":"type-post","3":"status-publish","4":"format-standard","5":"has-post-thumbnail","7":"category-polska","8":"tag-breaking-news","9":"tag-breakingnews","10":"tag-featured-news","11":"tag-featurednews","12":"tag-headlines","13":"tag-latest-news","14":"tag-latestnews","15":"tag-naglowki","16":"tag-najwazniejsze-artykuly","17":"tag-news","18":"tag-pl","19":"tag-poland","20":"tag-polish","21":"tag-polska","22":"tag-polski","23":"tag-top-stories","24":"tag-topstories","25":"tag-wiadomosci"},"share_on_mastodon":{"url":"https:\/\/pubeurope.com\/@pl\/115890043674396193","error":""},"_links":{"self":[{"href":"https:\/\/www.europesays.com\/pl\/wp-json\/wp\/v2\/posts\/202658","targetHints":{"allow":["GET"]}}],"collection":[{"href":"https:\/\/www.europesays.com\/pl\/wp-json\/wp\/v2\/posts"}],"about":[{"href":"https:\/\/www.europesays.com\/pl\/wp-json\/wp\/v2\/types\/post"}],"author":[{"embeddable":true,"href":"https:\/\/www.europesays.com\/pl\/wp-json\/wp\/v2\/users\/2"}],"replies":[{"embeddable":true,"href":"https:\/\/www.europesays.com\/pl\/wp-json\/wp\/v2\/comments?post=202658"}],"version-history":[{"count":0,"href":"https:\/\/www.europesays.com\/pl\/wp-json\/wp\/v2\/posts\/202658\/revisions"}],"wp:featuredmedia":[{"embeddable":true,"href":"https:\/\/www.europesays.com\/pl\/wp-json\/wp\/v2\/media\/202659"}],"wp:attachment":[{"href":"https:\/\/www.europesays.com\/pl\/wp-json\/wp\/v2\/media?parent=202658"}],"wp:term":[{"taxonomy":"category","embeddable":true,"href":"https:\/\/www.europesays.com\/pl\/wp-json\/wp\/v2\/categories?post=202658"},{"taxonomy":"post_tag","embeddable":true,"href":"https:\/\/www.europesays.com\/pl\/wp-json\/wp\/v2\/tags?post=202658"}],"curies":[{"name":"wp","href":"https:\/\/api.w.org\/{rel}","templated":true}]}}