{"id":202660,"date":"2026-01-13T22:01:10","date_gmt":"2026-01-13T22:01:10","guid":{"rendered":"https:\/\/www.europesays.com\/pl\/202660\/"},"modified":"2026-01-13T22:01:10","modified_gmt":"2026-01-13T22:01:10","slug":"darlowo-w-szoku-po-tragedii-25-latek-skatowal-ciezarna-partnerke","status":"publish","type":"post","link":"https:\/\/www.europesays.com\/pl\/202660\/","title":{"rendered":"Dar\u0142owo w szoku po tragedii. 25-latek skatowa\u0142 ci\u0119\u017carn\u0105 partnerk\u0119"},"content":{"rendered":"<p class=\"article-p\" data-section=\"detail-body\">Dramat rozgrywa\u0142 si\u0119 w jednym z dom\u00f3w przy ul. Wa\u0142owej. Pocz\u0105tkowo nic nie zapowiada\u0142o tragedii \u2014 zakochani zamieszkali razem, m\u0142ody m\u0119\u017cczyzna o\u015bwiadczy\u0142 si\u0119 23-latce, a dziewczyna przyj\u0119\u0142a pier\u015bcionek. Wydawa\u0142o si\u0119, \u017ce s\u0105 szcz\u0119\u015bliwi.<\/p>\n<p class=\"article-p\" data-section=\"detail-body\">Ale sielanka szybko si\u0119 sko\u0144czy\u0142a. \u2014 On chyba w og\u00f3le nie pracowa\u0142, a je\u015bli ju\u017c, to raczej nie mia\u0142 nic sta\u0142ego \u2014 m\u00f3wi jedna z jego s\u0105siadek. Wed\u0142ug kobiety Bartosz B. mia\u0142 ju\u017c wcze\u015bniej problemy z prawem i siedzia\u0142 w wi\u0119zieniu.<\/p>\n<p class=\"article-p\" data-section=\"detail-body\">Na pocz\u0105tku, kiedy para zamieszka\u0142a z matk\u0105 Bartosza, kt\u00f3ra porusza\u0142a si\u0119 na w\u00f3zku, wszystko wygl\u0105da\u0142o dobrze. \u2014 Partnerka opiekowa\u0142a si\u0119 jego mam\u0105, wychodzi\u0142a z ni\u0105 na spacer \u2014 wspominaj\u0105 s\u0105siadki. <a href=\"https:\/\/wiadomosci.onet.pl\/tylko-w-onecie\/studentki-przez-wiele-godzin-musialy-tanczyc-nago-dziennikarka-ujawnia-patologie\/drnq4y1\" id=\"84db7e49-f8e7-4c4e-af1d-8beefa55cb8f\" rel=\"nofollow noopener\" target=\"_blank\">Piek\u0142o mia\u0142o si\u0119 zacz\u0105\u0107 po wakacjach.<\/a><\/p>\n<p>        Koszmar w Dar\u0142owie. Ofiara zdo\u0142a\u0142a uciec<\/p>\n<p class=\"article-p\" data-section=\"detail-body\">\u2014 Tam by\u0142y straszne awantury \u2014 m\u00f3wi s\u0105siadka z mieszkania obok. \u2014 Kilkukrotnie s\u0142ysza\u0142am krzyk tego m\u0119\u017cczyzny. Obrzuca\u0142 kobiety wyzwiskami. By\u0142o s\u0142ycha\u0107 te\u017c pisk i st\u0142umiony odg\u0142os, jakby cia\u0142 rzucanych o \u015bcian\u0119 \u2014 s\u0142yszymy w rozmowie z lokatorami.<\/p>\n<p class=\"article-p\" data-section=\"detail-body\">Na twarzy starszej kobiety wida\u0107 by\u0142o siniaki. Prawdopodobnie nie powsta\u0142y na skutek nieszcz\u0119\u015bliwego wypadku, ale pobicia. \u2014 Czasami by\u0142o tak g\u0142o\u015bno, \u017ce wali\u0142am w \u015bcian\u0119 i grozi\u0142am, \u017ce zadzwoni\u0119 na policj\u0119 \u2014 m\u00f3wi s\u0105siadka.<\/p>\n<p class=\"article-p\" data-section=\"detail-body\">Prze\u0142om nast\u0105pi\u0142 po Nowym Roku. Wtedy 23-latka mia\u0142a powiedzie\u0107 partnerowi, \u017ce jest w ci\u0105\u017cy. Zamiast rado\u015bci spotka\u0142a si\u0119 z wybuchem agresji. Najwyra\u017aniej Bartosz B. chcia\u0142 zrobi\u0107 wszystko, by jego partnerka straci\u0142a ci\u0105\u017c\u0119. 23-latka m\u00f3wi, \u017ce by\u0142a bita, tak\u017ce po brzuchu, szarpana za w\u0142osy i poni\u017cana. Agresywny partner mia\u0142 j\u0105 <a href=\"https:\/\/kobieta.onet.pl\/wiadomosci\/zabil-matke-a-potem-zaatakowal-sluzby-maczeta-zginal-od-policyjnych-strzalow\/mwhtc76\" id=\"c175ed39-707a-4bb5-8c62-ced1df2d9173\" rel=\"nofollow noopener\" target=\"_blank\">uderzy\u0107 te\u017c maczet\u0105<\/a>, powoduj\u0105c 8-centymetrow\u0105 ran\u0119 ci\u0119t\u0105 g\u0142owy.<\/p>\n<p class=\"article-p\" data-section=\"detail-body\">Zdaniem \u015bledczych, przetrzymywa\u0142 j\u0105 w mieszkaniu wbrew jej woli. Tortury trwa\u0142y do 7 stycznia 2026 r. Wtedy to um\u0119czona ofiara zdo\u0142a\u0142a uciec z domu oprawcy przez okno. Zakrwawiona, skatowana, przesz\u0142a przez zaniedbany ogr\u00f3d na ty\u0142ach domu. Zdo\u0142a\u0142a dotrze\u0107 do swojej mamy, kt\u00f3ra, widz\u0105c j\u0105 zakrwawion\u0105, natychmiast wezwa\u0142a pogotowie. Ci\u0119\u017carna trafi\u0142a do szpitala.<\/p>\n<p>        Ci\u0119\u017carna dziewczyna uciek\u0142a, jej partner zacz\u0105\u0142 si\u0119 ukrywa\u0107<\/p>\n<p class=\"article-p\" data-section=\"detail-body\">Gdy Bartosz zorientowa\u0142 si\u0119, \u017ce jego partnerka uciek\u0142a, sam r\u00f3wnie\u017c zacz\u0105\u0142 si\u0119 ukrywa\u0107 u znajomego. Ju\u017c nast\u0119pnego dnia zosta\u0142 zatrzymany przez policj\u0119. Jak uda\u0142o nam si\u0119 ustali\u0107, zapytany przez \u015bledczych stwierdzi\u0142, \u017ce wcale nie przetrzymywa\u0142 swojej partnerki. Wed\u0142ug niego w ka\u017cdej chwili mog\u0142a wyj\u015b\u0107 z domu. <a href=\"https:\/\/kobieta.onet.pl\/zwiazek\/przemoc-psychiczna-jest-niewidzialna-krzyczal-ublizal-a-prokurator-umorzyl-sledztwo\/wgr5hc2\" id=\"bc4235a2-72c7-42b2-aff7-586e9afe8096\" rel=\"nofollow noopener\" target=\"_blank\">Awantury t\u0142umaczy\u0142 tym, \u017ce jest nerwowy, a 23-latka mia\u0142a ca\u0142y czas go prowokowa\u0107<\/a>.<\/p>\n<p class=\"article-p\" data-section=\"detail-body\">Wed\u0142ug policjant\u00f3w z Komendy Powiatowej Policji w S\u0142awnie Bartosz mia\u0142 zn\u0119ca\u0107 si\u0119 nad dziewczyn\u0105 zar\u00f3wno psychicznie, jak i fizycznie, od czerwca 2025 do stycznia 2026 r.<\/p>\n<p class=\"article-p\" data-section=\"detail-body\">\u2014 Podejrzany us\u0142ysza\u0142 powa\u017cne zarzuty: zn\u0119canie si\u0119 psychiczne i fizyczne, przetrzymywanie partnerki przez cztery doby oraz pr\u00f3b\u0119 przymusowego przerwania ci\u0105\u017cy. Przyzna\u0142 si\u0119 tylko do jednego z nich: \u017ce bi\u0142 swoj\u0105 partnerk\u0119 i podczas k\u0142\u00f3tni j\u0105 wyzywa\u0142. Zaprzecza jednak, \u017ce uderzy\u0142 j\u0105 w g\u0142ow\u0119 maczet\u0105, jak r\u00f3wnie\u017c, \u017ce <a href=\"https:\/\/www.fakt.pl\/wydarzenia\/polska\/slask\/sosnowiec-41-latek-grozil-kobiecie-bronia-po-platnym-spotkaniu\/e3xmv6q\" id=\"6e8f5055-4d9a-4eac-9e7e-688b4348f914\" rel=\"nofollow noopener\" target=\"_blank\">bij\u0105c j\u0105 pi\u0119\u015bci\u0105 w brzuch<\/a>, usi\u0142owa\u0142 doprowadzi\u0107 do poronienia dziecka. S\u0105d na wniosek prokuratora zastosowa\u0142 wobec niego trzymiesi\u0119czny areszt \u2014 informuje prokurator Ewa Dziadczyk, rzecznik prasowy Prokuratury Okr\u0119gowej w Koszalinie.<\/p>\n<p class=\"article-p\" data-section=\"detail-body\">Dlaczego mieszka\u0144cy okolicy nie zg\u0142osili awantur, do kt\u00f3rych dochodzi\u0142o w domu B. na policj\u0119? Najwyra\u017aniej nie pozwoli\u0142 im na to strach. Dzi\u015b tak\u017ce ma\u0142o chce rozmawia\u0107 na temat m\u0119\u017cczyzny, ale \u015bledczym uda\u0142o si\u0119 zebra\u0107 sporo informacji. Bartosz B. us\u0142ysza\u0142 te\u017c w prokuraturze zarzuty dotycz\u0105ce innych jego agresywnych zachowa\u0144. Mia\u0142 np. si\u0142\u0105 wej\u015b\u0107 do mieszkania osoby z rodziny, a tak\u017ce zastrasza\u0107 koleg\u0119 i mu grozi\u0107. Za swoje czyny 25-latek mo\u017ce trafi\u0107 do wi\u0119zienia nawet na 8 lat<\/p>\n<p class=\"article-p\" data-section=\"detail-body\"><a href=\"https:\/\/www.fakt.pl\/wydarzenia\/skandal-w-darlowie-znany-przedsiebiorca-uniknal-surowej-kary-za-jazde-po-alkoholu\/q0pqxed\" id=\"f28bdee6-34db-4457-b959-6d53975654aa\" rel=\"nofollow noopener\" target=\"_blank\">Wpad\u0142 gdy prowadzi\u0142 po pijanemu i ju\u017c po tygodniu odzyska\u0142 prawo jazdy<\/a><\/p>\n<p class=\"article-p\" data-section=\"detail-body\"><a href=\"https:\/\/www.fakt.pl\/wydarzenia\/wicie-w-zachodniopomorskiem-znalezisko-na-plazy-nad-baltykiem-niemieckie-tory\/h9ewc3d\" id=\"df888e33-0889-4a79-9daa-10dd02ac7c7c\" rel=\"nofollow noopener\" target=\"_blank\">Znale\u017ali tory na pla\u017cy<\/a><\/p>\n<p class=\"article-p\" data-section=\"detail-body\"><a href=\"https:\/\/www.fakt.pl\/wydarzenia\/darlowo-zabil-dziadka-kolezanki-tluczkiem-do-miesa-do-wiezienia-nie-trafi\/q7z542z\" id=\"cb8e94fc-be78-4ddc-8124-2a3c806c068b\" rel=\"nofollow noopener\" target=\"_blank\">Zabi\u0142 t\u0142uczkiem dziadka ukochanej<\/a><\/p>\n<p>        \/2<\/p>\n<p>                    <img decoding=\"async\" class=\"article-image-img\" loading=\"lazy\" alt=\"\" src=\"https:\/\/www.europesays.com\/pl\/wp-content\/uploads\/2026\/01\/QI9k9kuTURBXy9iMjVmMTgyYS03MTZkLTRlMzctOGZkYy0yNDcyM2E4N2FkNWQuanBlZ5GTAs0DSM0Cdd4AAqEwAaExAQ.jpeg\" width=\"840\" height=\"629\"\/><\/p>\n<p>                  Gry\u0144 Przemys\u0142aw \/ newspix.pl<\/p>\n<p class=\"article-gallery-p\">\n        To w tym domu w Dar\u0142owie 23-latka mieszka\u0142a razem z Bartoszem B.\n    <\/p>\n<p>        \/2<\/p>\n<p>                    <img decoding=\"async\" class=\"article-image-img\" loading=\"lazy\" alt=\"\" src=\"https:\/\/www.europesays.com\/pl\/wp-content\/uploads\/2026\/01\/LZMk9kuTURBXy8xOGU5ODE5ZC00YWQ1LTQxZWQtYWI4ZC1jOGUyMDhlN2UyOTEuanBlZ5GTAs0DSM0Fct4AAqEwAaExAQ.jpeg\" width=\"840\" height=\"1394\"\/><\/p>\n<p>                  &#8211; \/ Facebook<\/p>\n<p class=\"article-gallery-p\">\n        Bartosz B. mia\u0142 bi\u0107 i szarpa\u0107 za w\u0142osy swoj\u0105 23-letni\u0105 partnerk\u0119, a nawet uderzy\u0107 j\u0105 maczet\u0105 w g\u0142ow\u0119. Grozi mu za to do 8 lat wi\u0119zienia.\n    <\/p>\n","protected":false},"excerpt":{"rendered":"Dramat rozgrywa\u0142 si\u0119 w jednym z dom\u00f3w przy ul. Wa\u0142owej. Pocz\u0105tkowo nic nie zapowiada\u0142o tragedii \u2014 zakochani zamieszkali&hellip;\n","protected":false},"author":2,"featured_media":202661,"comment_status":"","ping_status":"","sticky":false,"template":"","format":"standard","meta":{"footnotes":""},"categories":[5],"tags":[32,33,36,37,27,34,35,28,31,25,42,38,40,39,41,29,30,26],"class_list":{"0":"post-202660","1":"post","2":"type-post","3":"status-publish","4":"format-standard","5":"has-post-thumbnail","7":"category-naglowki","8":"tag-breaking-news","9":"tag-breakingnews","10":"tag-featured-news","11":"tag-featurednews","12":"tag-headlines","13":"tag-latest-news","14":"tag-latestnews","15":"tag-naglowki","16":"tag-najwazniejsze-artykuly","17":"tag-news","18":"tag-pl","19":"tag-poland","20":"tag-polish","21":"tag-polska","22":"tag-polski","23":"tag-top-stories","24":"tag-topstories","25":"tag-wiadomosci"},"share_on_mastodon":{"url":"https:\/\/pubeurope.com\/@pl\/115890047128122093","error":""},"_links":{"self":[{"href":"https:\/\/www.europesays.com\/pl\/wp-json\/wp\/v2\/posts\/202660","targetHints":{"allow":["GET"]}}],"collection":[{"href":"https:\/\/www.europesays.com\/pl\/wp-json\/wp\/v2\/posts"}],"about":[{"href":"https:\/\/www.europesays.com\/pl\/wp-json\/wp\/v2\/types\/post"}],"author":[{"embeddable":true,"href":"https:\/\/www.europesays.com\/pl\/wp-json\/wp\/v2\/users\/2"}],"replies":[{"embeddable":true,"href":"https:\/\/www.europesays.com\/pl\/wp-json\/wp\/v2\/comments?post=202660"}],"version-history":[{"count":0,"href":"https:\/\/www.europesays.com\/pl\/wp-json\/wp\/v2\/posts\/202660\/revisions"}],"wp:featuredmedia":[{"embeddable":true,"href":"https:\/\/www.europesays.com\/pl\/wp-json\/wp\/v2\/media\/202661"}],"wp:attachment":[{"href":"https:\/\/www.europesays.com\/pl\/wp-json\/wp\/v2\/media?parent=202660"}],"wp:term":[{"taxonomy":"category","embeddable":true,"href":"https:\/\/www.europesays.com\/pl\/wp-json\/wp\/v2\/categories?post=202660"},{"taxonomy":"post_tag","embeddable":true,"href":"https:\/\/www.europesays.com\/pl\/wp-json\/wp\/v2\/tags?post=202660"}],"curies":[{"name":"wp","href":"https:\/\/api.w.org\/{rel}","templated":true}]}}