{"id":202670,"date":"2026-01-13T22:06:12","date_gmt":"2026-01-13T22:06:12","guid":{"rendered":"https:\/\/www.europesays.com\/pl\/202670\/"},"modified":"2026-01-13T22:06:12","modified_gmt":"2026-01-13T22:06:12","slug":"protesty-przeciwko-ice-nie-ustaja-donald-trump-atakuje-demokratow-z-minnesoty","status":"publish","type":"post","link":"https:\/\/www.europesays.com\/pl\/202670\/","title":{"rendered":"Protesty przeciwko ICE nie ustaj\u0105. Donald Trump atakuje Demokrat\u00f3w z Minnesoty"},"content":{"rendered":"<p>We wtorek prezydent Donald Trump zagrozi\u0142 Minnesocie &#8222;dniem rozlicze\u0144 i odwetu&#8221;. Oskar\u017cy\u0142 tamtejszych Demokrat\u00f3w o wykorzystywanie <a href=\"https:\/\/wiadomosci.onet.pl\/swiat\/funkcjonariusz-ice-zastrzelil-kobiete-w-minneapolis-ostatnie-sekundy-przed-tragedia\/jrcpg6r\" id=\"846ec9d4-601c-46f4-95ce-05eafc49ca47\" rel=\"nofollow noopener\" target=\"_blank\">zastrzelenia kobiety przez funkcjonariusza ICE<\/a> do odwr\u00f3cenia uwagi od plagi oszustw w tym stanie, za kt\u00f3r\u0105 \u2014 jak twierdzi \u2014 s\u0105 oni wsp\u00f3\u0142odpowiedzialni.<\/p>\n<p>&#8222;Czy mieszka\u0144cy Minnesoty naprawd\u0119 chc\u0105 \u017cy\u0107 w spo\u0142eczno\u015bci, w kt\u00f3rej s\u0105 tysi\u0105ce skazanych ju\u017c morderc\u00f3w, diler\u00f3w i narkoman\u00f3w, gwa\u0142cicieli, gro\u017anych wypuszczonych i zbieg\u0142ych wi\u0119\u017ani\u00f3w, niebezpiecznych ludzi z zagranicznych zak\u0142ad\u00f3w psychiatrycznych i innych zbrodniarzy, kt\u00f3rych nawet nie spos\u00f3b wymieni\u0107 z nazwy?&#8221; \u2014 napisa\u0142 na swojej platformie spo\u0142eczno\u015bciowej Truth Social.<\/p>\n<p class=\"ods-c-paragraph \">&#8222;NIE L\u0118KAJCIE SI\u0118, WSPANIALI LUDZIE Z MINNESOTY, NADCHODZI DZIE\u0143 ROZLICZE\u0143 I ODWETU!&#8221; \u2014 doda\u0142, obwiniaj\u0105c stanowych Demokrat\u00f3w za niepokoje.<\/p>\n<p> Amerykanie protestuj\u0105 przeciwko ICE, Bia\u0142y Dom grzmi w sprawie oszustw<\/p>\n<p class=\"ods-c-paragraph \">W Minneapolis od kilku dni trwaj\u0105 protesty po \u015bmierci Renee Good. Demokraci, w tym gubernator Tim Walz oraz burmistrz Jacob Frey, wzywaj\u0105 federalne s\u0142u\u017cby do opuszczenia miasta. Bia\u0142y Dom utrzymuje, \u017ce funkcjonariusz, kt\u00f3ry zastrzeli\u0142 Good, dzia\u0142a\u0142 w samoobronie. Jednak nawet sojusznicy administracji obawiaj\u0105 si\u0119, \u017ce posun\u0119\u0142a si\u0119 zbyt daleko, b\u0142yskawicznie oskar\u017caj\u0105c Good o &#8222;terroryzm wewn\u0119trzny&#8221; za rzekom\u0105 pr\u00f3b\u0119 staranowania agenta ICE samochodem.<\/p>\n<p class=\"ods-c-paragraph \">Trump oraz wiceprezydent J. D. Vance tak\u017ce odnie\u015bli si\u0119 do sprawy, pr\u00f3buj\u0105c skierowa\u0107 uwag\u0119 opinii publicznej na szeroko zakrojone \u015bledztwo w sprawie rzekomych nadu\u017cy\u0107 w stanowych programach \u017cywienia i opieki spo\u0142ecznej. Wskazali na prowadzone od lat post\u0119powanie, kt\u00f3re doprowadzi\u0142o do postawienia ponad 90 osobom w Minnesocie zarzut\u00f3w wy\u0142udzania pieni\u0119dzy publicznych. Departament Zdrowia i Opieki Spo\u0142ecznej w grudniu zamrozi\u0142 setki milion\u00f3w dolar\u00f3w przeznaczonych na finansowanie opieki nad dzie\u0107mi w tym stanie.<\/p>\n<p>Dalszy ci\u0105g artyku\u0142u pod materia\u0142em wideo<\/p>\n<p class=\"ods-c-paragraph \">Dzie\u0144 po zastrzeleniu Good, podczas briefingu prasowego w Bia\u0142ym Domu, Vance og\u0142osi\u0142 utworzenie nowego stanowiska asystenta prokuratora generalnego do spraw badania nadu\u017cy\u0107 finansowych w ca\u0142ym kraju. Pierwszy przystanek: Minnesota.<\/p>\n<p class=\"ods-c-paragraph \">&#8222;Demokraci z Minnesoty uwielbiaj\u0105 zamieszki wywo\u0142ywane przez anarchist\u00f3w i zawodowych prowokator\u00f3w, bo to odci\u0105ga uwag\u0119 od 19 mld dol. [ok. 70 mld z\u0142 \u2014 red.], kt\u00f3re ukradli wyj\u0105tkowo \u017ali i pozbawieni skrupu\u0142\u00f3w ludzi&#8221; \u2014 napisa\u0142 Trump we wtorek. &#8222;Gdziekolwiek si\u0119 pojawiamy, przest\u0119pczo\u015b\u0107 spada&#8221;.<\/p>\n<p>Demokraci id\u0105 do s\u0105du. &#8222;To prawa zapisane w przepisach stanowych i federalnych&#8221;<\/p>\n<p class=\"ods-c-paragraph \">W poniedzia\u0142ek stan Minnesota oraz w\u0142adze s\u0105siaduj\u0105cych miast Minneapolis i St. Paul z\u0142o\u017cy\u0142y pozew, domagaj\u0105c si\u0119 zablokowania planowanego przez Departament Bezpiecze\u0144stwa Krajowego (DHS) wys\u0142ania dodatkowych funkcjonariuszy imigracyjnych do tzw. Twin Cities.<\/p>\n<p><img decoding=\"async\" src=\"https:\/\/www.europesays.com\/pl\/wp-content\/uploads\/2026\/01\/Wg-k9lBaHR0cHM6Ly9vY2RuLmV1L3B1bHNjbXMvTURBXy9mNDI4ZjcyZjAwMzAzNTBiNjIzYjU3NmQxOTdhZDRiMC5qcGeRlQLNB.jpeg\" height=\"627\" width=\"940\" alt=\"Protest przeciwko ICE w Minneapolis, 10 stycznia 2026 r.\" loading=\"lazy\" class=\"ods-c-image__img ods-c-image__img--viewport-width\"\/><\/p>\n<p>Protest przeciwko ICE w Minneapolis, 10 stycznia 2026 r.Mostafa Bassim \/ Anadolu\/ABACAPRESS.COM \/ PAP<\/p>\n<p class=\"ods-c-paragraph \">W pozwie zwr\u00f3cono si\u0119 do s\u0119dziego o wydanie nakazu natychmiastowego usuni\u0119cia agent\u00f3w imigracyjnych i argumentowano, \u017ce wys\u0142anie przez Trumpa dodatkowych funkcjonariuszy narusza ameryka\u0144sk\u0105 konstytucj\u0119.<\/p>\n<p class=\"ods-c-paragraph \">&#8222;Wolno\u015b\u0107 od bezprawnych zatrzyma\u0144, nadmiernej przemocy i represji nie jest list\u0105 aspiracji, na kt\u00f3re zas\u0142uguj\u0105 mieszka\u0144cy Minnesoty; s\u0105 to prawa zapisane w przepisach stanowych i federalnych&#8221; \u2014 czytamy w pi\u015bmie. W poniedzia\u0142ek podobny pozew z\u0142o\u017cy\u0142y w\u0142adze stanu Illinois. W obydwu przypadkach powo\u0142ano si\u0119 na dziesi\u0105t\u0105 poprawk\u0119 do konstytucji, kt\u00f3ra chroni suwerenno\u015b\u0107 stan\u00f3w.<\/p>\n<p><img decoding=\"async\" src=\"https:\/\/www.europesays.com\/pl\/wp-content\/uploads\/2026\/01\/x6hk9lGaHR0cHM6Ly9vY2RuLmV1L3B1bHNjbXMvTURBXy8yNjU0NDZjYS00MzJhLTRjZWItYWJmNS1hZjg3NmQxYjc3NzcuanBlZ.jpeg\" height=\"627\" width=\"940\" alt=\"Zatrzymanie kobiety przez funkcjonariuszy imigracyjnych. Minneapolis, 13 stycznia 2026 r.\" loading=\"lazy\" class=\"ods-c-image__img ods-c-image__img--viewport-width\"\/><\/p>\n<p>Zatrzymanie kobiety przez funkcjonariuszy imigracyjnych. Minneapolis, 13 stycznia 2026 r.PAP\/EPA\/OLGA FEDOROVA<\/p>\n<p class=\"ods-c-paragraph \">Tricia McLaughlin, rzeczniczka DHS, skrytykowa\u0142a t\u0119 argumentacj\u0119. &#8222;To naprawd\u0119 zadziwiaj\u0105ce, \u017ce lewica potrafi w cudowny spos\u00f3b odkry\u0107 na nowo dziesi\u0105t\u0105 poprawk\u0119, kiedy nie chce, aby federalni funkcjonariusze egzekwowali prawo federalne \u2014 co jest wyra\u017anym obowi\u0105zkiem federalnym zgodnie z art. I, art. II i klauzul\u0105 supremacji \u2014 a potem, kiedy wraca do w\u0142adzy, natychmiast federalizuje wszystkie mo\u017cliwe obowi\u0105zki stanowe. Darujcie nam tego&#8221; \u2014 napisa\u0142a.<\/p>\n","protected":false},"excerpt":{"rendered":"We wtorek prezydent Donald Trump zagrozi\u0142 Minnesocie &#8222;dniem rozlicze\u0144 i odwetu&#8221;. Oskar\u017cy\u0142 tamtejszych Demokrat\u00f3w o wykorzystywanie zastrzelenia kobiety&hellip;\n","protected":false},"author":2,"featured_media":202671,"comment_status":"","ping_status":"","sticky":false,"template":"","format":"standard","meta":{"footnotes":""},"categories":[14],"tags":[56,32,33,44,27,6956,34,35,37515,27456,28,31,48,25,46,40,1314,41,47,80,27199,29,30,71,26,82,83,84],"class_list":{"0":"post-202670","1":"post","2":"type-post","3":"status-publish","4":"format-standard","5":"has-post-thumbnail","7":"category-swiat","8":"tag-article_premium","9":"tag-breaking-news","10":"tag-breakingnews","11":"tag-donald_trump","12":"tag-headlines","13":"tag-ice","14":"tag-latest-news","15":"tag-latestnews","16":"tag-minneapolis","17":"tag-minnesota","18":"tag-naglowki","19":"tag-najwazniejsze-artykuly","20":"tag-nat_styl","21":"tag-news","22":"tag-omp","23":"tag-polish","24":"tag-politico","25":"tag-polski","26":"tag-screening_general","27":"tag-swiat","28":"tag-tim_walz","29":"tag-top-stories","30":"tag-topstories","31":"tag-usa","32":"tag-wiadomosci","33":"tag-world","34":"tag-world-news","35":"tag-worldnews"},"share_on_mastodon":{"url":"https:\/\/pubeurope.com\/@pl\/115890066807303549","error":""},"_links":{"self":[{"href":"https:\/\/www.europesays.com\/pl\/wp-json\/wp\/v2\/posts\/202670","targetHints":{"allow":["GET"]}}],"collection":[{"href":"https:\/\/www.europesays.com\/pl\/wp-json\/wp\/v2\/posts"}],"about":[{"href":"https:\/\/www.europesays.com\/pl\/wp-json\/wp\/v2\/types\/post"}],"author":[{"embeddable":true,"href":"https:\/\/www.europesays.com\/pl\/wp-json\/wp\/v2\/users\/2"}],"replies":[{"embeddable":true,"href":"https:\/\/www.europesays.com\/pl\/wp-json\/wp\/v2\/comments?post=202670"}],"version-history":[{"count":0,"href":"https:\/\/www.europesays.com\/pl\/wp-json\/wp\/v2\/posts\/202670\/revisions"}],"wp:featuredmedia":[{"embeddable":true,"href":"https:\/\/www.europesays.com\/pl\/wp-json\/wp\/v2\/media\/202671"}],"wp:attachment":[{"href":"https:\/\/www.europesays.com\/pl\/wp-json\/wp\/v2\/media?parent=202670"}],"wp:term":[{"taxonomy":"category","embeddable":true,"href":"https:\/\/www.europesays.com\/pl\/wp-json\/wp\/v2\/categories?post=202670"},{"taxonomy":"post_tag","embeddable":true,"href":"https:\/\/www.europesays.com\/pl\/wp-json\/wp\/v2\/tags?post=202670"}],"curies":[{"name":"wp","href":"https:\/\/api.w.org\/{rel}","templated":true}]}}