{"id":202734,"date":"2026-01-13T22:39:13","date_gmt":"2026-01-13T22:39:13","guid":{"rendered":"https:\/\/www.europesays.com\/pl\/202734\/"},"modified":"2026-01-13T22:39:13","modified_gmt":"2026-01-13T22:39:13","slug":"globalna-awaria-x-platforma-elona-muska-padla-na-kolana","status":"publish","type":"post","link":"https:\/\/www.europesays.com\/pl\/202734\/","title":{"rendered":"Globalna awaria X. Platforma Elona Muska pad\u0142a na kolana"},"content":{"rendered":"<p>Je\u015bli pr\u00f3bowali\u015bcie dzi\u015b sprawdzi\u0107 najnowsze wiadomo\u015bci na platformie X (dawniej Twitter) i przywita\u0142 was pusty ekran, nie jeste\u015bcie sami. Serwis spo\u0142eczno\u015bciowy Elona Muska pad\u0142 ofiar\u0105 gigantycznej awarii technicznej, odcinaj\u0105c od \u015bwiata miliony u\u017cytkownik\u00f3w.<\/p>\n<p>Problemy uderzy\u0142y z zaskoczenia w godzinach szczytu, wywo\u0142uj\u0105c globalny chaos informacyjny i frustracj\u0119 internaut\u00f3w.<\/p>\n<p>    Dalsza cz\u0119\u015b\u0107 tekstu pod wideo<\/p>\n<p>        <img loading=\"lazy\" decoding=\"async\" src=\"https:\/\/www.europesays.com\/pl\/wp-content\/uploads\/2026\/01\/1767809589_489_B32963402.414688363;dc_trk_aid=607216972;dc_trk_cid=228291445;ord=[timestamp];dc_lat=;dc_rdid=;tag_f.gif\" attributionsrc=\"\" border=\"0\" height=\"1\" width=\"1\" alt=\"Advertisement\"\/><\/p>\n<p>Raporty o b\u0142\u0119dach zala\u0142y sie\u0107 b\u0142yskawicznie &#8211; od Stan\u00f3w Zjednoczonych po Japoni\u0119. U\u017cytkownicy skar\u017cyli si\u0119 na niemo\u017cno\u015b\u0107 od\u015bwie\u017cenia osi czasu, problemy z logowaniem oraz znikaj\u0105ce tweety. Aplikacja mobilna wy\u015bwietla\u0142a jedynie komunikaty o b\u0142\u0119dzie \u201eWyst\u0105pi\u0142 problem\u201d, a wersja przegl\u0105darkowa sta\u0142a si\u0119 bezu\u017cyteczna. Wirtualny \u201eplac miejski\u201d, jak lubi nazywa\u0107 X jego w\u0142a\u015bciciel, nagle opustosza\u0142.<\/p>\n<p><img decoding=\"async\" src=\"https:\/\/www.europesays.com\/pl\/wp-content\/uploads\/2026\/01\/8de77f542ba9fd24f68e.png\" alt=\"undefined\" style=\"display: block; margin-left: auto; margin-right: auto;\"\/><\/p>\n<p>Parali\u017c ten dotkn\u0105\u0142 w znacznym stopniu tak\u017ce Polsk\u0119. Krajowe serwisy monitoruj\u0105ce awarie, takie jak Downdetector, odnotowa\u0142y nag\u0142y skok zg\u0142osze\u0144 od u\u017cytkownik\u00f3w znad Wis\u0142y, kt\u00f3rzy w jednej chwili stracili dost\u0119p do swoich kont. Polska spo\u0142eczno\u015b\u0107, zazwyczaj niezwykle aktywna w komentowaniu bie\u017c\u0105cych wydarze\u0144, zosta\u0142a zmuszona do milczenia lub tymczasowej emigracji na konkurencyjne platformy Threads i Bluesky.<\/p>\n<p>Przyczyny tego \u201eblackoutu\u201d pozostaj\u0105 niejasne, cho\u0107 eksperci bran\u017cowi wskazuj\u0105 na mo\u017cliwe skutki agresywnych zmian w infrastrukturze serwerowej, kt\u00f3re Musk wdra\u017ca w ramach ci\u0119cia koszt\u00f3w. Uszczuplony zesp\u00f3\u0142 techniczny m\u00f3g\u0142 nie podo\u0142a\u0107 obci\u0105\u017ceniu przy wprowadzaniu kolejnej aktualizacji algorytm\u00f3w. I cho\u0107 us\u0142ugi powoli wracaj\u0105 do normy, dzisiejsza awaria jest kolejnym sygna\u0142em ostrzegawczym czy na X wci\u0105\u017c mo\u017cna polega\u0107 jako na g\u0142\u00f3wnym kanale komunikacji w sytuacjach kryzysowych.<\/p>\n","protected":false},"excerpt":{"rendered":"Je\u015bli pr\u00f3bowali\u015bcie dzi\u015b sprawdzi\u0107 najnowsze wiadomo\u015bci na platformie X (dawniej Twitter) i przywita\u0142 was pusty ekran, nie jeste\u015bcie&hellip;\n","protected":false},"author":2,"featured_media":202735,"comment_status":"","ping_status":"","sticky":false,"template":"","format":"standard","meta":{"footnotes":""},"categories":[20],"tags":[120,118,119,42,38,40,39,41,116,114,115,121,117],"class_list":{"0":"post-202734","1":"post","2":"type-post","3":"status-publish","4":"format-standard","5":"has-post-thumbnail","7":"category-nauka-i-technika","8":"tag-nauka","9":"tag-nauka-i-technika","10":"tag-naukatechnika","11":"tag-pl","12":"tag-poland","13":"tag-polish","14":"tag-polska","15":"tag-polski","16":"tag-science","17":"tag-science-and-technology","18":"tag-sciencetechnology","19":"tag-technika","20":"tag-technology"},"share_on_mastodon":{"url":"https:\/\/pubeurope.com\/@pl\/115890196545513796","error":""},"_links":{"self":[{"href":"https:\/\/www.europesays.com\/pl\/wp-json\/wp\/v2\/posts\/202734","targetHints":{"allow":["GET"]}}],"collection":[{"href":"https:\/\/www.europesays.com\/pl\/wp-json\/wp\/v2\/posts"}],"about":[{"href":"https:\/\/www.europesays.com\/pl\/wp-json\/wp\/v2\/types\/post"}],"author":[{"embeddable":true,"href":"https:\/\/www.europesays.com\/pl\/wp-json\/wp\/v2\/users\/2"}],"replies":[{"embeddable":true,"href":"https:\/\/www.europesays.com\/pl\/wp-json\/wp\/v2\/comments?post=202734"}],"version-history":[{"count":0,"href":"https:\/\/www.europesays.com\/pl\/wp-json\/wp\/v2\/posts\/202734\/revisions"}],"wp:featuredmedia":[{"embeddable":true,"href":"https:\/\/www.europesays.com\/pl\/wp-json\/wp\/v2\/media\/202735"}],"wp:attachment":[{"href":"https:\/\/www.europesays.com\/pl\/wp-json\/wp\/v2\/media?parent=202734"}],"wp:term":[{"taxonomy":"category","embeddable":true,"href":"https:\/\/www.europesays.com\/pl\/wp-json\/wp\/v2\/categories?post=202734"},{"taxonomy":"post_tag","embeddable":true,"href":"https:\/\/www.europesays.com\/pl\/wp-json\/wp\/v2\/tags?post=202734"}],"curies":[{"name":"wp","href":"https:\/\/api.w.org\/{rel}","templated":true}]}}