{"id":202742,"date":"2026-01-13T22:43:08","date_gmt":"2026-01-13T22:43:08","guid":{"rendered":"https:\/\/www.europesays.com\/pl\/202742\/"},"modified":"2026-01-13T22:43:08","modified_gmt":"2026-01-13T22:43:08","slug":"bellingham-nie-wytrzymal-po-zwolnieniu-alonso-gno-prawda","status":"publish","type":"post","link":"https:\/\/www.europesays.com\/pl\/202742\/","title":{"rendered":"Bellingham nie wytrzyma\u0142 po zwolnieniu Alonso. 'G**no prawda&#8217;"},"content":{"rendered":"<p class=\"art_paragraph\">Xabi Alonso przez lata by\u0142 przedstawiany jako potencjalny kandydat do zast\u0105pienia w <a href=\"https:\/\/www.sport.pl\/pilka\/7,65082,32454032,real-zawiodl-na-calej-linii-alez-sensacja-konczyli-mecz-w.html#anchorLink\" rel=\"nofollow noopener\" target=\"_blank\">Realu<\/a> Madryt Carlo Ancelottiego. W czerwcu 2025 roku wszystko sta\u0142o si\u0119 jasne: Hiszpan zosta\u0142 g\u0142\u00f3wnym trenerem pi\u0119tnastokrotnego triumfatora Ligi Mistrz\u00f3w. Pocz\u0105tkowo mia\u0142 pe\u0142ne wsparcie i sympati\u0119 <a href=\"https:\/\/www.sport.pl\/kibice#anchorLink\" rel=\"nofollow noopener\" target=\"_blank\">kibic\u00f3w<\/a> oraz zarz\u0105du Realu, ale z czasem wszystko zacz\u0119\u0142o si\u0119 sypa\u0107.<\/p>\n<p>\n    Zobacz wideo Jak zagra Legia na wiosn\u0119? Papszun: B\u0119dziemy walczy\u0107 o \u017cycie\n  <\/p>\n<p class=\"art_paragraph\">Bellingham odpowiedzia\u0142 ws. Alonso. To w\u0142a\u015bnie o tym wszystkim my\u015bli<\/p>\n<p class=\"art_paragraph\">Dzie\u0144 po\u00a0pora\u017cce w finale Superpucharu Hiszpanii (2:3 z FC Barcelon\u0105) pojawi\u0142a si\u0119 oficjalna informacja, \u017ce Xabi Alonso nie jest ju\u017c trenerem Realu Madryt. Jak twierdzi\u0142 potem\u00a0Emilio Butragueno,\u00a0dyrektor ds. relacji instytucjonalnych w utytu\u0142owanym klubie, do odej\u015bcia Hiszpana dosz\u0142o za porozumieniem stron. Jego nast\u0119pc\u0105 zosta\u0142 Alvaro Arbeloa. Hiszpa\u0144skie media w mi\u0119dzyczasie skupi\u0142y si\u0119 na powodach, przez kt\u00f3re Alonso nie by\u0142 w stanie odnie\u015b\u0107 w Madrycie sukcesu.\u00a0<\/p>\n<p class=\"art_paragraph\">ZOBACZ TE\u017b: <a href=\"https:\/\/www.sport.pl\/pilka\/7,65082,32526006,bedzie-hit-klopp-odpowiedzial-na-plotki-ws-realu-madryt.html\" class=\"art_link\" rel=\"dofollow noopener\" target=\"_blank\">B\u0119dzie hit? Klopp odpowiedzia\u0142 na plotki ws. Realu Madryt<\/a><\/p>\n<p class=\"art_paragraph\">Mario Cortegana z &#8222;The Athletic&#8221; poinformowa\u0142, \u017ce cho\u0107 cz\u0119\u015b\u0107 szatni Realu Madryt\u00a0wspiera\u0142a Alonso, to trzech pi\u0142karzy mia\u0142o o nim z\u0142e zdanie. Byli podobno nimi <a href=\"https:\/\/www.sport.pl\/vinicius-junior#anchorLink\" rel=\"nofollow noopener\" target=\"_blank\">Vinicius Junior<\/a>, Federico Valverde oraz Jude Bellingham. Co ciekawe, Brazyliczyk jest obok Franco Mastantouno jedynym <a href=\"https:\/\/www.sport.pl\/pilkarz#anchorLink\" rel=\"nofollow noopener\" target=\"_blank\">pi\u0142karzem<\/a> hiszpa\u0144skiej ekipy, kt\u00f3ry dotychczas nie po\u017cegna\u0142 44-letniego trenera w social mediach, a Anglik zrobi\u0142 to jako jeden z ostatnich.<\/p>\n<p class=\"art_paragraph\">Bellingham kompletnie nie zgadza si\u0119 jednak z tym, \u017ceby kiedykolwiek mia\u0142 problem z Alonso. Za po\u015brednictwem swojej aplikacji &#8222;JB5&#8221; w ostrych s\u0142owach wypowiedzia\u0142 si\u0119 na temat ostatnich pog\u0142osek oraz os\u00f3b, kt\u00f3re ujawnia\u0142y kulisy szatni Realu.<\/p>\n<p class=\"art_paragraph\">&#8222;Dotychczas odpuszcza\u0142em zbyt wiele takich rzeczy, maj\u0105c nadziej\u0119, \u017ce prawda zawsze wyjdzie na jaw w swoim czasie. Jednak szczerze. Co za g**no prawda. Szczerze jest mi przykro z powodu ludzi, kt\u00f3rzy \u0142api\u0105 ka\u017cde s\u0142owo tych klaun\u00f3w i ich &#8222;\u017ar\u00f3de\u0142&#8221;. Nie wierzcie we wszystko, co czytacie. Od czasu do czasu ta banda musi by\u0107 rozliczona za szerzenie tego typu dezinformacji dla klik\u00f3w i dodatkowych kontrowersji&#8221; &#8211; napisa\u0142 angielski pi\u0142karz.<\/p>\n<p class=\"art_paragraph\">Real Madryt kolejne spotkanie, ju\u017c pod wodz\u0105 Alvaro Arbeloi, rozegra 14 stycznia. Jego rywalem w Pucharze Kr\u00f3la b\u0119dzie Albacete.<\/p>\n","protected":false},"excerpt":{"rendered":"Xabi Alonso przez lata by\u0142 przedstawiany jako potencjalny kandydat do zast\u0105pienia w Realu Madryt Carlo Ancelottiego. W czerwcu&hellip;\n","protected":false},"author":2,"featured_media":202743,"comment_status":"","ping_status":"","sticky":false,"template":"","format":"standard","meta":{"footnotes":""},"categories":[5],"tags":[32,33,36,37,27,34,35,28,31,25,42,38,40,39,41,29,30,26],"class_list":{"0":"post-202742","1":"post","2":"type-post","3":"status-publish","4":"format-standard","5":"has-post-thumbnail","7":"category-naglowki","8":"tag-breaking-news","9":"tag-breakingnews","10":"tag-featured-news","11":"tag-featurednews","12":"tag-headlines","13":"tag-latest-news","14":"tag-latestnews","15":"tag-naglowki","16":"tag-najwazniejsze-artykuly","17":"tag-news","18":"tag-pl","19":"tag-poland","20":"tag-polish","21":"tag-polska","22":"tag-polski","23":"tag-top-stories","24":"tag-topstories","25":"tag-wiadomosci"},"share_on_mastodon":{"url":"https:\/\/pubeurope.com\/@pl\/115890212284192984","error":""},"_links":{"self":[{"href":"https:\/\/www.europesays.com\/pl\/wp-json\/wp\/v2\/posts\/202742","targetHints":{"allow":["GET"]}}],"collection":[{"href":"https:\/\/www.europesays.com\/pl\/wp-json\/wp\/v2\/posts"}],"about":[{"href":"https:\/\/www.europesays.com\/pl\/wp-json\/wp\/v2\/types\/post"}],"author":[{"embeddable":true,"href":"https:\/\/www.europesays.com\/pl\/wp-json\/wp\/v2\/users\/2"}],"replies":[{"embeddable":true,"href":"https:\/\/www.europesays.com\/pl\/wp-json\/wp\/v2\/comments?post=202742"}],"version-history":[{"count":0,"href":"https:\/\/www.europesays.com\/pl\/wp-json\/wp\/v2\/posts\/202742\/revisions"}],"wp:featuredmedia":[{"embeddable":true,"href":"https:\/\/www.europesays.com\/pl\/wp-json\/wp\/v2\/media\/202743"}],"wp:attachment":[{"href":"https:\/\/www.europesays.com\/pl\/wp-json\/wp\/v2\/media?parent=202742"}],"wp:term":[{"taxonomy":"category","embeddable":true,"href":"https:\/\/www.europesays.com\/pl\/wp-json\/wp\/v2\/categories?post=202742"},{"taxonomy":"post_tag","embeddable":true,"href":"https:\/\/www.europesays.com\/pl\/wp-json\/wp\/v2\/tags?post=202742"}],"curies":[{"name":"wp","href":"https:\/\/api.w.org\/{rel}","templated":true}]}}