{"id":202752,"date":"2026-01-13T22:48:07","date_gmt":"2026-01-13T22:48:07","guid":{"rendered":"https:\/\/www.europesays.com\/pl\/202752\/"},"modified":"2026-01-13T22:48:07","modified_gmt":"2026-01-13T22:48:07","slug":"niemcy-zwiekszaja-wydatki-na-obronnosc-francja-czuje-sie-zagrozona","status":"publish","type":"post","link":"https:\/\/www.europesays.com\/pl\/202752\/","title":{"rendered":"Niemcy zwi\u0119kszaj\u0105 wydatki na obronno\u015b\u0107. Francja czuje si\u0119 zagro\u017cona"},"content":{"rendered":"<p data-section=\"detail-body\">Berlin planuje przeznaczy\u0107 na obronno\u015b\u0107 do 2029 r. ponad 500 mld euro (ponad 2,1 bln z\u0142), osi\u0105gaj\u0105c cel dla kraj\u00f3w NATO wynosz\u0105cy 3,5 proc. PKB sze\u015b\u0107 lat przed wymaganym terminem. To historyczne zobowi\u0105zanie, kt\u00f3re zmienia uk\u0142ad si\u0142 w Europie. <\/p>\n<p class=\"article_p\" data-section=\"detail-body\">Dalsza cz\u0119\u015b\u0107 artyku\u0142u pod materia\u0142em wideo:<\/p>\n<p class=\"article_p\" data-section=\"detail-body\">Niemieckie inwestycje w zbrojenia wyprzedzaj\u0105 mo\u017cliwo\u015bci finansowe wi\u0119kszo\u015bci pa\u0144stw europejskich, w tym Francji, kt\u00f3ra od lat by\u0142a jednym z lider\u00f3w w tej dziedzinie.<\/p>\n<p class=\"article_p\" data-section=\"detail-body\">Jednak obawy w Pary\u017cu nie wynikaj\u0105 wy\u0142\u0105cznie z finans\u00f3w.<\/p>\n<p>            Czytaj tak\u017ce w BUSINESS INSIDER<\/p>\n<p class=\"article_p\" data-section=\"detail-body\">\u2014 Francja znajduje si\u0119 w kruchej sytuacji. Niemiecka determinacja w budowaniu pot\u0119gi militarnej mo\u017ce zepchn\u0105\u0107 nas na magines \u2014 m\u00f3wi Fran\u00e7ois-Xavier Bellamy, francuski europose\u0142 z EPL. Bellamy, kt\u00f3ry od dawna promuje has\u0142o &#8222;kupuj europejskie&#8221; w kontek\u015bcie obronno\u015bci, podkre\u015bla, \u017ce Francja powinna skupi\u0107 si\u0119 na wsp\u00f3\u0142pracy z s\u0105siadami, zamiast szuka\u0107 odleg\u0142ych rynk\u00f3w eksportowych dla swojego przemys\u0142u zbrojeniowego.<\/p>\n<p>        Nowa dynamika w Europie<\/p>\n<p class=\"article_p\" data-section=\"detail-body\">Decyzje Berlina, cho\u0107 zgodne z celami NATO, wywo\u0142uj\u0105 napi\u0119cia w relacjach francusko-niemieckich. Claudia Major z German Marshall Fund w wypowiedzi dla agencji Bloomberga zauwa\u017ca, \u017ce tradycyjny podzia\u0142 r\u00f3l w Europie \u2014 z Niemcami jako gospodarczym gigantem i Francj\u0105 jako liderem geopolitycznym \u2014 przestaje obowi\u0105zywa\u0107.<\/p>\n<p class=\"article_p\" data-section=\"detail-body\">\u2014 Niemcy teraz chc\u0105 by\u0107 zar\u00f3wno pot\u0119g\u0105 gospodarcz\u0105, jak i polityczn\u0105. To stawia Francj\u0119 w trudnej sytuacji \u2014 podkre\u015bla Major.<\/p>\n<p class=\"article_p\" data-section=\"detail-body\">Niepok\u00f3j Francji wzr\u00f3s\u0142, gdy Berlin og\u0142osi\u0142 projekt europejskiej tarczy przeciwlotniczej i przeciwrakietowej (European Sky Shield Initiative \u2014 red.), maj\u0105cej wype\u0142ni\u0107 luki w systemach obrony przeciwrakietowej. Pary\u017c poczu\u0142 si\u0119 wykluczony z tego przedsi\u0119wzi\u0119cia.<\/p>\n<p class=\"article_p\" data-section=\"detail-body\">Czytaj tak\u017ce: <a href=\"https:\/\/businessinsider.com.pl\/gospodarka\/czy-europa-moze-sie-sama-uzbroic-oto-co-mowia-eksperci\/6w4rb3x\" id=\"259e61fb-73d3-41ff-824d-e7f57ec6d479\" rel=\"nofollow noopener\" target=\"_blank\">Rosja coraz gro\u017aniejsza, Donald Trump szokuje. Czy Europa mo\u017ce si\u0119 sama uzbroi\u0107?<\/a><\/p>\n<p class=\"article_p\" data-section=\"detail-body\">Dodatkow\u0105 frustracj\u0119 we Francji wywo\u0142a\u0142a decyzja Niemiec o zakupie 35 ameryka\u0144skich my\u015bliwc\u00f3w F-35 za 10 mld euro (ok. 42,3 mld z\u0142) zamiast europejskich samolot\u00f3w.<\/p>\n<p>        Rekordowe wydatki i polityczne napi\u0119cia<\/p>\n<p class=\"article_p\" data-section=\"detail-body\">Za rz\u0105d\u00f3w kanclerza Friedricha Merza Niemcy de facto zrezygnowa\u0142y z restrykcyjnych limit\u00f3w zad\u0142u\u017cenia, by sfinansowa\u0107 historyczne inwestycje w zbrojenia. Agencja Bloomberga przypomina, \u017ce jest to odpowied\u017a na rosn\u0105ce zagro\u017cenie ze strony Rosji, kt\u00f3ra zmusi\u0142a pa\u0144stwa nordyckie, ba\u0142tyckie i Polsk\u0119 do zwi\u0119kszenia wydatk\u00f3w na obronno\u015b\u0107. Jednak \u017cadne z tych pa\u0144stw nie mo\u017ce dor\u00f3wna\u0107 Niemcom pod wzgl\u0119dem skali i tempa inwestycji.<\/p>\n<p class=\"article_p\" data-section=\"detail-body\">W grudniu sekretarz generalny NATO Mark Rutte podczas wizyty w Berlinie nie szcz\u0119dzi\u0142 pochwa\u0142:<\/p>\n<p class=\"article_p\" data-section=\"detail-body\">\u2014 Niemcy daj\u0105 przyk\u0142ad, jak dzia\u0142a\u0107, by zapewni\u0107 bezpiecze\u0144stwo. Takiej determinacji potrzebujemy \u2014 m\u00f3wi\u0142.<\/p>\n<p class=\"article_p\" data-section=\"detail-body\">Czytaj tak\u017ce: <a href=\"https:\/\/businessinsider.com.pl\/finanse\/europa-sie-zbroi-na-dozbrajanie-wyda-nawet-do-800-mld-euro\/zf08e71\" id=\"8b9b99d6-1065-461a-af37-ccbe54fe5c26\" rel=\"nofollow noopener\" target=\"_blank\">Europa si\u0119 zbroi. Na dozbrajanie wyda nawet do 800 mld euro<\/a><\/p>\n<p class=\"article_p\" data-section=\"detail-body\">Mimo to we Francji rosn\u0105 obawy o przysz\u0142o\u015b\u0107 w\u0142asnego przemys\u0142u obronnego. Czterech francuskich urz\u0119dnik\u00f3w, kt\u00f3rzy woleli pozosta\u0107 anonimowi, a na kt\u00f3rych powo\u0142uje si\u0119 agencja Bloomberga, przyzna\u0142o, \u017ce rosn\u0105ca pot\u0119ga militarna Niemiec budzi w Pary\u017cu niepok\u00f3j o polityczne konsekwencje tego zjawiska.<\/p>\n<p>        Echa historii i nowe wyzwania<\/p>\n<p class=\"article_p\" data-section=\"detail-body\">Przez dekady Niemcy unika\u0142y roli militarnego lidera w Europie, co wynika\u0142o z ich historycznych do\u015bwiadcze\u0144. Teraz jednak, w obliczu zmieniaj\u0105cych si\u0119 reali\u00f3w geopolitycznych, Berlin zmienia kurs. Decyzje te s\u0105 \u015bci\u015ble koordynowane z sojusznikami, ale ich skala i tempo wywo\u0142uj\u0105 mieszane reakcje w Europie.<\/p>\n<p class=\"article_p\" data-section=\"detail-body\">\u2014 Francja od dawna narzeka\u0142a, \u017ce dzia\u0142a w obronno\u015bci w pojedynk\u0119. Teraz, gdy Niemcy anga\u017cuj\u0105 si\u0119 na pe\u0142n\u0105 skal\u0119, Pary\u017c musi dostosowa\u0107 si\u0119 do nowej rzeczywisto\u015bci \u2014 zauwa\u017ca Bellamy.<\/p>\n<p class=\"article_p\" data-section=\"detail-body\">Czytaj tak\u017ce: <a href=\"https:\/\/businessinsider.com.pl\/wiadomosci\/europa-inwestuje-w-bezpieczenstwo-edip-ma-wzmocnic-obronnosc-ue-i-ukrainy\/4tek0l4\" id=\"6cd57c65-d7eb-4b4d-89ce-c8ff94dbc2e5\" rel=\"nofollow noopener\" target=\"_blank\">Europa stawia na w\u0142asn\u0105 obron\u0119. Parlament uruchamia historyczny program<\/a><\/p>\n<p class=\"article_p\" data-section=\"detail-body\">Niepewno\u015b\u0107 we Francji odzwierciedla szersze napi\u0119cia w Europie, gdzie stare podzia\u0142y i r\u00f3wnowagi w\u0142adzy ust\u0119puj\u0105 miejsca nowym wyzwaniom. Wzrost pot\u0119gi militarnej Berlina, jak podkre\u015bla agencja Bloomberga, to tylko jeden z element\u00f3w tej uk\u0142adanki, ale jego skutki mog\u0105 by\u0107 odczuwalne daleko poza granicami kontynentu.<\/p>\n","protected":false},"excerpt":{"rendered":"Berlin planuje przeznaczy\u0107 na obronno\u015b\u0107 do 2029 r. ponad 500 mld euro (ponad 2,1 bln z\u0142), osi\u0105gaj\u0105c cel&hellip;\n","protected":false},"author":2,"featured_media":202753,"comment_status":"","ping_status":"","sticky":false,"template":"","format":"standard","meta":{"footnotes":""},"categories":[14],"tags":[32,33,27,34,35,28,31,25,40,41,80,29,30,26,82,83,84],"class_list":{"0":"post-202752","1":"post","2":"type-post","3":"status-publish","4":"format-standard","5":"has-post-thumbnail","7":"category-swiat","8":"tag-breaking-news","9":"tag-breakingnews","10":"tag-headlines","11":"tag-latest-news","12":"tag-latestnews","13":"tag-naglowki","14":"tag-najwazniejsze-artykuly","15":"tag-news","16":"tag-polish","17":"tag-polski","18":"tag-swiat","19":"tag-top-stories","20":"tag-topstories","21":"tag-wiadomosci","22":"tag-world","23":"tag-world-news","24":"tag-worldnews"},"share_on_mastodon":{"url":"https:\/\/pubeurope.com\/@pl\/115890232106446810","error":""},"_links":{"self":[{"href":"https:\/\/www.europesays.com\/pl\/wp-json\/wp\/v2\/posts\/202752","targetHints":{"allow":["GET"]}}],"collection":[{"href":"https:\/\/www.europesays.com\/pl\/wp-json\/wp\/v2\/posts"}],"about":[{"href":"https:\/\/www.europesays.com\/pl\/wp-json\/wp\/v2\/types\/post"}],"author":[{"embeddable":true,"href":"https:\/\/www.europesays.com\/pl\/wp-json\/wp\/v2\/users\/2"}],"replies":[{"embeddable":true,"href":"https:\/\/www.europesays.com\/pl\/wp-json\/wp\/v2\/comments?post=202752"}],"version-history":[{"count":0,"href":"https:\/\/www.europesays.com\/pl\/wp-json\/wp\/v2\/posts\/202752\/revisions"}],"wp:featuredmedia":[{"embeddable":true,"href":"https:\/\/www.europesays.com\/pl\/wp-json\/wp\/v2\/media\/202753"}],"wp:attachment":[{"href":"https:\/\/www.europesays.com\/pl\/wp-json\/wp\/v2\/media?parent=202752"}],"wp:term":[{"taxonomy":"category","embeddable":true,"href":"https:\/\/www.europesays.com\/pl\/wp-json\/wp\/v2\/categories?post=202752"},{"taxonomy":"post_tag","embeddable":true,"href":"https:\/\/www.europesays.com\/pl\/wp-json\/wp\/v2\/tags?post=202752"}],"curies":[{"name":"wp","href":"https:\/\/api.w.org\/{rel}","templated":true}]}}