{"id":202766,"date":"2026-01-13T22:56:07","date_gmt":"2026-01-13T22:56:07","guid":{"rendered":"https:\/\/www.europesays.com\/pl\/202766\/"},"modified":"2026-01-13T22:56:07","modified_gmt":"2026-01-13T22:56:07","slug":"zurek-mowil-o-azylu-dla-ziobry-zwrocil-uwage-na-skrajnie-dziwna-sytuacje-onet","status":"publish","type":"post","link":"https:\/\/www.europesays.com\/pl\/202766\/","title":{"rendered":"\u017burek m\u00f3wi\u0142 o azylu dla Ziobry. Zwr\u00f3ci\u0142 uwag\u0119 na &quot;skrajnie dziwn\u0105 sytuacj\u0119&quot; &#8211; Onet"},"content":{"rendered":"<ol>\n<li><a href=\"https:\/\/news.google.com\/rss\/articles\/CBMi0AFBVV95cUxNQkVSNkdHOEYwV3VHVFpPYTA3YkpHQWRKdkVWRER4ZDNjeHVTRkplMXBydlUyWUpvLVZiMXlxYW9MeV95MkpweHZTLVNZSTAxcE5HYzRYajFCYWl1c29oZjZoWXYwM1ItbGpVc0lGWkRVcWRaX1BPaXpxNy1ieWl3TjRxandCM29ENktiTkV4aW5EYTRqMmtFcDFUT1llb2h0bFV6TUh5dHFyeE1zd0JRamN1dUlpcjBSaFVZZjR5Mkc0YXR3OG9MMWZBc0xqRXJO?oc=5\" target=\"_blank\" rel=\"nofollow noopener\">\u017burek m\u00f3wi\u0142 o azylu dla Ziobry. Zwr\u00f3ci\u0142 uwag\u0119 na &#8222;skrajnie dziwn\u0105 sytuacj\u0119&#8221;<\/a>&nbsp;&nbsp;Onet<\/li>\n<li><a href=\"https:\/\/news.google.com\/rss\/articles\/CBMisgFBVV95cUxQdFU2MkxKcncwZ3l4WWxEaEZ2VV9OWGVMRWd6eWJPZFAtN1E1M2lOMk9SMmJqTmowYWNfNWhhMG5PS3dHcmNsbU02cWhQeGV4bWl3LVZNdTBMeVdqVE4xYXRxOFpsOWRkSTZLN3FRN05YWG1wYzZvLTdndlZ3bWJBN2d0a25MaFgzemNUUmkyS3c3ZFV2d0xvMWFsTXVJc2NIZGVlZlZWUkM3Z29VZVhldFdn?oc=5\" target=\"_blank\" rel=\"nofollow noopener\">&#8222;Tch\u00f3rzliwy i mi\u0119kki&#8221;. W\u0119gierskie media uderzaj\u0105 w Ziobr\u0119. S\u0105 te\u017c g\u0142osy poparcia<\/a>&nbsp;&nbsp;Newsweek<\/li>\n<li><a href=\"https:\/\/news.google.com\/rss\/articles\/CBMiuwFBVV95cUxOU3FoM2huVUh6YW5yMlE1Z3ZJZ0Uwd3RlOE53OG9pMTBRZXJuaUZpYnl1R1c1OV9WNVdqWU4xU3phZzB6dmtjUGRDVndpeE00Ml91emowVktvWEVLU3FYeUlpcExJRmFFdnFSelNVbW54ck9tbVU4TzZMRUpZUjVpY0NoTG9uWjVZbmw5UXZldldZNUVDdUJYWnN6UThrSzhZQ0lmdWZzUlpVbVVDSkViZXlWdUd1VWJaTlNN?oc=5\" target=\"_blank\" rel=\"nofollow noopener\">Stanowcza deklaracja \u017burka. &#8222;B\u0119dziemy \u015bciga\u0107 Ziobr\u0119 po ca\u0142ym \u015bwiecie&#8221;<\/a>&nbsp;&nbsp;Gazeta<\/li>\n<li><a href=\"https:\/\/news.google.com\/rss\/articles\/CBMiugFBVV95cUxNTDQ1QTdTa3BNYjAzWW43dzlPVlRhVHkwSi1pV2pIdWRUcG9vVWxQbUp4MDI0bUJJUlN4V1ljOWZad050RXY0ek9ieXdHOUZnazRWMVBtM2xja0k0M2VDMWQxTldzWUJvSDVyeFJXN3Z6dzdRV0s0dGRjSlB3MHRaMzkyYXBpYkJJejBlckltWlhNczlqRTRHQ2lrU0lRZUg5RzVmY0gxaUNsNUZMUGVQMVpiUDFjWDZqSHc?oc=5\" target=\"_blank\" rel=\"nofollow noopener\">Orban musi zrywa\u0107 boki ze \u015bmiechu. Rozgrywa polskich polityk\u00f3w, jak mu si\u0119 podoba [OPINIA]<\/a>&nbsp;&nbsp;Wydarzenia w INTERIA.PL<\/li>\n<li><a href=\"https:\/\/news.google.com\/rss\/articles\/CBMinAFBVV95cUxQUmZLSWR4b0JOVUg2ZVdBYkxIU3A0bnlxaDJQT2M0Rk9UMEktMU5UOG9sdlNuRFZYcWZxcElwTGtWWEVXZGJIcURCS0N5R2hfcXFOR29wOUU2QjROajhFVzU2VkM4RW45YUtwYmU5a2NPbWZHaXhXMEJPNHl6bkcyZDZ0MFdzWnBRVjBzaVRMS3U2SUJMR2tVWDVkVGM?oc=5\" target=\"_blank\" rel=\"nofollow noopener\">Azyl dla Zbigniewa Ziobry. Prezydent Nawrocki zabra\u0142 g\u0142os<\/a>&nbsp;&nbsp;Onet Wiadomo\u015bci<\/li>\n<\/ol>\n","protected":false},"excerpt":{"rendered":"\u017burek m\u00f3wi\u0142 o azylu dla Ziobry. Zwr\u00f3ci\u0142 uwag\u0119 na &#8222;skrajnie dziwn\u0105 sytuacj\u0119&#8221;&nbsp;&nbsp;Onet &#8222;Tch\u00f3rzliwy i mi\u0119kki&#8221;. W\u0119gierskie media uderzaj\u0105&hellip;\n","protected":false},"author":2,"featured_media":202767,"comment_status":"","ping_status":"","sticky":false,"template":"","format":"standard","meta":{"footnotes":""},"categories":[12],"tags":[32,33,36,37,27,67,34,35,28,31,53,25,52,68,51,55,42,38,40,4409,39,41,47,29,30,65,50,793,26,4070],"class_list":{"0":"post-202766","1":"post","2":"type-post","3":"status-publish","4":"format-standard","5":"has-post-thumbnail","7":"category-polska","8":"tag-breaking-news","9":"tag-breakingnews","10":"tag-featured-news","11":"tag-featurednews","12":"tag-headlines","13":"tag-intextvideo_splayer","14":"tag-latest-news","15":"tag-latestnews","16":"tag-naglowki","17":"tag-najwazniejsze-artykuly","18":"tag-new_header","19":"tag-news","20":"tag-onet3","21":"tag-onet3d","22":"tag-onet3d_2i","23":"tag-phx","24":"tag-pl","25":"tag-poland","26":"tag-polish","27":"tag-polityka_polityk_polityczka_politycy","28":"tag-polska","29":"tag-polski","30":"tag-screening_general","31":"tag-top-stories","32":"tag-topstories","33":"tag-update_me","34":"tag-v2021","35":"tag-waldemar_zurek","36":"tag-wiadomosci","37":"tag-zbigniew_ziobro_polityk"},"share_on_mastodon":{"url":"https:\/\/pubeurope.com\/@pl\/115890263431618777","error":""},"_links":{"self":[{"href":"https:\/\/www.europesays.com\/pl\/wp-json\/wp\/v2\/posts\/202766","targetHints":{"allow":["GET"]}}],"collection":[{"href":"https:\/\/www.europesays.com\/pl\/wp-json\/wp\/v2\/posts"}],"about":[{"href":"https:\/\/www.europesays.com\/pl\/wp-json\/wp\/v2\/types\/post"}],"author":[{"embeddable":true,"href":"https:\/\/www.europesays.com\/pl\/wp-json\/wp\/v2\/users\/2"}],"replies":[{"embeddable":true,"href":"https:\/\/www.europesays.com\/pl\/wp-json\/wp\/v2\/comments?post=202766"}],"version-history":[{"count":0,"href":"https:\/\/www.europesays.com\/pl\/wp-json\/wp\/v2\/posts\/202766\/revisions"}],"wp:featuredmedia":[{"embeddable":true,"href":"https:\/\/www.europesays.com\/pl\/wp-json\/wp\/v2\/media\/202767"}],"wp:attachment":[{"href":"https:\/\/www.europesays.com\/pl\/wp-json\/wp\/v2\/media?parent=202766"}],"wp:term":[{"taxonomy":"category","embeddable":true,"href":"https:\/\/www.europesays.com\/pl\/wp-json\/wp\/v2\/categories?post=202766"},{"taxonomy":"post_tag","embeddable":true,"href":"https:\/\/www.europesays.com\/pl\/wp-json\/wp\/v2\/tags?post=202766"}],"curies":[{"name":"wp","href":"https:\/\/api.w.org\/{rel}","templated":true}]}}