{"id":202790,"date":"2026-01-13T23:10:16","date_gmt":"2026-01-13T23:10:16","guid":{"rendered":"https:\/\/www.europesays.com\/pl\/202790\/"},"modified":"2026-01-13T23:10:16","modified_gmt":"2026-01-13T23:10:16","slug":"justyna-dobrosz-oracz-zaskoczyla-widzow-kamery-wszystko-uchwycily","status":"publish","type":"post","link":"https:\/\/www.europesays.com\/pl\/202790\/","title":{"rendered":"Justyna Dobrosz-Oracz zaskoczy\u0142a widz\u00f3w. Kamery wszystko uchwyci\u0142y"},"content":{"rendered":"<p class=\"ods-c-paragraph \">Po zmianach w Telewizji Polskiej w grudniu 2023 r. g\u0142\u00f3wnym wieczornym serwisem informacyjnym TVP sta\u0142 si\u0119 program &#8222;19:30&#8221;. Tradycyjnie po jego zako\u0144czeniu prowadz\u0105cy zapowiadaj\u0105 &#8222;Pytanie dnia&#8221;, w kt\u00f3rym zapraszani politycy i eksperci komentuj\u0105 bie\u017c\u0105ce wydarzenia. Tak by\u0142o r\u00f3wnie\u017c w poniedzia\u0142ek.<\/p>\n<p>Dalszy ci\u0105g artyku\u0142u pod materia\u0142em wideo<\/p>\n<p> Jakie gesty wykona\u0142a Justyna Dobrosz-Oracz? <\/p>\n<p> Kto by\u0142 go\u015bciem w programie po &#8217;19:30&#8242;? <\/p>\n<p> Czym by\u0142 incydent sejmowy z Justyn\u0105 Dobrosz-Oracz? <\/p>\n<p> Kto prowadzi\u0142 poniedzia\u0142kowe wydanie &#8217;19:30&#8242;? <\/p>\n<p>  To wydarzy\u0142o si\u0119 po &#8222;19:30&#8221;. Widzowie zobaczyli wszystko na \u017cywo<\/p>\n<p class=\"ods-c-paragraph \">\u2014 Ko\u0144czymy &#8222;19:30&#8221;. Ju\u017c za chwil\u0119 &#8222;Pytanie dnia&#8221;. U Justyny Dobrosz-Oracz szef Krajowej Administracji Skarbowej Marcin \u0141oboda, kt\u00f3ry tropi nadu\u017cycia i ujawni ich skal\u0119. To trzeba zobaczy\u0107. Do zobaczenia \u2014 powiedzia\u0142 na koniec prowadz\u0105cy poniedzia\u0142kowe wydanie &#8222;19:30&#8221; Zbigniew \u0141uczy\u0144ski. <\/p>\n<p class=\"ods-c-paragraph \">Po tych s\u0142owach na ekranie pojawi\u0142y si\u0119 napisy ko\u0144cowe. Chwil\u0119 p\u00f3\u017aniej kamery uchwyci\u0142y jeszcze jeden, kr\u00f3tki gest zza kulis. Kamery uchwyci\u0142y <a href=\"https:\/\/plejada.pl\/temat\/justyna-dobrosz-oracz\/qevcnxs\" id=\"34f1d748-6ef5-447b-9aad-315708a00772\" rel=\"nofollow noopener\" target=\"_blank\">Justyn\u0119 Dobrosz-Oracz<\/a>, kt\u00f3ra z u\u015bmiechem przes\u0142a\u0142a redakcyjnemu koledze buziaki i u\u0142o\u017cy\u0142a d\u0142onie w kszta\u0142t serca, w ten spos\u00f3b dzi\u0119kuj\u0105c za zapowied\u017a programu i zach\u0119cenie widz\u00f3w do pozostania przed telewizorami.<\/p>\n<p><img decoding=\"async\" src=\"https:\/\/www.europesays.com\/pl\/wp-content\/uploads\/2026\/01\/TBUk9lBaHR0cHM6Ly9vY2RuLmV1L3B1bHNjbXMvTURBXy9lNjU3NWVjNTAzYTA2ZjNlZmViNzRlMzczMDkwMjFmOC5wbmeRlQLNB.jpeg\" height=\"531\" width=\"940\" alt=\"Marcin \u0141oboda, Justyna Dobrosz-Oracz\" loading=\"lazy\" class=\"ods-c-image__img ods-c-image__img--viewport-width\"\/><\/p>\n<p>Marcin \u0141oboda, Justyna Dobrosz-Oraczscreen, tvp.info\/program-19-30 \/ TVP<\/p>\n<p> <img decoding=\"async\" src=\"https:\/\/www.europesays.com\/pl\/wp-content\/uploads\/2026\/01\/0CLk9lBaHR0cHM6Ly9vY2RuLmV1L3B1bHNjbXMvTURBXy8xZjY0OTA4MTgzNmU0NjQxZmNhYzY2ODE4NDhhNTRmNS5wbmeRlQLNB.jpeg\" height=\"530\" width=\"940\" alt=\"Marcin \u0141oboda, Justyna Dobrosz-Oracz, Zbigniew \u0141uczy\u0144ski\" loading=\"lazy\" class=\"ods-c-image__img ods-c-image__img--viewport-width\"\/><\/p>\n<p>Marcin \u0141oboda, Justyna Dobrosz-Oracz, Zbigniew \u0141uczy\u0144skiscreen, tvp.info\/program-19-30 \/ TVP<\/p>\n<p class=\"ods-c-paragraph \">Przypomnijmy, \u017ce w ostatnich tygodniach media szeroko relacjonowa\u0142y tak\u017ce <a href=\"https:\/\/plejada.pl\/newsy\/dziennikarka-tvp-starla-sie-z-senatorem-pis-prosze-mnie-nie-dotykac\/zveq97p\" id=\"15332e86-ee34-403a-989d-8e7d537ec9af\" rel=\"nofollow noopener\" target=\"_blank\">sejmowy incydent z udzia\u0142em Justyny Dobrosz-Oracz<\/a>. Podczas jednego z wywiad\u00f3w senator Wojciech Skurkiewicz z PiS zwr\u00f3ci\u0142 si\u0119 do dziennikarki w spos\u00f3b uznany za obra\u017aliwy, sugeruj\u0105c, by nie &#8222;zachowywa\u0142a si\u0119, jakby mia\u0142a orzeszek zamiast m\u00f3zgu&#8221;. Chwil\u0119 p\u00f3\u017aniej polityk pr\u00f3bowa\u0142 wy\u0142\u0105czy\u0107 mikrofon reporterki. W reakcji na spraw\u0119 polityk <a href=\"https:\/\/plejada.pl\/newsy\/zachowanie-polityka-wobec-dziennikarki-tvp-oburzylo-widzow-sprawa-ma-swoj-final\/zf6n9et\" id=\"9275bc40-cf2e-4587-94a8-c2b5c395cc1f\" rel=\"nofollow noopener\" target=\"_blank\">zapowiedzia\u0142 publiczne przeprosiny<\/a>.<\/p>\n<p>   <img decoding=\"async\" src=\"https:\/\/www.europesays.com\/pl\/wp-content\/uploads\/2026\/01\/s-pk9lBaHR0cHM6Ly9vY2RuLmV1L3B1bHNjbXMvTURBXy8zOGQxMzM5Njk5MDU4YmMyMmQ2M2IyMGViZDQxZjZkNy5qcGeRlQLNA.jpeg\" height=\"529\" width=\"940\" alt=\"Justyna Dobrosz-Oracz\" loading=\"lazy\" class=\"ods-c-image__img ods-c-image__img--vertical\"\/><\/p>\n<p>Justyna Dobrosz-OraczAndras Szilagyi \/ MW Media<\/p>\n<p class=\"ods-c-paragraph \">Dzi\u0119kujemy, \u017ce przeczyta\u0142a\u015b\/e\u015b nasz artyku\u0142 do ko\u0144ca. W serwisie Plejada.pl ka\u017cdego dnia piszemy o najwa\u017cniejszych wydarzeniach show-biznesowych. B\u0105d\u017a na bie\u017c\u0105co! <a rel=\"nofollow noopener\" href=\"https:\/\/profile.google.com\/cp\/Cg0vZy8xMWJ6X19wdHBx\" id=\"3361d42f-ec58-4cba-91df-df915824ba7a\" target=\"_blank\">Obserwuj<\/a> Plejad\u0119 w Google. Odwied\u017a nas tak\u017ce na <a rel=\"nofollow noopener\" href=\"https:\/\/www.facebook.com\/plejadapl\" id=\"d3c7dc98-ef09-4b04-abbc-50a91b3b5811\" target=\"_blank\">Facebooku<\/a>, <a rel=\"nofollow noopener\" href=\"https:\/\/www.instagram.com\/plejadapl\/\" id=\"45beec64-5c60-439b-a4d9-4ad5f5daca2c\" target=\"_blank\">Instagramie<\/a>, <a rel=\"nofollow noopener\" href=\"https:\/\/www.youtube.com\/c\/plejada\" id=\"75785dc5-890e-4891-a118-9a0bb3fede44\" target=\"_blank\">YouTubie<\/a> oraz <a rel=\"nofollow noopener\" href=\"https:\/\/www.tiktok.com\/@plejada_pl\" id=\"f75edb0d-8473-4afd-847e-11769a6120f4\" target=\"_blank\">TikToku<\/a>.<\/p>\n<p class=\"ods-c-paragraph \">Chcesz podzieli\u0107 si\u0119 ciekawym newsem lub zaproponowa\u0107 temat? Skontaktuj si\u0119 z nami, pisz\u0105c maila na adres: <a rel=\"nofollow noopener\" href=\"https:\/\/plejada.pl\/newsy\/justyna-dobrosz-oracz-zaskoczyla-widzow-kamery-wszystko-uchwycily\/mailto:plejada@redakcjaonet.pl\" id=\"d976ec42-0977-47cb-84df-ccb4007f7155\" target=\"_blank\">plejada@redakcjaon<\/a><a rel=\"nofollow noopener\" href=\"https:\/\/et.pl\/\" id=\"6c6aad7a-0662-4bb7-854b-60f5aa59c4d1\" target=\"_blank\">et.pl<\/a>.<\/p>\n<p><script async src=\"\/\/www.instagram.com\/embed.js\"><\/script><script async src=\"\/\/www.tiktok.com\/embed.js\"><\/script><\/p>\n","protected":false},"excerpt":{"rendered":"Po zmianach w Telewizji Polskiej w grudniu 2023 r. g\u0142\u00f3wnym wieczornym serwisem informacyjnym TVP sta\u0142 si\u0119 program &#8222;19:30&#8221;.&hellip;\n","protected":false},"author":2,"featured_media":202791,"comment_status":"","ping_status":"","sticky":false,"template":"","format":"standard","meta":{"footnotes":""},"categories":[12],"tags":[32,33,36,37,27,9537,34,35,28,31,48,25,125,46,42,38,40,39,41,47,29,30,506,26],"class_list":{"0":"post-202790","1":"post","2":"type-post","3":"status-publish","4":"format-standard","5":"has-post-thumbnail","7":"category-polska","8":"tag-breaking-news","9":"tag-breakingnews","10":"tag-featured-news","11":"tag-featurednews","12":"tag-headlines","13":"tag-justyna_dobrosz_oracz","14":"tag-latest-news","15":"tag-latestnews","16":"tag-naglowki","17":"tag-najwazniejsze-artykuly","18":"tag-nat_styl","19":"tag-news","20":"tag-newsy","21":"tag-omp","22":"tag-pl","23":"tag-poland","24":"tag-polish","25":"tag-polska","26":"tag-polski","27":"tag-screening_general","28":"tag-top-stories","29":"tag-topstories","30":"tag-tvp","31":"tag-wiadomosci"},"share_on_mastodon":{"url":"https:\/\/pubeurope.com\/@pl\/115890318421835674","error":""},"_links":{"self":[{"href":"https:\/\/www.europesays.com\/pl\/wp-json\/wp\/v2\/posts\/202790","targetHints":{"allow":["GET"]}}],"collection":[{"href":"https:\/\/www.europesays.com\/pl\/wp-json\/wp\/v2\/posts"}],"about":[{"href":"https:\/\/www.europesays.com\/pl\/wp-json\/wp\/v2\/types\/post"}],"author":[{"embeddable":true,"href":"https:\/\/www.europesays.com\/pl\/wp-json\/wp\/v2\/users\/2"}],"replies":[{"embeddable":true,"href":"https:\/\/www.europesays.com\/pl\/wp-json\/wp\/v2\/comments?post=202790"}],"version-history":[{"count":0,"href":"https:\/\/www.europesays.com\/pl\/wp-json\/wp\/v2\/posts\/202790\/revisions"}],"wp:featuredmedia":[{"embeddable":true,"href":"https:\/\/www.europesays.com\/pl\/wp-json\/wp\/v2\/media\/202791"}],"wp:attachment":[{"href":"https:\/\/www.europesays.com\/pl\/wp-json\/wp\/v2\/media?parent=202790"}],"wp:term":[{"taxonomy":"category","embeddable":true,"href":"https:\/\/www.europesays.com\/pl\/wp-json\/wp\/v2\/categories?post=202790"},{"taxonomy":"post_tag","embeddable":true,"href":"https:\/\/www.europesays.com\/pl\/wp-json\/wp\/v2\/tags?post=202790"}],"curies":[{"name":"wp","href":"https:\/\/api.w.org\/{rel}","templated":true}]}}