{"id":202793,"date":"2026-01-13T23:12:07","date_gmt":"2026-01-13T23:12:07","guid":{"rendered":"https:\/\/www.europesays.com\/pl\/202793\/"},"modified":"2026-01-13T23:12:07","modified_gmt":"2026-01-13T23:12:07","slug":"rzecznik-lecha-agnero-stracil-jeden-trening","status":"publish","type":"post","link":"https:\/\/www.europesays.com\/pl\/202793\/","title":{"rendered":"Rzecznik Lecha: &#8222;Agnero straci\u0142 jeden trening&#8221;"},"content":{"rendered":"<p>Lech Pozna\u0144 na\u00a0zimowym zgrupowaniu przebywa w\u00a0Abu Zabi w\u00a0Zjednoczonych Emiratach Arabskich. Klub z\u00a0Wielkopolski robi wszystko, aby po\u00a0raz drugi z\u00a0rz\u0119du wywalczy\u0107 mistrzostwo Polski. Rzecznik Lecha, Adrian Ga\u0142uszka, odpowiedzia\u0142 na\u00a0kilka pyta\u0144 w\u00a0zimowej ods\u0142onie Ligi Minus.<\/p>\n<p>Bliski Wsch\u00f3d oaz\u0105 spokoju Lecha przed\u00a0rund\u0105 wiosenn\u0105<\/p>\n<p>Przez\u00a0dwa tygodnie zgrupowania na\u00a0Bliskim Wschodzie Kolejorz zagra trzy spotkania. Jeden ze\u00a0sparingpartner\u00f3w zmieni\u0142 si\u0119. Wyb\u00f3r rywali nie\u00a0jest przypadkowy.<\/p>\n<p>\u2013 Zamys\u0142 by\u0142 taki, aby rywale nie\u00a0schodzili poni\u017cej pewnego poziomu. \u017bylina i\u00a0Noah to\u00a0gwarantuj\u0105. S\u0142owacy byli jesieni\u0105 liderem w\u00a0swojej lidze, Noah zagra w\u00a0tej\u00a0samej fazie Ligi Konferencji, co\u00a0my\u00a0(\u2026) Co\u00a0do\u00a0trzeciego sparingpartnera, nast\u0105pi\u0142a zmiana, Samarkand\u0119 zast\u0105pi\u0142 sz\u00f3sty zesp\u00f3\u0142 z\u00a0ligi z\u00a0Uzbekistanu.<\/p>\n<blockquote class=\"twitter-tweet\">\n<p dir=\"ltr\" lang=\"pl\">\u2139\ufe0f Na\u00a0zgrupowaniu w\u00a0Zjednoczonych Emiratach Arabskich rozegramy 3\u20e3 mecze sparingowe.<\/p>\n<p>W\u00a0ostatnich godzinach nast\u0105pi\u0142a zmiana jednego rywala \u2013 zamiast Dinama Samarkanda z\u00a0Uzbekistanu b\u0119dzie to\u00a0inny klub z\u00a0tego kraju, AGMK Olmaliq.<\/p>\n<p>Szczeg\u00f3\u0142y rozgrywanych sparing\u00f3w \ud83d\udc47\ud83c\udffc <a href=\"https:\/\/t.co\/EDctKVNWtG\" target=\"_blank\" rel=\"noopener noreferrer nofollow\">pic.twitter.com\/EDctKVNWtG<\/a><\/p>\n<p>\u2014\u00a0Lech Pozna\u0144 (@LechPoznan) <a href=\"https:\/\/twitter.com\/LechPoznan\/status\/2010999963396734994?ref_src=twsrc%5Etfw\" target=\"_blank\" rel=\"noopener noreferrer nofollow\">January 13, 2026<\/a><\/p>\n<\/blockquote>\n<p>Nie\u00a0ma\u00a0w\u00a0tym tajemnicy, \u017ce\u00a0wi\u0119kszo\u015b\u0107 zespo\u0142\u00f3w Ekstraklasy na\u00a0miejsce do\u00a0przygotowa\u0144 do\u00a0rundy wiosennej wybiera tureckie Belek. Dru\u017cyna z\u00a0Wielkopolski wybra\u0142a Zjednoczone Emiraty Arabskie. Ga\u0142uszka zdradzi\u0142 szczeg\u00f3\u0142y \u201eoperacji Abu Zabi\u201d.<\/p>\n<p>\u2013 G\u0142\u00f3wnym powodem by\u0142o, aby realizowa\u0107 swoje za\u0142o\u017cenia. Wi\u0105\u017ce si\u0119 to\u00a0zar\u00f3wno z\u00a0logistyk\u0105, wydatkiem. Mamy przez\u00a014 dni ponad 20 jednostek treningowych, odpowiedni\u0105 infrastruktur\u0119, boisko na\u00a0wy\u0142\u0105czno\u015b\u0107 \u2013 co\u00a0warto podkre\u015bli\u0107, a\u00a0tak\u017ce niezb\u0119dn\u0105 pogod\u0119. Musi nam ona pozwoli\u0107 trenowa\u0107 bez\u00a0zak\u0142\u00f3ce\u0144. Tu\u00a0jest jej wi\u0119ksza gwarancja ni\u017c w\u00a0Turcji. Tam zdarza\u0142o si\u0119 co\u015b odwo\u0142a\u0107, prze\u0142o\u017cy\u0107. Najpierw trzeba efektywnie wykona\u0107 swoj\u0105 robot\u0119. (..)\u00a0<\/p>\n<p>\u2013 Tutaj jest spokojniej. Mniej ludzi si\u0119 kr\u0119ci, nie\u00a0ma\u00a0\u017cycia nocnego. (\u2026) Rok temu sztab szkoleniowy chcia\u0142 mie\u0107 te\u00a02-3 dni wi\u0119cej na\u00a0prac\u0119. Teraz to\u00a0jest. Trener Frederiksen na\u00a0pewno jednak jest zadowolony.<\/p>\n<p>Do\u00a0dru\u017cyny w\u00a0Abu Zabi do\u0142\u0105czy\u0142 ju\u017c Yannick Agnero. Pi\u0142karz, kt\u00f3ry\u00a0poczeka\u0142 troch\u0119 na\u00a0pierwsze trafienie dla Lecha w\u00a0rundzie jesiennej, mia\u0142 problem natury biurokratycznej. Dru\u017cyna czeka jeszcze na\u00a0asystenta Nielsa Frederiksena, Sindre Tjelmelanda.<\/p>\n<p>\u2013 Yannick straci\u0142 trzy posi\u0142ki i\u00a0jedn\u0105 jednostk\u0119 treningow\u0105. Wiza musia\u0142a by\u0107 cofni\u0119ta i\u00a0jeszcze raz z\u0142o\u017cona. Op\u00f3\u017anienie wynios\u0142o dob\u0119 z\u00a0hakiem. To\u00a0nie\u00a0kwestia z\u0142ego wniosku, zabrak\u0142o jakiej\u015b piecz\u0105tki. Nie\u00a0ma\u00a0jeszcze z\u00a0nami Sindre Tjelmelanda, ca\u0142a jego rodzina ma\u00a0jak\u0105\u015b chorob\u0119. Podj\u0119li\u015bmy wi\u0119c\u00a0prewencyjne \u015brodki. My\u015bl\u0119, \u017ce\u00a0przyb\u0119dzie do\u00a0nas w\u00a0okolicach pierwszego sparingu.<\/p>\n<blockquote class=\"twitter-tweet\">\n<p dir=\"ltr\" lang=\"pl\">Dobrze Ci\u0119 widzie\u0107, Yannick! <a href=\"https:\/\/t.co\/Cjjxiz0Avn\" target=\"_blank\" rel=\"noopener noreferrer nofollow\">pic.twitter.com\/Cjjxiz0Avn<\/a><\/p>\n<p>\u2014\u00a0Lech Pozna\u0144 (@LechPoznan) <a href=\"https:\/\/twitter.com\/LechPoznan\/status\/2011068632064004266?ref_src=twsrc%5Etfw\" target=\"_blank\" rel=\"noopener noreferrer nofollow\">January 13, 2026<\/a><\/p>\n<\/blockquote>\n<p>Nie\u00a0zabrak\u0142o te\u017c tematu kenijskiego pomocnika, Timothy\u2019ego Oumy. Zawodnik wypo\u017cyczony z\u00a0ligi czeskiej trenuje obecnie z\u00a0drug\u0105 dru\u017cyn\u0105, bowiem nie\u00a0pojecha\u0142 na\u00a0ob\u00f3z w\u00a0Zjednoczonych Emiratach Arabskich.<\/p>\n<p>\u2013 Co\u00a0do\u00a0Timothy\u2019ego, obi\u0142o mi\u00a0si\u0119, \u017ce\u00a0ma\u00a0mocne postanowienie poprawy. Nie\u00a0dotrzyma\u0142 zasad, kt\u00f3re panuj\u0105 w\u00a0zespole, jak i\u00a0ca\u0142ym klubie. Kara jest w\u00a0pe\u0142ni adekwatna do\u00a0przewinienia. Wszystko jest w\u00a0jego nogach i\u00a0g\u0142owie. Dobrze, \u017ce\u00a0wysy\u0142a ten sygna\u0142, \u017ce\u00a0chce wr\u00f3ci\u0107.<\/p>\n<blockquote class=\"twitter-tweet\">\n<p dir=\"ltr\" lang=\"pl\">Plamen Andreev zawodnikiem Kolejorza \ud83e\udee1 Bu\u0142gar do\u0142\u0105czy\u0142 do\u00a0Kolejorza w\u00a0ramach p\u00f3\u0142rocznego wypo\u017cyczenia. Mistrz Polski ma\u00a0opcj\u0119 wykupu bramkarza z\u00a0Feyenoordu Rotterdam.<\/p>\n<p>Cze\u015b\u0107 Plamen! \ud83d\udd35\u26aa\ufe0f\ud83d\udc4b\ud83c\udffc <a href=\"https:\/\/t.co\/j8PMiV1n3Q\" target=\"_blank\" rel=\"noopener noreferrer nofollow\">pic.twitter.com\/j8PMiV1n3Q<\/a><\/p>\n<p>\u2014\u00a0Lech Pozna\u0144 (@LechPoznan) <a href=\"https:\/\/twitter.com\/LechPoznan\/status\/2008584349223145879?ref_src=twsrc%5Etfw\" target=\"_blank\" rel=\"noopener noreferrer nofollow\">January 6, 2026<\/a><\/p>\n<\/blockquote>\n<p>Bardzo ciekawym wzmocnieniem sk\u0142adu jest P\u0142amen Andriejew. Bramkarz z\u00a0Bu\u0142garii do\u0142\u0105czy\u0142 zim\u0105 do\u00a0zespo\u0142u z\u00a0Poznania. Mimo m\u0142odego wieku, ma\u00a0ju\u017c na\u00a0koncie bardzo wiele boiskowych do\u015bwiadcze\u0144<\/p>\n<p>\u2013 Ciekawa jest historia tego bramkarza. On\u00a0si\u0119 \u201ewychowa\u0142\u201d poniek\u0105d na\u00a0trybunach stadionu Lewskiego od\u00a0dziecka. Mia\u0142 18 lat i\u00a0ju\u017c wtedy zosta\u0142 kapitanem tej\u00a0dru\u017cyny. Nie\u00a0tak\u00a0dawno wygra\u0142 krajowy puchar, wi\u0119c\u00a0dla niego by\u0142a to\u00a0super sprawa, du\u017ca duma i\u00a0ciekawie o\u00a0tym opowiada\u0142.<\/p>\n<p>\u2013 W\u00a0treningach bramkarskich bra\u0142 udzia\u0142 ju\u017c w\u00a0czterech krajach. M\u00f3wi, \u017ce\u00a0nam najbli\u017cej do\u00a0szko\u0142y holenderskiej pod\u00a0k\u0105tem bramkarzy, bo\u00a0jest du\u017co ma\u0142ych i\u00a0du\u017cych gier. Bramkarz jest w\u0142\u0105czony do\u00a0reszty dru\u017cyny, bierze czynny udzia\u0142, a\u00a0nie\u00a0uczestniczy gdzie\u015b w\u00a0rogu boiska \u2013 opowiada\u0142 o\u00a0Andriejewie Ga\u0142uszka.<\/p>\n<p>CZYTAJ WI\u0118CEJ NA\u00a0WESZ\u0141O:<\/p>\n<p>Fot.\u00a0Newspix<\/p>\n<p>                    <script async src=\"https:\/\/platform.twitter.com\/widgets.js\" charset=\"utf-8\"><\/script><\/p>\n","protected":false},"excerpt":{"rendered":"Lech Pozna\u0144 na\u00a0zimowym zgrupowaniu przebywa w\u00a0Abu Zabi w\u00a0Zjednoczonych Emiratach Arabskich. Klub z\u00a0Wielkopolski robi wszystko, aby po\u00a0raz drugi z\u00a0rz\u0119du&hellip;\n","protected":false},"author":2,"featured_media":116928,"comment_status":"","ping_status":"","sticky":false,"template":"","format":"standard","meta":{"footnotes":""},"categories":[24],"tags":[215,42,37364,38,40,39,41,127,126,20187],"class_list":{"0":"post-202793","1":"post","2":"type-post","3":"status-publish","4":"format-standard","5":"has-post-thumbnail","7":"category-sport","8":"tag-lech-poznan","9":"tag-pl","10":"tag-plamen-andreev","11":"tag-poland","12":"tag-polish","13":"tag-polska","14":"tag-polski","15":"tag-sport","16":"tag-sports","17":"tag-yannick-agnero"},"share_on_mastodon":{"url":"https:\/\/pubeurope.com\/@pl\/115890326571481540","error":""},"_links":{"self":[{"href":"https:\/\/www.europesays.com\/pl\/wp-json\/wp\/v2\/posts\/202793","targetHints":{"allow":["GET"]}}],"collection":[{"href":"https:\/\/www.europesays.com\/pl\/wp-json\/wp\/v2\/posts"}],"about":[{"href":"https:\/\/www.europesays.com\/pl\/wp-json\/wp\/v2\/types\/post"}],"author":[{"embeddable":true,"href":"https:\/\/www.europesays.com\/pl\/wp-json\/wp\/v2\/users\/2"}],"replies":[{"embeddable":true,"href":"https:\/\/www.europesays.com\/pl\/wp-json\/wp\/v2\/comments?post=202793"}],"version-history":[{"count":0,"href":"https:\/\/www.europesays.com\/pl\/wp-json\/wp\/v2\/posts\/202793\/revisions"}],"wp:featuredmedia":[{"embeddable":true,"href":"https:\/\/www.europesays.com\/pl\/wp-json\/wp\/v2\/media\/116928"}],"wp:attachment":[{"href":"https:\/\/www.europesays.com\/pl\/wp-json\/wp\/v2\/media?parent=202793"}],"wp:term":[{"taxonomy":"category","embeddable":true,"href":"https:\/\/www.europesays.com\/pl\/wp-json\/wp\/v2\/categories?post=202793"},{"taxonomy":"post_tag","embeddable":true,"href":"https:\/\/www.europesays.com\/pl\/wp-json\/wp\/v2\/tags?post=202793"}],"curies":[{"name":"wp","href":"https:\/\/api.w.org\/{rel}","templated":true}]}}