{"id":202821,"date":"2026-01-13T23:30:12","date_gmt":"2026-01-13T23:30:12","guid":{"rendered":"https:\/\/www.europesays.com\/pl\/202821\/"},"modified":"2026-01-13T23:30:12","modified_gmt":"2026-01-13T23:30:12","slug":"cios-w-rosyjska-flote-cieni-brytyjskie-sily-specjalne-moga-przejmowac-ich-statki","status":"publish","type":"post","link":"https:\/\/www.europesays.com\/pl\/202821\/","title":{"rendered":"Cios w rosyjsk\u0105 flot\u0119 cieni. Brytyjskie si\u0142y specjalne mog\u0105 przejmowa\u0107 ich statki"},"content":{"rendered":"<p>Dlaczego to jest wa\u017cne?  <\/p>\n<p class=\"Paragraph_desktopParagraph__U31Gm\">Flota cieni to statki formalnie zarejestrowane pod r\u00f3\u017cnymi zagranicznymi banderami, ale op\u0142acane przez Rosj\u0119 i wykorzystywane do realizacji jej interes\u00f3w. Dziennik &#8222;Times&#8221; poinformowa\u0142, \u017ce brytyjskie si\u0142y specjalne b\u0119d\u0105 mog\u0142y bra\u0107 udzia\u0142 w operacjach ich zatrzymywania i przejmowania.<\/p>\n<p class=\"Paragraph_desktopParagraph__U31Gm\">Do tej pory brytyjscy \u017co\u0142nierze nie uczestniczyli bezpo\u015brednio w takich akcjach, ograniczaj\u0105c si\u0119 do rozpoznania i wsparcia logistycznego \u2014 <a href=\"https:\/\/wiadomosci.onet.pl\/swiat\/poscig-za-tankowcem-sily-usa-weszly-na-poklad-statku-z-flaga-rosji\/kzb36d9\" id=\"c75991ad-7f32-4aeb-b8bb-b76e03cc159a\" rel=\"nofollow noopener\" target=\"_blank\">tak by\u0142o w przypadku zatrzymanego w zesz\u0142ym tygodniu przez si\u0142y USA rosyjskiego tankowca Marinera<\/a>. Zmiany nast\u0119puj\u0105 po tym, jak urz\u0119dnikom uda\u0142o si\u0119 znale\u017a\u0107 podstaw\u0119 prawn\u0105 do zaanga\u017cowania brytyjskich si\u0142 specjalnych. &#8222;Times&#8221; informuje, \u017ce rz\u0105d uwa\u017ca, \u017ce mo\u017ce to by\u0107 ustawa o sankcjach i praniu pieni\u0119dzy.<\/p>\n<ul class=\"OchatFollowUps_wrapper__1ry7X\">\n<li class=\"OchatFollowUps_item__Dhyly OchatFollowUps_itemDesktop__R6aBv\">Jakie dzia\u0142ania b\u0119d\u0105 podejmowa\u0107 brytyjskie si\u0142y specjalne?<\/li>\n<li class=\"OchatFollowUps_item__Dhyly OchatFollowUps_itemDesktop__R6aBv\">Co to jest flota cieni?<\/li>\n<li class=\"OchatFollowUps_item__Dhyly OchatFollowUps_itemDesktop__R6aBv\">Jakie s\u0105 warunki przej\u0119cia statku przez Wielk\u0105 Brytani\u0119?<\/li>\n<li class=\"OchatFollowUps_item__Dhyly OchatFollowUps_itemDesktop__R6aBv\">Jak definiowana jest fa\u0142szywa bandera?<\/li>\n<\/ul>\n<p>Jak b\u0119dzie wygl\u0105da\u0142o przejmowanie statk\u00f3w przez Wielk\u0105 Brytani\u0119? <\/p>\n<p class=\"Paragraph_desktopParagraph__U31Gm\">Zgodnie z prawem morskim ka\u017cdy statek musi by\u0107 zarejestrowany w okre\u015blonym kraju lub terytorium i wywiesza\u0107 jego bander\u0119. Dzi\u0119ki temu mo\u017ce p\u0142ywa\u0107 po wodach mi\u0119dzynarodowych i korzysta\u0107 z pewnych zabezpiecze\u0144, podczas gdy statki uznane za bezpa\u0144stwowe mog\u0105 sta\u0107 si\u0119 celem konfiskaty.<\/p>\n<p class=\"Paragraph_desktopParagraph__U31Gm\">Aby przej\u0105\u0107 statek, Wielka Brytania musi ustali\u0107, \u017ce jednostka jest prawnie bezpa\u0144stwowa. Mo\u017ce to oznacza\u0107, \u017ce nie jest ona legalnie zarejestrowana w \u017cadnym kraju, p\u0142ywa pod fa\u0142szyw\u0105 bander\u0105 lub zosta\u0142a wykre\u015blona z rejestru przez kraj, pod kt\u00f3rego bander\u0105 p\u0142ywa.<\/p>\n<p>Co to znaczy, \u017ce statek p\u0142ywa pod fa\u0142szyw\u0105 bander\u0105? <\/p>\n<p class=\"Paragraph_desktopParagraph__U31Gm\">Mi\u0119dzynarodowa Organizacja Morska definiuje statek jako p\u0142ywaj\u0105cy pod fa\u0142szyw\u0105 bander\u0105, &#8222;je\u017celi administracja danego kraju potwierdzi, \u017ce nie jest on legalnie zarejestrowany pod t\u0105 administracj\u0105&#8221;.<\/p>\n<p class=\"Paragraph_desktopParagraph__U31Gm\">Jak wynika z analizy gazety, co najmniej 107 statk\u00f3w obj\u0119tych sankcjami przez Wielk\u0105 Brytani\u0119 p\u0142ywa pod fa\u0142szywymi banderami pa\u0144stwowymi, a w przypadku kolejnych 245 jest takie podejrzenie. Dziennik dodaje, \u017ce w\u015br\u00f3d tych 107 zidentyfikowanych s\u0105 cztery statki, kt\u00f3re w zesz\u0142ym tygodniu przep\u0142yn\u0119\u0142y, pos\u0142uguj\u0105c si\u0119 fa\u0142szyw\u0105 bander\u0105, przez Kana\u0142 La Manche.<\/p>\n<p class=\"Paragraph_desktopParagraph__U31Gm\">Zobacz tak\u017ce:<\/p>\n","protected":false},"excerpt":{"rendered":"Dlaczego to jest wa\u017cne? Flota cieni to statki formalnie zarejestrowane pod r\u00f3\u017cnymi zagranicznymi banderami, ale op\u0142acane przez Rosj\u0119&hellip;\n","protected":false},"author":2,"featured_media":202822,"comment_status":"","ping_status":"","sticky":false,"template":"","format":"standard","meta":{"footnotes":""},"categories":[14],"tags":[32,33,8110,27,34,35,28,31,53,25,52,68,51,55,40,41,62,47,80,29,30,65,50,26,264,82,83,84],"class_list":{"0":"post-202821","1":"post","2":"type-post","3":"status-publish","4":"format-standard","5":"has-post-thumbnail","7":"category-swiat","8":"tag-breaking-news","9":"tag-breakingnews","10":"tag-flota_cieni","11":"tag-headlines","12":"tag-latest-news","13":"tag-latestnews","14":"tag-naglowki","15":"tag-najwazniejsze-artykuly","16":"tag-new_header","17":"tag-news","18":"tag-onet3","19":"tag-onet3d","20":"tag-onet3d_2i","21":"tag-phx","22":"tag-polish","23":"tag-polski","24":"tag-rosja_kraj_rosjanin_rosjanie_rosjanka_rosjanki","25":"tag-screening_general","26":"tag-swiat","27":"tag-top-stories","28":"tag-topstories","29":"tag-update_me","30":"tag-v2021","31":"tag-wiadomosci","32":"tag-wielka_brytania_kraj","33":"tag-world","34":"tag-world-news","35":"tag-worldnews"},"share_on_mastodon":{"url":"https:\/\/pubeurope.com\/@pl\/115890397053165697","error":""},"_links":{"self":[{"href":"https:\/\/www.europesays.com\/pl\/wp-json\/wp\/v2\/posts\/202821","targetHints":{"allow":["GET"]}}],"collection":[{"href":"https:\/\/www.europesays.com\/pl\/wp-json\/wp\/v2\/posts"}],"about":[{"href":"https:\/\/www.europesays.com\/pl\/wp-json\/wp\/v2\/types\/post"}],"author":[{"embeddable":true,"href":"https:\/\/www.europesays.com\/pl\/wp-json\/wp\/v2\/users\/2"}],"replies":[{"embeddable":true,"href":"https:\/\/www.europesays.com\/pl\/wp-json\/wp\/v2\/comments?post=202821"}],"version-history":[{"count":0,"href":"https:\/\/www.europesays.com\/pl\/wp-json\/wp\/v2\/posts\/202821\/revisions"}],"wp:featuredmedia":[{"embeddable":true,"href":"https:\/\/www.europesays.com\/pl\/wp-json\/wp\/v2\/media\/202822"}],"wp:attachment":[{"href":"https:\/\/www.europesays.com\/pl\/wp-json\/wp\/v2\/media?parent=202821"}],"wp:term":[{"taxonomy":"category","embeddable":true,"href":"https:\/\/www.europesays.com\/pl\/wp-json\/wp\/v2\/categories?post=202821"},{"taxonomy":"post_tag","embeddable":true,"href":"https:\/\/www.europesays.com\/pl\/wp-json\/wp\/v2\/tags?post=202821"}],"curies":[{"name":"wp","href":"https:\/\/api.w.org\/{rel}","templated":true}]}}