{"id":203004,"date":"2026-01-14T01:15:17","date_gmt":"2026-01-14T01:15:17","guid":{"rendered":"https:\/\/www.europesays.com\/pl\/203004\/"},"modified":"2026-01-14T01:15:17","modified_gmt":"2026-01-14T01:15:17","slug":"rok-swietego-franciszka-2026-2027-jak-uzyskac-odpust-zupelny","status":"publish","type":"post","link":"https:\/\/www.europesays.com\/pl\/203004\/","title":{"rendered":"Rok \u015bwi\u0119tego Franciszka 2026-2027. Jak uzyska\u0107 odpust zupe\u0142ny?"},"content":{"rendered":"<p class=\"typography ids-typeset-body ids-typeset-body--preset-large link paragraph ids-paragraph ids-paragraph--default\">Na pocz\u0105tku stycznia 2026 r. Penitencjaria Apostolska og\u0142osi\u0142a dekret w sprawie\u00a0odpustu zupe\u0142nego, wydany z polecenia papie\u017ca Leona XIV i obowi\u0105zuj\u0105cy od 10 stycznia 2026 r. do 10 stycznia 2027 r.<\/p>\n<p>Papie\u017c og\u0142osi\u0142 rok \u015bw. Franciszka. Odpust zupe\u0142ny 2026<\/p>\n<p class=\"typography ids-typeset-body ids-typeset-body--preset-large link paragraph ids-paragraph ids-paragraph--default\">Dokument wi\u0105\u017ce ten szczeg\u00f3lny czas z 800. rocznic\u0105 \u015bmierci \u015bw. Franciszka z Asy\u017cu, kt\u00f3rego duchowo\u015b\u0107 do dzi\u015b kszta\u0142tuje liczne wsp\u00f3lnoty w Ko\u015bciele.<\/p>\n<p class=\"typography ids-typeset-body ids-typeset-body--preset-large link paragraph ids-paragraph ids-paragraph--default\">Franciszek by\u0142 za\u0142o\u017cycielem zakonu Braci Mniejszych, zainspirowa\u0142 zgromadzenie si\u00f3str klarysek i stowarzyszenia dla \u015bwieckich. Dekret nie s\u0142u\u017cy jedynie upami\u0119tnieniu rocznicy, lecz otwiera wiernym dost\u0119p do konkretnych form \u0142aski, powi\u0105zanych z jasno opisanymi praktykami odpustowymi.<\/p>\n<p>Odpust zupe\u0142ny 2026. Jakie warunki trzeba spe\u0142ni\u0107?<\/p>\n<p class=\"typography ids-typeset-body ids-typeset-body--preset-large link paragraph ids-paragraph ids-paragraph--default\">Podstawowe warunki pozostaj\u0105 takie jak zawsze: spowied\u017a, Komunia \u015bwi\u0119ta i modlitwa w intencjach papie\u017ca. Do tego dochodzi warunek, kt\u00f3ry dokument akcentuje szczeg\u00f3lnie mocno &#8211; oderwanie si\u0119 od przywi\u0105zania do grzechu, tak\u017ce powszedniego.<\/p>\n<p class=\"typography ids-typeset-body ids-typeset-body--preset-large link paragraph ids-paragraph ids-paragraph--default\">W roku \u015bwi\u0119tego Franciszka wymagane jest tak\u017ce wykonanie dzie\u0142a jubileuszowego: <a href=\"https:\/\/wydarzenia.interia.pl\/tagi-pielgrzymka,tId,101327\" target=\"_self\" rel=\"nofollow noopener\">pielgrzymka<\/a> do ko\u015bcio\u0142a lub miejsca zwi\u0105zanego z franciszkanami albo z samym \u015bwi\u0119tym z Asy\u017cu oraz udzia\u0142 w nabo\u017ce\u0144stwie jubileuszowym. Odpust mo\u017cna ofiarowa\u0107 r\u00f3wnie\u017c za zmar\u0142ych.<\/p>\n<p class=\"typography ids-typeset-body ids-typeset-body--preset-large link paragraph ids-paragraph ids-paragraph--default\">Dekret podkre\u015bla, \u017ce z tej mo\u017cliwo\u015bci mog\u0105 korzysta\u0107 nie tylko zakonnicy, lecz tak\u017ce \u015bwieccy, kt\u00f3rzy podejm\u0105 pielgrzymk\u0119 i modlitw\u0119 w miejscach zwi\u0105zanych z duchowo\u015bci\u0105 franciszka\u0144sk\u0105.<\/p>\n<p class=\"typography ids-typeset-body ids-typeset-body--preset-large link paragraph ids-paragraph ids-paragraph--default\">Osobne zasady przewidziano dla chorych, os\u00f3b w podesz\u0142ym wieku i tych, kt\u00f3rzy nie mog\u0105 opu\u015bci\u0107 domu &#8211; w ich przypadku wystarczy duchowe zjednoczenie z obchodami i ofiarowanie modlitwy z zamiarem spe\u0142nienia pozosta\u0142ych warunk\u00f3w, gdy stanie si\u0119 to mo\u017cliwe. Kap\u0142ani zostali wezwani do szczeg\u00f3lnej gotowo\u015bci w konfesjonale, bo bez sakramentu pojednania nie da si\u0119 m\u00f3wi\u0107 o pe\u0142nym spe\u0142nieniu wymaga\u0144.<\/p>\n<p>Co to jest odpust zupe\u0142ny?<\/p>\n<p class=\"typography ids-typeset-body ids-typeset-body--preset-large link paragraph ids-paragraph ids-paragraph--default\">W prawie kanonicznym odpust zupe\u0142ny oznacza darowanie kary za grzechy, kt\u00f3re zosta\u0142y ju\u017c odpuszczone w sakramencie pojednania. Innymi s\u0142owy: pojednanie zamyka spraw\u0119 winy, ale pozostawia skutki grzechu, kt\u00f3re w logice Ko\u015bcio\u0142a wymagaj\u0105 dalszego oczyszczenia.<\/p>\n<p class=\"typography ids-typeset-body ids-typeset-body--preset-large link paragraph ids-paragraph ids-paragraph--default\">Przepisy rozr\u00f3\u017cniaj\u0105 odpust cz\u0105stkowy i zupe\u0142ny &#8211; pierwszy usuwa tylko cz\u0119\u015b\u0107 tej kary, drugi ca\u0142o\u015b\u0107.<\/p>\n<p class=\"typography ids-typeset-body ids-typeset-body--preset-large link paragraph ids-paragraph ids-paragraph--default\">Odpust nie dzia\u0142a automatycznie i nie jest nagrod\u0105 za sam\u0105 obecno\u015b\u0107 na nabo\u017ce\u0144stwie czy pielgrzymce. Prawo Ko\u015bcio\u0142a wymaga najpierw odpowiedniego stanu: osoba musi by\u0107 ochrzczona, nie mo\u017ce podlega\u0107 karze ekskomuniki i powinna pozostawa\u0107 w stanie \u0142aski przynajmniej\u00a0do ko\u0144ca czynno\u015bci zwi\u0105zanej z odpustem. Konieczna jest te\u017c wyra\u017ana intencja uzyskania tej \u0142aski oraz wykonanie pozosta\u0142ych warunk\u00f3w w okre\u015blonym czasie i w przewidziany spos\u00f3b.<\/p>\n<p class=\"typography ids-typeset-body ids-typeset-body--preset-large link paragraph ids-paragraph ids-paragraph--default\">Zasady dotycz\u0105ce odpust\u00f3w zosta\u0142y uporz\u0105dkowane w konstytucji apostolskiej Indulgentiarum doctrina, og\u0142oszonej przez Paw\u0142a VI w 1967 roku, i obowi\u0105zuj\u0105 w ca\u0142ym Ko\u015bciele do dzi\u015b. Dokument wskazuje podstawowe warunki (m.in <a href=\"https:\/\/wydarzenia.interia.pl\/tematy-spowiedz,gsbi,6627\" target=\"_self\" rel=\"nofollow noopener\">spowied\u017a<\/a>), a tak\u017ce regu\u0142\u0119, \u017ce odpust zupe\u0142ny mo\u017cna uzyska\u0107 tylko raz w ci\u0105gu dnia. Te za\u0142o\u017cenia stanowi\u0105 fundament, do kt\u00f3rego w szczeg\u00f3lnych okresach dochodz\u0105 dodatkowe wymagania zwi\u0105zane np. z jubileuszem.<\/p>\n<ul class=\"typography ids-typeset-text ids-typeset-text--preset-small list--article-list ids-list ids-list--unordered ids-list--size-small \" datatype=\"disc\">\n<li class=\"ids-list-item ids-list-item__content brief-list-item\"><a class=\"ids-undecorated-link link ids-link \" data-spons=\"false\" href=\"https:\/\/wydarzenia.interia.pl\/zagranica\/news-plomienne-wystapienie-papieza-mowil-o-wojnie-i-wolnosci-slow,nId,22506965\" rel=\"nofollow noopener\" target=\"_blank\">P\u0142omienne wyst\u0105pienie papie\u017ca. M\u00f3wi\u0142 o wojnie i wolno\u015bci s\u0142owa<\/a><\/li>\n<li class=\"ids-list-item ids-list-item__content brief-list-item\"><a class=\"ids-undecorated-link link ids-link \" data-spons=\"false\" href=\"https:\/\/wydarzenia.interia.pl\/kraj\/news-prezydent-na-jasnej-gorze-przemowil-do-kibicow-jestem-jednym,nId,22507193\" rel=\"nofollow noopener\" target=\"_blank\">Prezydent na Jasnej G\u00f3rze. Przem\u00f3wi\u0142 do kibic\u00f3w: Jestem jednym z was<\/a><\/li>\n<\/ul>\n<p>Ziobro z azylem na W\u0119grzech. Tomczyk w &#8221;Graffiti&#8221;: To jest naprawd\u0119 wyj\u0105tkowo demoralizuj\u0105cePolsat NewsPolsat News<\/p>\n<p><a class=\"ids-undecorated-link source ids-page-info--source__link\" href=\"https:\/\/www.interia.pl\" rel=\"nofollow noopener\" target=\"_blank\"><img decoding=\"async\" class=\"ids-image-holder__img\" loading=\"lazy\" alt=\"\" title=\"\" height=\"24px\" src=\"https:\/\/www.europesays.com\/pl\/wp-content\/uploads\/2026\/01\/1767782590_880_0009A60QQ5I2TYF7-C202-F4.webp.webp\"\/><\/a><\/p>\n<p>Masz sugestie, uwagi albo widzisz b\u0142\u0105d? Napisz do nas<\/p>\n","protected":false},"excerpt":{"rendered":"Na pocz\u0105tku stycznia 2026 r. Penitencjaria Apostolska og\u0142osi\u0142a dekret w sprawie\u00a0odpustu zupe\u0142nego, wydany z polecenia papie\u017ca Leona XIV&hellip;\n","protected":false},"author":2,"featured_media":203005,"comment_status":"","ping_status":"","sticky":false,"template":"","format":"standard","meta":{"footnotes":""},"categories":[14],"tags":[32,33,27,34,35,28,31,25,40,41,80,29,30,26,82,83,84],"class_list":{"0":"post-203004","1":"post","2":"type-post","3":"status-publish","4":"format-standard","5":"has-post-thumbnail","7":"category-swiat","8":"tag-breaking-news","9":"tag-breakingnews","10":"tag-headlines","11":"tag-latest-news","12":"tag-latestnews","13":"tag-naglowki","14":"tag-najwazniejsze-artykuly","15":"tag-news","16":"tag-polish","17":"tag-polski","18":"tag-swiat","19":"tag-top-stories","20":"tag-topstories","21":"tag-wiadomosci","22":"tag-world","23":"tag-world-news","24":"tag-worldnews"},"share_on_mastodon":{"url":"https:\/\/pubeurope.com\/@pl\/115890810045742650","error":""},"_links":{"self":[{"href":"https:\/\/www.europesays.com\/pl\/wp-json\/wp\/v2\/posts\/203004","targetHints":{"allow":["GET"]}}],"collection":[{"href":"https:\/\/www.europesays.com\/pl\/wp-json\/wp\/v2\/posts"}],"about":[{"href":"https:\/\/www.europesays.com\/pl\/wp-json\/wp\/v2\/types\/post"}],"author":[{"embeddable":true,"href":"https:\/\/www.europesays.com\/pl\/wp-json\/wp\/v2\/users\/2"}],"replies":[{"embeddable":true,"href":"https:\/\/www.europesays.com\/pl\/wp-json\/wp\/v2\/comments?post=203004"}],"version-history":[{"count":0,"href":"https:\/\/www.europesays.com\/pl\/wp-json\/wp\/v2\/posts\/203004\/revisions"}],"wp:featuredmedia":[{"embeddable":true,"href":"https:\/\/www.europesays.com\/pl\/wp-json\/wp\/v2\/media\/203005"}],"wp:attachment":[{"href":"https:\/\/www.europesays.com\/pl\/wp-json\/wp\/v2\/media?parent=203004"}],"wp:term":[{"taxonomy":"category","embeddable":true,"href":"https:\/\/www.europesays.com\/pl\/wp-json\/wp\/v2\/categories?post=203004"},{"taxonomy":"post_tag","embeddable":true,"href":"https:\/\/www.europesays.com\/pl\/wp-json\/wp\/v2\/tags?post=203004"}],"curies":[{"name":"wp","href":"https:\/\/api.w.org\/{rel}","templated":true}]}}