{"id":203031,"date":"2026-01-14T01:30:13","date_gmt":"2026-01-14T01:30:13","guid":{"rendered":"https:\/\/www.europesays.com\/pl\/203031\/"},"modified":"2026-01-14T01:30:13","modified_gmt":"2026-01-14T01:30:13","slug":"dokad-wybrac-sie-na-ferie-pociagiem-z-trojmiasta","status":"publish","type":"post","link":"https:\/\/www.europesays.com\/pl\/203031\/","title":{"rendered":"Dok\u0105d wybra\u0107 si\u0119 na ferie poci\u0105giem z Tr\u00f3jmiasta?"},"content":{"rendered":"<p>            <a href=\"https:\/\/s-trojmiasto.pl\/zdj\/c\/n\/9\/4220\/1000x0\/4220921-Wycieczka-pociagiem-na-ferie-Takie-sa-oferty-kolejarzy.webp\" target=\"_blank\" data-slide-name=\"811052\" data-lightbox-target=\"photo full\" data-sub-html=\"&lt;h4&gt;Wycieczka poci\u0105giem na ferie? Takie s\u0105 oferty kolejarzy.&lt;\/h4&gt;&lt;p&gt;mat. prasowe&lt;\/p&gt;&#010;\" class=\"photoMarker__link\" data-filter-brightness=\"brightness--100\" rel=\"nofollow noopener\"><\/p>\n<p>    <img decoding=\"async\" style=\"height:500px; aspect-ratio: 1.49925\/1; filter:brightness(1);\" alt=\"Wycieczka poci\u0105giem na ferie? Takie s\u0105 oferty kolejarzy.\" src=\"https:\/\/www.europesays.com\/pl\/wp-content\/uploads\/2026\/01\/4220921-Wycieczka-pociagiem-na-ferie-Takie-sa-oferty-kolejarzy.webp.webp\" class=\"photoMarker__img \" data-slider=\"img\" fetchpriority=\"high\"\/><\/p>\n<p>            <\/a><\/p>\n<p class=\"lead\">W poniedzia\u0142ek, 19 stycznia, rozpocznie si\u0119 pierwsza tura zimowych ferii. Z\u00a0przerwy od nauki skorzystaj\u0105 uczniowie z\u00a0wojew\u00f3dztw: mazowieckiego, pomorskiego, podlaskiego, \u015bwi\u0119tokrzyskiego, warmi\u0144sko-mazurskiego. Gdzie na &#8222;zimowe wakacje&#8221; wybra\u0107 si\u0119 z\u00a0Tr\u00f3jmiasta poci\u0105giem? Kolejarze proponuj\u0105 destynacje. A\u00a0to, jak kursuj\u0105 lokalne poci\u0105gi, mo\u017cna sprawdzi\u0107 <a data-tklik=\"320224\" target=\"_blank\" href=\"https:\/\/www.trojmiasto.pl\/skm\/\" rel=\"nofollow noopener\">w rozk\u0142adach Trojmiasto.pl.<\/a><\/p>\n<p>Gdzie na ferie poci\u0105giem z\u00a0Tr\u00f3jmiasta? Nie tylko Zakopane<br \/>\nTradycyjnie, jak co roku, najwi\u0119kszym zainteresowaniem turyst\u00f3w ciesz\u0105 si\u0119 polskie g\u00f3ry. Niekwestionowan\u0105 stolic\u0105 zimowego wypoczynku jest Zakopane. <a data-tklik=\"874723\" target=\"_blank\" href=\"https:\/\/www.trojmiasto.pl\/wiadomosci\/Z-Gdanska-do-Zakopanego-w-7-godzin-PKP-Intercity-zapowiedzialo-nowy-rozklad-n209366.html\" rel=\"nofollow noopener\">Do stolicy Podhala mo\u017cna dojecha\u0107 Pendolino. <\/a><\/p>\n<p>Taka podr\u00f3\u017c dost\u0119pna jest dla wielu, poczynaj\u0105c od uczni\u00f3w i\u00a0ich opiekun\u00f3w z\u00a0Tr\u00f3jmiasta, sk\u0105d startuje sk\u0142ad, zabieraj\u0105c na trasie pasa\u017cer\u00f3w z\u00a0I\u0142awy, ze stolicy kraju oraz z\u00a0Krakowa, by dotrze\u0107 do podn\u00f3\u017cy Tatr. Mi\u0119dzy Warszaw\u0105 a\u00a0Zakopanym kursuj\u0105, poza Pendolino, jeszcze dwie pary poci\u0105g\u00f3w ekspresowych, a\u00a0z Tr\u00f3jmiasta mo\u017cna dotrze\u0107 tam r\u00f3wnie\u017c poci\u0105giem ekspresowym &#8211; EIC Kaszub.<\/p>\n<p>A mo\u017ce kilka dni w\u00a0stolicy? Pomi\u0119dzy Warszaw\u0105 a\u00a0Tr\u00f3jmiastem kursuje \u0142\u0105cznie 15 par poci\u0105g\u00f3w kategorii EIP i\u00a0EIC. Ponadto podr\u00f3\u017cni maj\u0105 do dyspozycji 10 par ekonomicznych po\u0142\u0105cze\u0144, tj. kategorii IC i\u00a0TLK. <\/p>\n<p><a href=\"https:\/\/www.trojmiasto.pl\/wiadomosci\/Katamaran-z-Gdyni-dla-nocnych-markow-Pociag-do-Warszawy-o-nietypowej-porze-n203693.html\" data-tklik=\"902507\" class=\"marker-news component newsMarker\" rel=\"nofollow noopener\" target=\"_blank\"><br \/>\n            <img decoding=\"async\" src=\"https:\/\/www.europesays.com\/pl\/wp-content\/uploads\/2026\/01\/4039515__c_236_0_4764_3335__kr.webp.webp\" alt=\"\" katamaran=\"\" z=\"\" gdyni=\"\" dla=\"\" nocnych=\"\" mark=\"\" poci=\"\" do=\"\" warszawy=\"\" o=\"\" nietypowej=\"\" porze=\"\" class=\"lazy newsMarker__img\"\/><br \/>\n        &#8222;Katamaran&#8221; z Gdyni dla nocnych mark\u00f3w. Poci\u0105g do Warszawy o nietypowej porze<br \/>\n<\/a><\/p>\n<p>Planuj\u0105c wypady do Warszawy, r\u00f3wnie\u017c mo\u017cna skorzysta\u0107 z\u00a0po\u0142\u0105czenia kategorii EIP oraz trzech poci\u0105g\u00f3w kategorii ekonomicznej (IC, TLK).<\/p>\n<p>Wolne pi\u0119\u0107 godzin. Gdzie wybra\u0107 si\u0119 poci\u0105giem z\u00a0Gda\u0144ska?<\/p>\n<p>A co z\u00a0osobami, kt\u00f3re maj\u0105 wolny jeden dzie\u0144 i\u00a0ch\u0119\u0107 na podr\u00f3\u017c poza Tr\u00f3jmiasto? Dzi\u0119ki informacjom zebranym przez <a data-tklik=\"108792\" target=\"_blank\" href=\"https:\/\/www.chronotrains.com\/pl\/direct\/station\/3099434-Gdansk?maxTime=5\" rel=\"nofollow noopener\">autor\u00f3w witryny chronotrains<\/a> sprawdzili\u015bmy, gdzie w\u00a05 godzin mo\u017cna dojecha\u0107 poci\u0105giem.<\/p>\n<p>W tym czasie &#8211; bior\u0105c pod uwag\u0119 wi\u0119ksze miasta i\u00a0bezpo\u015brednie po\u0142\u0105czenia &#8211; mo\u017cna zwiedzi\u0107:<\/p>\n<ul class=\"bullet-list-arrow\">\n<li>Warszaw\u0119 (podr\u00f3\u017c trwa ok. 3 godz.)<\/li>\n<li>\u0141\u00f3d\u017a (ok. 4,5 godz.)<\/li>\n<li>Krak\u00f3w (ok. 5 godz.)<\/li>\n<li>Wroc\u0142aw (ok. 4 godz.\u00a020 min)<\/li>\n<li>Pozna\u0144  (ok. 3 godz.)<\/li>\n<li>Szczecin (ok. 4 godz.\u00a040 min)<\/li>\n<li>Radom (ok. 4 godz.\u00a014 min)<\/li>\n<li>Olsztyn (ok. 2 godz.\u00a020 min)<\/li>\n<li>Toru\u0144 (ok. 2 godz.\u00a020 min)<\/li>\n<\/ul>\n<p>            <a href=\"https:\/\/s-trojmiasto.pl\/zdj\/c\/n\/9\/4220\/1377x0\/4220916-Przykladowe-pieciogodzinne-trasy-pociagow-z-Trojmiasta.webp\" target=\"_blank\" data-slide-name=\"811049\" data-lightbox-target=\"photo full\" data-sub-html=\"&lt;h4&gt;Przyk\u0142adowe &quot;pi\u0119ciogodzinne&quot; trasy poci\u0105g\u00f3w z Tr\u00f3jmiasta.&lt;\/h4&gt;&lt;p&gt;&lt;\/p&gt;&#010;\" class=\"photoMarker__link\" data-filter-brightness=\"brightness--100\" rel=\"nofollow noopener\"><\/p>\n<p>    <img decoding=\"async\" style=\"height:374px; aspect-ratio: 2.00145\/1; filter:brightness(1);\" alt=\"Przyk\u0142adowe &quot;pi\u0119ciogodzinne&quot; trasy poci\u0105g\u00f3w z Tr\u00f3jmiasta.\" src=\"https:\/\/www.europesays.com\/pl\/wp-content\/uploads\/2026\/01\/4220916-Przykladowe-pieciogodzinne-trasy-pociagow-z-Trojmiasta.webp.webp\" class=\"photoMarker__img lazy\" data-slider=\"img\"\/><\/p>\n<p>            <\/a><\/p>\n<p>Na d\u0142ugiej li\u015bcie, ale zaw\u0119\u017conej tylko do pi\u0119ciogodzinnych podr\u00f3\u017cy, mo\u017cna znale\u017a\u0107 tak\u017ce mniejsze miejscowo\u015bci, takie jak \u015awiebodzin (ok. 4 godz.) czy Rawicz (ok. 4 godz. i\u00a010 min).<\/p>\n<p>Nie chcesz samodzielnie planowa\u0107 podr\u00f3\u017cy? Zwr\u00f3\u0107 si\u0119 do profesjonalist\u00f3w<\/p>\n<p>Na koniec warto wspomnie\u0107, \u017ce cho\u0107 s\u0105 tacy, kt\u00f3rzy podr\u00f3\u017ce lubi\u0105 najbardziej planowa\u0107 samodzielnie, <a data-tklik=\"639551\" target=\"_blank\" href=\"https:\/\/katalog.trojmiasto.pl\/turystyka_i_noclegi\/biura_podrozy\/dobre\/\" rel=\"nofollow noopener\">w bazie firm Trojmiasto.pl<\/a> mo\u017cna znale\u017a\u0107 biura, kt\u00f3re zrobi\u0105 to za tych, kt\u00f3rym marz\u0105 si\u0119 po prostu wakacje. <\/p>\n<p>Tak wygl\u0105da TOP 10 biur podr\u00f3\u017cy w\u00a0Gda\u0144sku, Gdyni i\u00a0Sopocie:<\/p>\n<p>1<\/p>\n<p>                UNITUR<\/p>\n<p>\n                    Gda\u0144sk,                    al. gen. J\u00f3zefa Hallera 14                <\/p>\n<p>                <img decoding=\"async\" src=\"https:\/\/www.europesays.com\/pl\/wp-content\/uploads\/2026\/01\/2534586.webp.webp\" alt=\"UNITUR\" class=\"lazy\"\/><\/p>\n<p>    <a data-tklik=\"245320\" href=\"https:\/\/www.trojmiasto.pl\/UNITUR-o11589.html\" class=\"rankingObject__link\" rel=\"nofollow noopener\" target=\"_blank\"><\/a><br \/>\n<\/p>\n<p>2<\/p>\n<p>                Tryton<\/p>\n<p>\n                    Gda\u0144sk,                    W\u0142adys\u0142awa Pniewskiego 7\/1                <\/p>\n<p>                <img decoding=\"async\" src=\"https:\/\/www.europesays.com\/pl\/wp-content\/uploads\/2026\/01\/2681867.webp.webp\" alt=\"Tryton - Centrum Nurkowe\" class=\"lazy\"\/><\/p>\n<p>    <a data-tklik=\"245320\" href=\"https:\/\/www.trojmiasto.pl\/Tryton-o11591.html\" class=\"rankingObject__link\" rel=\"nofollow noopener\" target=\"_blank\"><\/a><br \/>\n<\/p>\n<p>3<\/p>\n<p>                Kompas<\/p>\n<p>\n                    Gda\u0144sk,                    Asesora 72                <\/p>\n<p>                <img decoding=\"async\" src=\"https:\/\/www.europesays.com\/pl\/wp-content\/uploads\/2026\/01\/2671138.webp.webp\" alt=\"Kompas\" class=\"lazy\"\/><\/p>\n<p>    <a data-tklik=\"245320\" href=\"https:\/\/www.trojmiasto.pl\/Kompas-o1618.html\" class=\"rankingObject__link\" rel=\"nofollow noopener\" target=\"_blank\"><\/a><br \/>\n<\/p>\n<p>4<\/p>\n<p>                Wakacje.pl<\/p>\n<p>\n                    Gda\u0144sk,                    al. Grunwaldzka 413                <\/p>\n<p>                <img decoding=\"async\" src=\"https:\/\/www.europesays.com\/pl\/wp-content\/uploads\/2026\/01\/2893645.webp.webp\" alt=\"Wakacje.pl S.A.\" class=\"lazy\"\/><\/p>\n<p>    <a data-tklik=\"245320\" href=\"https:\/\/www.trojmiasto.pl\/Wakacje-pl-o6239.html\" class=\"rankingObject__link\" rel=\"nofollow noopener\" target=\"_blank\"><\/a><br \/>\n<\/p>\n<p>8<\/p>\n<p>                Poszukiwacze Przyg\u00f3d<\/p>\n<p>\n                    Gda\u0144sk,                    Planetarna 6                <\/p>\n<p>                <img decoding=\"async\" src=\"https:\/\/www.europesays.com\/pl\/wp-content\/uploads\/2026\/01\/2281635.webp.webp\" alt=\"Poszukiwacze Przyg\u00f3d\" class=\"lazy\"\/><\/p>\n<p>    <a data-tklik=\"332727\" href=\"https:\/\/www.trojmiasto.pl\/Poszukiwacze-Przygod-o19946.html\" class=\"rankingObject__link\" rel=\"nofollow noopener\" target=\"_blank\"><\/a><br \/>\n<\/p>\n<p>9<\/p>\n<p>                Better Business Event<\/p>\n<p>\n                    Gda\u0144sk,                    Partyzant\u00f3w 76                <\/p>\n<p>                <img decoding=\"async\" src=\"https:\/\/www.europesays.com\/pl\/wp-content\/uploads\/2026\/01\/2293825.webp.webp\" alt=\"Better Business Event Sp. Z o. o.\" class=\"lazy\"\/><\/p>\n<p>    <a data-tklik=\"332727\" href=\"https:\/\/www.trojmiasto.pl\/Better-Business-Event-o70185.html\" class=\"rankingObject__link\" rel=\"nofollow noopener\" target=\"_blank\"><\/a><br \/><\/p>\n","protected":false},"excerpt":{"rendered":"W poniedzia\u0142ek, 19 stycznia, rozpocznie si\u0119 pierwsza tura zimowych ferii. Z\u00a0przerwy od nauki skorzystaj\u0105 uczniowie z\u00a0wojew\u00f3dztw: mazowieckiego, pomorskiego,&hellip;\n","protected":false},"author":2,"featured_media":203032,"comment_status":"","ping_status":"","sticky":false,"template":"","format":"standard","meta":{"footnotes":""},"categories":[12],"tags":[1088,32,33,38949,11092,36,37,32496,1048,1064,3751,27,1096,1089,1091,1205,38951,1095,34,35,1094,12143,28,31,120,25,1097,42,1811,38948,11313,38,40,39,41,38947,24582,15208,1093,38950,1087,1090,23459,7834,29,30,4000,17038,38945,38444,2526,27254,26,38946,1092],"class_list":{"0":"post-203031","1":"post","2":"type-post","3":"status-publish","4":"format-standard","5":"has-post-thumbnail","7":"category-polska","8":"tag-aktualne-wydarzenia","9":"tag-breaking-news","10":"tag-breakingnews","11":"tag-destynacja","12":"tag-dzien","13":"tag-featured-news","14":"tag-featurednews","15":"tag-ferie","16":"tag-gdansk","17":"tag-gdynia","18":"tag-godzina","19":"tag-headlines","20":"tag-hotele","21":"tag-imprezy","22":"tag-kino","23":"tag-kolej","24":"tag-kolejarz","25":"tag-kwatery","26":"tag-latest-news","27":"tag-latestnews","28":"tag-mapa","29":"tag-mazowieckie","30":"tag-naglowki","31":"tag-najwazniejsze-artykuly","32":"tag-nauka","33":"tag-news","34":"tag-noclegi","35":"tag-pl","36":"tag-pociag","37":"tag-podlaskie","38":"tag-podroz","39":"tag-poland","40":"tag-polish","41":"tag-polska","42":"tag-polski","43":"tag-pomorskie","44":"tag-poniedzialek","45":"tag-przerwa","46":"tag-przewodnik","47":"tag-rozklad","48":"tag-sopot-noclegi","49":"tag-spektakle-firmy","50":"tag-styczen","51":"tag-swietokrzyskie","52":"tag-top-stories","53":"tag-topstories","54":"tag-trojmiasto","55":"tag-trojmiasto-pl","56":"tag-tura","57":"tag-uczen","58":"tag-wakacje","59":"tag-warminsko-mazurskie","60":"tag-wiadomosci","61":"tag-wojewodztwo","62":"tag-wydarzenia"},"share_on_mastodon":{"url":"","error":"Validation failed: Text character limit of 500 exceeded"},"_links":{"self":[{"href":"https:\/\/www.europesays.com\/pl\/wp-json\/wp\/v2\/posts\/203031","targetHints":{"allow":["GET"]}}],"collection":[{"href":"https:\/\/www.europesays.com\/pl\/wp-json\/wp\/v2\/posts"}],"about":[{"href":"https:\/\/www.europesays.com\/pl\/wp-json\/wp\/v2\/types\/post"}],"author":[{"embeddable":true,"href":"https:\/\/www.europesays.com\/pl\/wp-json\/wp\/v2\/users\/2"}],"replies":[{"embeddable":true,"href":"https:\/\/www.europesays.com\/pl\/wp-json\/wp\/v2\/comments?post=203031"}],"version-history":[{"count":0,"href":"https:\/\/www.europesays.com\/pl\/wp-json\/wp\/v2\/posts\/203031\/revisions"}],"wp:featuredmedia":[{"embeddable":true,"href":"https:\/\/www.europesays.com\/pl\/wp-json\/wp\/v2\/media\/203032"}],"wp:attachment":[{"href":"https:\/\/www.europesays.com\/pl\/wp-json\/wp\/v2\/media?parent=203031"}],"wp:term":[{"taxonomy":"category","embeddable":true,"href":"https:\/\/www.europesays.com\/pl\/wp-json\/wp\/v2\/categories?post=203031"},{"taxonomy":"post_tag","embeddable":true,"href":"https:\/\/www.europesays.com\/pl\/wp-json\/wp\/v2\/tags?post=203031"}],"curies":[{"name":"wp","href":"https:\/\/api.w.org\/{rel}","templated":true}]}}