{"id":203061,"date":"2026-01-14T01:46:13","date_gmt":"2026-01-14T01:46:13","guid":{"rendered":"https:\/\/www.europesays.com\/pl\/203061\/"},"modified":"2026-01-14T01:46:13","modified_gmt":"2026-01-14T01:46:13","slug":"arteta-jestesmy-zmotywowani-by-zagrac-w-finale-kanonierzy-com","status":"publish","type":"post","link":"https:\/\/www.europesays.com\/pl\/203061\/","title":{"rendered":"Arteta: Jeste\u015bmy zmotywowani, by zagra\u0107 w finale &#8211; KANONIERZY.COM"},"content":{"rendered":"<p class=\"text\">\n\t\t\t\t\t<img decoding=\"async\" class=\"newsimg\" src=\"https:\/\/www.europesays.com\/pl\/wp-content\/uploads\/2026\/01\/arteta_mikel120.jpg\" alt=\"Arteta: Jeste\u015bmy zmotywowani, by zagra\u0107 w finale\"\/><\/p>\n<p>\t\t\t\t\t\t 13.01.2026, 19:26, Patryk Bielski<\/p>\n<p>Mikel Arteta i jego dru\u017cyna s\u0105 pe\u0142ni zapa\u0142u, by w tym sezonie Carabao Cup zrobi\u0107 krok dalej ni\u017c w poprzednim. Po zesz\u0142orocznej pora\u017cce w p\u00f3\u0142finale z Newcastle United, Kanonierzy maj\u0105 teraz szans\u0119 na rewan\u017c, mierz\u0105c si\u0119 z Chelsea w dwumeczu o awans do fina\u0142u na Wembley.<\/p>\n<p>\nPrzed pierwszym starciem na Stamford Bridge, Arteta jest przekonany, \u017ce jego zesp\u00f3\u0142 jest gotowy na wyzwanie i wyci\u0105gn\u0105\u0142 wnioski z zesz\u0142orocznych do\u015bwiadcze\u0144. &#8211; Ch\u0142opcy s\u0105 naprawd\u0119 zmotywowani, bo czujemy, \u017ce to jest miejsce, gdzie chcemy by\u0107. Musimy zrobi\u0107 kolejny krok, by osi\u0105gn\u0105\u0107 nasz cel i to jest nasz jutrzejszy priorytet &#8211; m\u00f3wi Arteta.<\/p>\n<p>\n&#8211; Im cz\u0119\u015bciej uczestniczysz w takich meczach, tym lepiej. To daje ci impuls, przynosi dru\u017cynie now\u0105 energi\u0119. Czujesz, \u017ce cel jest bardzo blisko i to ogromna motywacja dla wszystkich. Wiemy, \u017ce jeste\u015bmy dwa mecze od fina\u0142u. Musimy podchodzi\u0107 do tego mecz po meczu, a pierwszy jest na Stamford Bridge.<\/p>\n<p>\nArteta podkre\u015bla, \u017ce pi\u0142ka no\u017cna zawsze daje kolejn\u0105 szans\u0119. &#8211; Byli\u015bmy naprawd\u0119 konsekwentni w tej edycji rozgrywek i teraz musimy wyeliminowa\u0107 kolejny wielki zesp\u00f3\u0142, by znale\u017a\u0107 si\u0119 w finale. Mam nadziej\u0119, \u017ce wyci\u0105gniemy wnioski z zesz\u0142ego roku, bo to by\u0142o bolesne, zw\u0142aszcza spos\u00f3b, w jaki te mecze si\u0119 potoczy\u0142y i ile okazji zmarnowali\u015bmy. Mam nadziej\u0119, \u017ce w tym roku b\u0119dziemy lepsi i bardziej skuteczni.<\/p>\n<p>\nHiszpan doskonale wie, co znaczy triumf w Carabao Cup. B\u0119d\u0105c cz\u0119\u015bci\u0105 sztabu Manchesteru City, zdobywa\u0142 to trofeum w 2018 i 2019 roku. &#8211; Kiedy docierasz do tego etapu rozgrywek i wygrywasz fina\u0142, to przynosi energi\u0119, wiar\u0119 i poczucie, \u017ce ka\u017cdy jest wa\u017cny i odgrywa swoj\u0105 rol\u0119. To co\u015b, co wszyscy pami\u0119taj\u0105. Je\u015bli nie wygrasz, nikt tego nie pami\u0119ta. Wi\u0119c kiedy ju\u017c tam jeste\u015b, trzeba doko\u0144czy\u0107 dzie\u0142a.<\/p>\n<p>\n&#8211; Czekamy na wielki mecz jutro i na to, jak zachowamy si\u0119 w tych sytuacjach, by osi\u0105gn\u0105\u0107 to, czego chcemy &#8211; dodaje Arteta.<\/p>\n<p>\t\t\t\t\t\t<a href=\"https:\/\/kanonierzy.com\/tag\/chelsea-fc\/11\/\" rel=\"nofollow noopener\" target=\"_blank\">Chelsea FC<\/a><a href=\"https:\/\/kanonierzy.com\/tag\/konferencja-przedmeczowa\/2710\/\" rel=\"nofollow noopener\" target=\"_blank\">Konferencja przedmeczowa<\/a><a href=\"https:\/\/kanonierzy.com\/tag\/mikel-arteta\/433\/\" rel=\"nofollow noopener\" target=\"_blank\">Mikel Arteta<\/a><\/p>\n<p>\t\t\t\t\t\tautor: Patryk Bielski<br \/>\n\t\t\t\t\t\t\u017arod\u0142o: arsenal.com<\/p>\n","protected":false},"excerpt":{"rendered":"13.01.2026, 19:26, Patryk Bielski Mikel Arteta i jego dru\u017cyna s\u0105 pe\u0142ni zapa\u0142u, by w tym sezonie Carabao Cup&hellip;\n","protected":false},"author":2,"featured_media":203062,"comment_status":"","ping_status":"","sticky":false,"template":"","format":"standard","meta":{"footnotes":""},"categories":[24],"tags":[6968,30627,38973,38975,269,42,38,40,39,41,10652,127,126,38974],"class_list":{"0":"post-203061","1":"post","2":"type-post","3":"status-publish","4":"format-standard","5":"has-post-thumbnail","7":"category-sport","8":"tag-arsenal","9":"tag-arsenal-londyn","10":"tag-kanonierzy","11":"tag-london","12":"tag-pilka-nozna","13":"tag-pl","14":"tag-poland","15":"tag-polish","16":"tag-polska","17":"tag-polski","18":"tag-premiership","19":"tag-sport","20":"tag-sports","21":"tag-the-gunners"},"share_on_mastodon":{"url":"https:\/\/pubeurope.com\/@pl\/115890932578328303","error":""},"_links":{"self":[{"href":"https:\/\/www.europesays.com\/pl\/wp-json\/wp\/v2\/posts\/203061","targetHints":{"allow":["GET"]}}],"collection":[{"href":"https:\/\/www.europesays.com\/pl\/wp-json\/wp\/v2\/posts"}],"about":[{"href":"https:\/\/www.europesays.com\/pl\/wp-json\/wp\/v2\/types\/post"}],"author":[{"embeddable":true,"href":"https:\/\/www.europesays.com\/pl\/wp-json\/wp\/v2\/users\/2"}],"replies":[{"embeddable":true,"href":"https:\/\/www.europesays.com\/pl\/wp-json\/wp\/v2\/comments?post=203061"}],"version-history":[{"count":0,"href":"https:\/\/www.europesays.com\/pl\/wp-json\/wp\/v2\/posts\/203061\/revisions"}],"wp:featuredmedia":[{"embeddable":true,"href":"https:\/\/www.europesays.com\/pl\/wp-json\/wp\/v2\/media\/203062"}],"wp:attachment":[{"href":"https:\/\/www.europesays.com\/pl\/wp-json\/wp\/v2\/media?parent=203061"}],"wp:term":[{"taxonomy":"category","embeddable":true,"href":"https:\/\/www.europesays.com\/pl\/wp-json\/wp\/v2\/categories?post=203061"},{"taxonomy":"post_tag","embeddable":true,"href":"https:\/\/www.europesays.com\/pl\/wp-json\/wp\/v2\/tags?post=203061"}],"curies":[{"name":"wp","href":"https:\/\/api.w.org\/{rel}","templated":true}]}}