{"id":203105,"date":"2026-01-14T02:09:15","date_gmt":"2026-01-14T02:09:15","guid":{"rendered":"https:\/\/www.europesays.com\/pl\/203105\/"},"modified":"2026-01-14T02:09:15","modified_gmt":"2026-01-14T02:09:15","slug":"samsung-i-netflix-z-ekskluzywnym-motywem-stranger-things-dla-uzytkownikow-galaxy-samsung-newsroom-polska","status":"publish","type":"post","link":"https:\/\/www.europesays.com\/pl\/203105\/","title":{"rendered":"Samsung i Netflix z ekskluzywnym motywem \u201eStranger Things\u201d dla u\u017cytkownik\u00f3w Galaxy \u2013 Samsung Newsroom Polska"},"content":{"rendered":"<p>                Wraz z zako\u0144czeniem serialu \u201eStranger Things\u201d Samsung i Netflix daj\u0105 fanom mo\u017cliwo\u015b\u0107 celebrowania fina\u0142owego sezonu kultowej produkcji, kt\u00f3ra przez niemal dekad\u0119 sta\u0142a si\u0119 popkulturowym fenomenem. Od 12 stycznia do 22 lutego 2026 u\u017cytkownicy smartfon\u00f3w Samsung Galaxy w Polsce i innych 185 krajach mog\u0105 pobra\u0107 ekskluzywny motyw oraz tapety inspirowane serialem \u201eStranger Things\u201d za po\u015brednictwem Galaxy Store.  Zawarto\u015b\u0107 dost\u0119pna jest bez dodatkowych op\u0142at przez ograniczony czas dla os\u00f3b, kt\u00f3re pobior\u0105 lub uruchomi\u0105 aplikacj\u0119 Netflix.<br \/>\n                Ikoniczne obrazy popkulturowego fenomenu<\/p>\n<p>Od swojej premiery w 2016 roku \u201eStranger Things\u201d sta\u0142 si\u0119 jednym z kluczowych tytu\u0142\u00f3w stoj\u0105cych za globalnym sukcesem Netflix, jako wiod\u0105cej platformy rozrywkowej na \u015bwiecie. Serial okaza\u0142 si\u0119 mi\u0119dzynarodowym hitem, anga\u017cuj\u0105c widz\u00f3w i wywo\u0142uj\u0105c dyskusje ponad granicami i pokoleniami. Po premierze pierwszej cz\u0119\u015bci 5. sezonu, kt\u00f3ra mia\u0142a miejsce 27 listopada 2025 r., produkcja zaj\u0119\u0142a 1. miejsce w 91 krajach i zgromadzi\u0142a 59,6 mln wy\u015bwietle\u0144 w ci\u0105gu pierwszych pi\u0119ciu dni \u2013 by\u0142 to najlepszy start w historii angloj\u0119zycznych seriali Netflix. \u201eStranger Things\u201d jako pierwszy serial w historii platformy umie\u015bci\u0142 jednocze\u015bnie wszystkie pi\u0119\u0107 sezon\u00f3w w globalnym Top 10, utrzymuj\u0105c ten rekord przez pi\u0119\u0107 kolejnych tygodni. Wszystkie odcinki fina\u0142owego sezonu s\u0105 ju\u017c dost\u0119pne na ca\u0142ym \u015bwiecie wy\u0142\u0105cznie w serwisie Netflix.<\/p>\n<p>\u00a0<\/p>\n<p>Ekskluzywne tre\u015bci przygotowane przez Samsung, inspirowane s\u0105 pi\u0105tym sezonem serialu. Specjalna kolekcja motyw\u00f3w i tapet dost\u0119pna b\u0119dzie do pobrania w Galaxy Store od 12 stycznia do 22 lutego. Kolekcja obejmuje specjalny motyw oraz pi\u0119\u0107 tapet przedstawiaj\u0105cych postacie i charakterystyczne lokacje znane z serialu, w tym Hawkins oraz Drug\u0105 Stron\u0119. Wizualna stylistyka nawi\u0105zuje do unikalnego klimatu \u201eStranger Things\u201d, pozwalaj\u0105c fanom przenie\u015b\u0107 elementy \u015bwiata serialu do codziennego \u017cycia na ekranach smartfon\u00f3w Galaxy.<\/p>\n<p>\u00a0<\/p>\n<p><img loading=\"lazy\" decoding=\"async\" class=\"alignnone size-full wp-image-27948\" src=\"https:\/\/www.europesays.com\/pl\/wp-content\/uploads\/2026\/01\/US_PR-Banner_1000.jpg\" alt=\"\" width=\"1000\" height=\"556\"  \/><\/p>\n<p>\u00a0<\/p>\n<p>Partnerstwo celebruj\u0105ce znakomite historie<\/p>\n<p>Wieloletnie partnerstwo Samsung i Netflix zapewnia wysokiej jako\u015bci, anga\u017cuj\u0105ce tre\u015bci inspirowane najpopularniejszymi produkcjami na \u015bwiecie. Najnowsza wsp\u00f3\u0142praca jest kontynuacj\u0105 niedawnego partnerstwa przy okazji globalnego hitu filmowego \u201e<a href=\"https:\/\/news.samsung.com\/global\/samsung-electronics-partners-with-netflix-to-offer-special-kpop-demon-hunters-theme\" target=\"_blank\" rel=\"noopener nofollow\">KPop Demon Hunters<\/a>\u201d, a wcze\u015bniej firmy wsp\u00f3lnie \u015bwi\u0119towa\u0142y premier\u0119 4. sezonu serialu \u201e<a href=\"https:\/\/news.samsung.com\/global\/samsung-electronics-debuts-stranger-things-inspired-short-film-with-galaxy-s22-ultra\" target=\"_blank\" rel=\"noopener nofollow\">Stranger Things<\/a>\u201d.<\/p>\n<p>\u00a0<\/p>\n","protected":false},"excerpt":{"rendered":"Wraz z zako\u0144czeniem serialu \u201eStranger Things\u201d Samsung i Netflix daj\u0105 fanom mo\u017cliwo\u015b\u0107 celebrowania fina\u0142owego sezonu kultowej produkcji, kt\u00f3ra&hellip;\n","protected":false},"author":2,"featured_media":203106,"comment_status":"","ping_status":"","sticky":false,"template":"","format":"standard","meta":{"footnotes":""},"categories":[20],"tags":[16085,120,118,119,216,42,38,40,39,41,116,114,115,16394,121,117],"class_list":{"0":"post-203105","1":"post","2":"type-post","3":"status-publish","4":"format-standard","5":"has-post-thumbnail","7":"category-nauka-i-technika","8":"tag-galaxy","9":"tag-nauka","10":"tag-nauka-i-technika","11":"tag-naukatechnika","12":"tag-netflix","13":"tag-pl","14":"tag-poland","15":"tag-polish","16":"tag-polska","17":"tag-polski","18":"tag-science","19":"tag-science-and-technology","20":"tag-sciencetechnology","21":"tag-stranger-things","22":"tag-technika","23":"tag-technology"},"share_on_mastodon":{"url":"https:\/\/pubeurope.com\/@pl\/115891022493013499","error":""},"_links":{"self":[{"href":"https:\/\/www.europesays.com\/pl\/wp-json\/wp\/v2\/posts\/203105","targetHints":{"allow":["GET"]}}],"collection":[{"href":"https:\/\/www.europesays.com\/pl\/wp-json\/wp\/v2\/posts"}],"about":[{"href":"https:\/\/www.europesays.com\/pl\/wp-json\/wp\/v2\/types\/post"}],"author":[{"embeddable":true,"href":"https:\/\/www.europesays.com\/pl\/wp-json\/wp\/v2\/users\/2"}],"replies":[{"embeddable":true,"href":"https:\/\/www.europesays.com\/pl\/wp-json\/wp\/v2\/comments?post=203105"}],"version-history":[{"count":0,"href":"https:\/\/www.europesays.com\/pl\/wp-json\/wp\/v2\/posts\/203105\/revisions"}],"wp:featuredmedia":[{"embeddable":true,"href":"https:\/\/www.europesays.com\/pl\/wp-json\/wp\/v2\/media\/203106"}],"wp:attachment":[{"href":"https:\/\/www.europesays.com\/pl\/wp-json\/wp\/v2\/media?parent=203105"}],"wp:term":[{"taxonomy":"category","embeddable":true,"href":"https:\/\/www.europesays.com\/pl\/wp-json\/wp\/v2\/categories?post=203105"},{"taxonomy":"post_tag","embeddable":true,"href":"https:\/\/www.europesays.com\/pl\/wp-json\/wp\/v2\/tags?post=203105"}],"curies":[{"name":"wp","href":"https:\/\/api.w.org\/{rel}","templated":true}]}}