{"id":203109,"date":"2026-01-14T02:11:19","date_gmt":"2026-01-14T02:11:19","guid":{"rendered":"https:\/\/www.europesays.com\/pl\/203109\/"},"modified":"2026-01-14T02:11:19","modified_gmt":"2026-01-14T02:11:19","slug":"zjednoczenie-moldawii-z-rumunia-maia-sandu-zabrala-glos","status":"publish","type":"post","link":"https:\/\/www.europesays.com\/pl\/203109\/","title":{"rendered":"Zjednoczenie Mo\u0142dawii z Rumuni\u0105. Maia Sandu zabra\u0142a g\u0142os"},"content":{"rendered":"\n<p>&#13;<br \/>\nWypowied\u017a pad\u0142a w\u00a0brytyjskim podca\u015bcie &#8222;The Rest Is\u00a0Politics: Leading&#8221; i\u00a0natychmiast wywo\u0142a\u0142a ostr\u0105 reakcj\u0119 prorosyjskiej opozycji. &#13;\n<\/p>\n<p>Powr\u00f3t do\u00a0koncepcji sprzed dziesi\u0119cioleci<\/p>\n<p>&#13;<br \/>\nSandu przypomnia\u0142a, \u017ce\u00a0idea po\u0142\u0105czenia Mo\u0142dawii z\u00a0Rumuni\u0105 pojawi\u0142a si\u0119 ju\u017c pod\u00a0koniec lat 80. XX wieku, gdy w\u00a0regionie rozwija\u0142y si\u0119 &#8222;ruchy odrodzenia narodowego&#8221;. W\u00f3wczas jednak referendum nie\u00a0przeprowadzono, mimo masowych demonstracji i\u00a0du\u017cego zaanga\u017cowania spo\u0142ecze\u0144stwa. Zapytana wprost o\u00a0osobiste stanowisko, prezydent odpowiedzia\u0142a jednoznacznie, \u017ce\u00a0w\u00a0przypadku g\u0142osowania popar\u0142aby taki pomys\u0142 zjednoczenie. Jak argumentowa\u0142a, Mo\u0142dawii, jako niewielkiemu pa\u0144stwu, coraz trudniej funkcjonowa\u0107 jako stabilna demokracja i\u00a0suwerenne pa\u0144stwo w\u00a0obliczu presji geopolitycznej. Wskaza\u0142a zar\u00f3wno na\u00a0zagro\u017cenie ze\u00a0strony Rosji, jak i\u00a0na dzia\u0142ania wewn\u0119trznych \u015brodowisk politycznych wspieranych przez Kreml. &#13;\n<\/p>\n<p>&#13;<br \/>\nJednocze\u015bnie, jak podaje Reuters, Sandu zaznaczy\u0142a, \u017ce\u00a0wi\u0119kszo\u015b\u0107 obywateli Mo\u0142dawii obecnie nie\u00a0popiera idei unii z\u00a0Rumuni\u0105. Dlatego jej administracja koncentruje si\u0119 przede wszystkim na\u00a0integracji europejskiej, uznawanej za\u00a0bardziej realistyczn\u0105 \u015bcie\u017ck\u0119 polityczn\u0105. Prezydent podtrzymuje cel przyst\u0105pienia Mo\u0142dawii do\u00a0Unii Europejskiej do\u00a02030 roku. Reuters zwraca tak\u017ce uwag\u0119 na\u00a0skal\u0119 wi\u0119zi Mo\u0142dawii z\u00a0Rumuni\u0105: oko\u0142o 1,5 mln mieszka\u0144c\u00f3w Mo\u0142dawii posiada rumu\u0144skie obywatelstwo. Jednocze\u015bnie poparcie dla\u00a0zjednoczenia wci\u0105\u017c utrzymuje si\u0119 na\u00a0poziomie mniejszo\u015bciowym. &#13;\n<\/p>\n<p>Prorosyjska opozycja: Pozbawi\u0107 urz\u0119du i\u00a0postawi\u0107 przed s\u0105dem<\/p>\n<p>&#13;<br \/>\nWypowied\u017a prezydent wywo\u0142a\u0142a oburzenie prorosyjskich ugrupowa\u0144 opozycyjnych. O\u015bwiadczenie w\u00a0tej sprawie wyda\u0142a m.in. Partia Komunistyczna, kt\u00f3ra wezwa\u0142a do\u00a0odsuni\u0119cia Sandu od\u00a0w\u0142adzy i\u00a0postawienia jej przed s\u0105dem karnym, zarzucaj\u0105c naruszenie konstytucji. G\u0142os zabra\u0142 tak\u017ce Ilan Shor, polityk zwi\u0105zany z\u00a0<a href=\"https:\/\/dorzeczy.pl\/opinie\/717381\/prezydent-moldawii-ostrzega-przed-dzialaniem-rosji.html\" rel=\"nofollow noopener\" target=\"_blank\">prokremlowskimi \u015brodowiskami<\/a>, przebywaj\u0105cy w\u00a0Rosji, kt\u00f3ry w\u00a0mediach spo\u0142eczno\u015bciowych oskar\u017cy\u0142 Sandu o\u00a0dzia\u0142ania wymierzone w\u00a0mo\u0142dawsk\u0105 pa\u0144stwowo\u015b\u0107. &#13;\n<\/p>\n<p>&#13;<br \/>\nCho\u0107 temat zjednoczenia Mo\u0142dawii z\u00a0Rumuni\u0105 powraca w\u00a0debacie publicznej od\u00a0lat, badania opinii publicznej pokazuj\u0105, \u017ce\u00a0w\u00a0Mo\u0142dawii przewa\u017ca sceptycyzm. W\u00a0jednym z\u00a0sonda\u017cy poparcie dla\u00a0takiego rozwi\u0105zania wynios\u0142o oko\u0142o jednej trzeciej, podczas gdy wi\u0119kszo\u015b\u0107 respondent\u00f3w opowiedzia\u0142a si\u0119 przeciw. W\u00a0Rumunii nastroje s\u0105 bardziej podzielone. W\u00a0zale\u017cno\u015bci od\u00a0badania poparcie i\u00a0sprzeciw wobec zjednoczenia rozk\u0142adaj\u0105 si\u0119 niemal po\u00a0r\u00f3wno. &#13;\n<\/p>\n<p>&#13;<br \/>\nCzytaj te\u017c:<br \/><a href=\"https:\/\/dorzeczy.pl\/opinie\/785742\/tusk-o-wyborach-w-moldawii-powstrzymaliscie-rosje.html\" rel=\"follow nofollow noopener\" data-schema=\"DORZECZY\" data-image=\"https:\/\/img.dorzeczy.pl\/_thumb\/14\/3e\/4f92dfd318b8818f3bc4ae938860.jpeg\" target=\"_blank\">&#8222;Uratowali\u015bcie demokracj\u0119&#8221;. Tusk oceni\u0142 decyzj\u0119 mo\u0142dawskich wyborc\u00f3w<\/a>Czytaj te\u017c:<br \/><a href=\"https:\/\/dorzeczy.pl\/swiat\/652114\/kreml-podwaza-zwyciestwo-prezydent-mai-sandu-w-moldawii.html\" rel=\"follow nofollow noopener\" data-schema=\"DORZECZY\" data-image=\"https:\/\/img.dorzeczy.pl\/_thumb\/43\/c3\/08d7c6c8e943e27668735b776616.jpeg\" target=\"_blank\">Sandu wygra\u0142a w\u00a0Mo\u0142dawii. Pieskow: Wybory nie\u00a0by\u0142y uczciwe<\/a>&#13;<\/p>\n","protected":false},"excerpt":{"rendered":"&#13; Wypowied\u017a pad\u0142a w\u00a0brytyjskim podca\u015bcie &#8222;The Rest Is\u00a0Politics: Leading&#8221; i\u00a0natychmiast wywo\u0142a\u0142a ostr\u0105 reakcj\u0119 prorosyjskiej opozycji. &#13; Powr\u00f3t do\u00a0koncepcji&hellip;\n","protected":false},"author":2,"featured_media":203110,"comment_status":"","ping_status":"","sticky":false,"template":"","format":"standard","meta":{"footnotes":""},"categories":[14],"tags":[32,33,38998,98,27,34,35,7102,3318,28,31,25,102,13347,40,41,1005,12070,542,80,29,30,26,82,83,84,38997],"class_list":{"0":"post-203109","1":"post","2":"type-post","3":"status-publish","4":"format-standard","5":"has-post-thumbnail","7":"category-swiat","8":"tag-breaking-news","9":"tag-breakingnews","10":"tag-deklaracja","11":"tag-dorzeczy","12":"tag-headlines","13":"tag-latest-news","14":"tag-latestnews","15":"tag-maia-sandu","16":"tag-moldawia","17":"tag-naglowki","18":"tag-najwazniejsze-artykuly","19":"tag-news","20":"tag-opinie","21":"tag-opozycja","22":"tag-polish","23":"tag-polski","24":"tag-prezydent","25":"tag-referendum","26":"tag-rumunia","27":"tag-swiat","28":"tag-top-stories","29":"tag-topstories","30":"tag-wiadomosci","31":"tag-world","32":"tag-world-news","33":"tag-worldnews","34":"tag-zjednoczenie-panstw"},"share_on_mastodon":{"url":"https:\/\/pubeurope.com\/@pl\/115891030263077437","error":""},"_links":{"self":[{"href":"https:\/\/www.europesays.com\/pl\/wp-json\/wp\/v2\/posts\/203109","targetHints":{"allow":["GET"]}}],"collection":[{"href":"https:\/\/www.europesays.com\/pl\/wp-json\/wp\/v2\/posts"}],"about":[{"href":"https:\/\/www.europesays.com\/pl\/wp-json\/wp\/v2\/types\/post"}],"author":[{"embeddable":true,"href":"https:\/\/www.europesays.com\/pl\/wp-json\/wp\/v2\/users\/2"}],"replies":[{"embeddable":true,"href":"https:\/\/www.europesays.com\/pl\/wp-json\/wp\/v2\/comments?post=203109"}],"version-history":[{"count":0,"href":"https:\/\/www.europesays.com\/pl\/wp-json\/wp\/v2\/posts\/203109\/revisions"}],"wp:featuredmedia":[{"embeddable":true,"href":"https:\/\/www.europesays.com\/pl\/wp-json\/wp\/v2\/media\/203110"}],"wp:attachment":[{"href":"https:\/\/www.europesays.com\/pl\/wp-json\/wp\/v2\/media?parent=203109"}],"wp:term":[{"taxonomy":"category","embeddable":true,"href":"https:\/\/www.europesays.com\/pl\/wp-json\/wp\/v2\/categories?post=203109"},{"taxonomy":"post_tag","embeddable":true,"href":"https:\/\/www.europesays.com\/pl\/wp-json\/wp\/v2\/tags?post=203109"}],"curies":[{"name":"wp","href":"https:\/\/api.w.org\/{rel}","templated":true}]}}