{"id":203211,"date":"2026-01-14T03:11:16","date_gmt":"2026-01-14T03:11:16","guid":{"rendered":"https:\/\/www.europesays.com\/pl\/203211\/"},"modified":"2026-01-14T03:11:16","modified_gmt":"2026-01-14T03:11:16","slug":"agnieszka-wiedlocha-i-maciej-musial-kiedys-byli-para-roznica-wieku-nie-miala-znaczenia","status":"publish","type":"post","link":"https:\/\/www.europesays.com\/pl\/203211\/","title":{"rendered":"Agnieszka Wi\u0119d\u0142ocha i Maciej Musia\u0142 kiedy\u015b byli par\u0105. &#8222;R\u00f3\u017cnica wieku nie mia\u0142a znaczenia&#8221;"},"content":{"rendered":"<p class=\"ods-c-paragraph \">Lubiana aktorka nie spowiada si\u0119 dziennikarzom ze swojej prywatno\u015bci. Gdyby nie jedno zdj\u0119cie jej wybranka, na kt\u00f3rym dostrze\u017cono obr\u0105czk\u0119, tylko w\u0105skie grono wiedzia\u0142oby o cichym \u015blubie. Cho\u0107 Antoni deklarowa\u0142, \u017ce pragnie sp\u0119dzi z Agnieszk\u0105 reszt\u0119 \u017cycia, a paparazzo sfotografowa\u0142 moment ich zar\u0119czyn, nie pochwalili si\u0119 powi\u0119kszeniem rodziny. Dopiero bliska im osoba wyjawi\u0142a radosn\u0105 nowin\u0119 \u2014 na \u015bwiat przysz\u0142a dziewczynka. Dzisiaj aktorzy wychowuj\u0105 jeszcze jedn\u0105 pociech\u0119, jej p\u0142e\u0107 pozostaje jednak nieznana.<\/p>\n<p>Dalszy ci\u0105g artyku\u0142u pod materia\u0142em wideo<\/p>\n<p> Jaki jest zwi\u0105zek Agnieszki Wi\u0119d\u0142ochy z Antonim Pawlickim? <\/p>\n<p> Co Agnieszka Wi\u0119d\u0142ocha my\u015bli o mi\u0142o\u015bci? <\/p>\n<p> Jak d\u0142ugo Wi\u0119d\u0142ocha by\u0142a w zwi\u0105zku z Maciejem Musia\u0142em? <\/p>\n<p> Ile lat r\u00f3\u017cnicy dzieli Agnieszk\u0119 Wi\u0119d\u0142och\u0119 i Macieja Musia\u0142a? <\/p>\n<p>  &#8222;Mi\u0142o\u015b\u0107 musi by\u0107 na zawsze&#8221;<\/p>\n<p class=\"ods-c-paragraph \">Tymczasem by\u0142y partner Wi\u0119d\u0142ochy Maciej Musia\u0142 wci\u0105\u017c cieszy si\u0119 kawalerskim stanem. Kiedy pozna\u0142 aktork\u0119, dopiero podbija\u0142 polski show-biznes i odlicza\u0142 dni do matury. 9 lat r\u00f3\u017cnicy nie robi\u0142a na nich wra\u017cenia, cho\u0107 stali si\u0119 \u0142akomym k\u0105skiem dla tabloid\u00f3w.<\/p>\n<p class=\"ods-c-paragraph \">Agnieszka pytana, co ich \u0142\u0105czy, powiedzia\u0142a wreszcie: &#8222;Pozna\u0142am go wiele lat temu, zanim jeszcze zosta\u0142 idolem nastolatek. Jego tata jest w tej samej agencji aktorskiej co ja, dlatego okazji do spotka\u0144 nie brakowa\u0142o. Przyja\u017animy si\u0119&#8221;. Czu\u0142e gesty przeczy\u0142y s\u0142owom w\u00f3wczas 29-letniej gwiazdy. Sekretny zwi\u0105zek ostatecznie si\u0119 rozpad\u0142, Musia\u0142a widywano u boku innych kobiet, ona za\u015b da\u0142a szans\u0119 Sebastianowi Fabija\u0144skiemu. Ostatecznie jej najwi\u0119ksz\u0105 mi\u0142o\u015bci\u0105 okaza\u0142 si\u0119 wspomniany Pawlicki.<\/p>\n<blockquote class=\"ods-o-quota\">\n<p class=\"ods-o-quota__paragraph\">Uwa\u017cam, \u017ce je\u015bli chodzi o mi\u0142o\u015b\u0107, to wiek nie ma nic do rzeczy. Nikomu nic do tego. [&#8230;] Kiedy\u015b by\u0142em w zwi\u0105zku z o dziewi\u0119\u0107 lat starsz\u0105 dziewczyn\u0105. R\u00f3\u017cnica wieku nie mia\u0142a w naszym przypadku znaczenia<\/p>\n<\/blockquote>\n<p class=\"ods-c-paragraph \">\u2014 stwierdzi\u0142 po latach ekspartner \u0142odzianki, b\u0119d\u0105cy dzi\u015b po &#8222;30&#8221;.<\/p>\n<p class=\"ods-c-paragraph \">Sama podzieli\u0142a si\u0119 w\u0142asn\u0105 definicj\u0105 mi\u0142o\u015bci z Beat\u0105 Bia\u0142y w ksi\u0105\u017cce &#8222;Kobiece gadanie&#8221;.<\/p>\n<p class=\"ods-c-paragraph \">\u2014 Mi\u0142o\u015b\u0107 to dla mnie pewno\u015b\u0107. W moim \u017cyciu jest ju\u017c wystarczaj\u0105co du\u017co niepewno\u015bci. Mi\u0142o\u015b\u0107 musi by\u0107 czym\u015b sta\u0142ym, czym\u015b, co daje ukojenie, a nie kolejnym polem walki. Mi\u0142o\u015b\u0107 musi by\u0107 na zawsze \u2014 wyzna\u0142a Wi\u0119d\u0142ocha.<\/p>\n<blockquote class=\"ods-o-quota\">\n<p class=\"ods-o-quota__paragraph\">A mo\u017ce w\u0142a\u015bnie mi\u0142o\u015b\u0107 jest t\u0105 pewno\u015bci\u0105, \u017ce bez wzgl\u0119du na to, co si\u0119 wydarzy, nie zostanie przekroczona \u017cadna granica. Nie umiem tego dok\u0142adnie nazwa\u0107, ale mo\u017ce na tym polega prawdziwa mi\u0142o\u015b\u0107 \u2014 na jakim\u015b pierwotnym przywi\u0105zaniu, intuicyjnej pewno\u015bci, \u017ce to jest na zawsze. Bo przecie\u017c chcia\u0142abym, \u017ceby by\u0142o na zawsze<\/p>\n<\/blockquote>\n<p class=\"ods-c-paragraph \">\u2014 stwierdzi\u0142a.<\/p>\n","protected":false},"excerpt":{"rendered":"Lubiana aktorka nie spowiada si\u0119 dziennikarzom ze swojej prywatno\u015bci. Gdyby nie jedno zdj\u0119cie jej wybranka, na kt\u00f3rym dostrze\u017cono&hellip;\n","protected":false},"author":2,"featured_media":203212,"comment_status":"","ping_status":"","sticky":false,"template":"","format":"standard","meta":{"footnotes":""},"categories":[22],"tags":[16077,3916,1942,122,8101,48,46,42,38,40,39,41,123,47],"class_list":{"0":"post-203211","1":"post","2":"type-post","3":"status-publish","4":"format-standard","5":"has-post-thumbnail","7":"category-rozrywka","8":"tag-agnieszka_wiedlocha","9":"tag-antoni_pawlicki","10":"tag-celebryci","11":"tag-entertainment","12":"tag-maciej_musial","13":"tag-nat_styl","14":"tag-omp","15":"tag-pl","16":"tag-poland","17":"tag-polish","18":"tag-polska","19":"tag-polski","20":"tag-rozrywka","21":"tag-screening_general"},"share_on_mastodon":{"url":"https:\/\/pubeurope.com\/@pl\/115891266066785842","error":""},"_links":{"self":[{"href":"https:\/\/www.europesays.com\/pl\/wp-json\/wp\/v2\/posts\/203211","targetHints":{"allow":["GET"]}}],"collection":[{"href":"https:\/\/www.europesays.com\/pl\/wp-json\/wp\/v2\/posts"}],"about":[{"href":"https:\/\/www.europesays.com\/pl\/wp-json\/wp\/v2\/types\/post"}],"author":[{"embeddable":true,"href":"https:\/\/www.europesays.com\/pl\/wp-json\/wp\/v2\/users\/2"}],"replies":[{"embeddable":true,"href":"https:\/\/www.europesays.com\/pl\/wp-json\/wp\/v2\/comments?post=203211"}],"version-history":[{"count":0,"href":"https:\/\/www.europesays.com\/pl\/wp-json\/wp\/v2\/posts\/203211\/revisions"}],"wp:featuredmedia":[{"embeddable":true,"href":"https:\/\/www.europesays.com\/pl\/wp-json\/wp\/v2\/media\/203212"}],"wp:attachment":[{"href":"https:\/\/www.europesays.com\/pl\/wp-json\/wp\/v2\/media?parent=203211"}],"wp:term":[{"taxonomy":"category","embeddable":true,"href":"https:\/\/www.europesays.com\/pl\/wp-json\/wp\/v2\/categories?post=203211"},{"taxonomy":"post_tag","embeddable":true,"href":"https:\/\/www.europesays.com\/pl\/wp-json\/wp\/v2\/tags?post=203211"}],"curies":[{"name":"wp","href":"https:\/\/api.w.org\/{rel}","templated":true}]}}