{"id":203415,"date":"2026-01-14T05:13:19","date_gmt":"2026-01-14T05:13:19","guid":{"rendered":"https:\/\/www.europesays.com\/pl\/203415\/"},"modified":"2026-01-14T05:13:19","modified_gmt":"2026-01-14T05:13:19","slug":"francja-protest-rolnikow-przeciwko-umowie-z-mercosur","status":"publish","type":"post","link":"https:\/\/www.europesays.com\/pl\/203415\/","title":{"rendered":"Francja. Protest rolnik\u00f3w przeciwko umowie z Mercosur"},"content":{"rendered":"<p>Telewizja France24 poinformowa\u0142a, \u017ce we wtorkowy poranek d\u017awi\u0119k klakson\u00f3w rozlega\u0142 si\u0119 po paryskiej obwodnicy. Celem rolnik\u00f3w jest wyra\u017cenie sprzeciwu wobec umowy Unii Europejskiej z blokiem kraj\u00f3w Mercosur (Argentyna, Brazylia, Paragwaj, Urugwaj, Boliwia).<\/p>\n<p>\u00a0<\/p>\n<p>ZOBACZ: <a href=\"https:\/\/www.polsatnews.pl\/wiadomosc\/2026-01-09\/katastroficzna-manipulacja-ekspert-przekonuje-ze-umowa-mercosur-to-nie-dramat\/\" rel=\"nofollow noopener\" target=\"_blank\">&#8222;Katastroficzna manipulacja&#8221;. Ekspert przekonuje, \u017ce umowa Mercosur &#8222;to nie dramat&#8221;<\/a><\/p>\n<p>\u00a0<\/p>\n<p>Celem demonstrant\u00f3w jest wymuszenie na rz\u0105dzie &#8222;konkretnych i natychmiastowych dzia\u0142a\u0144&#8221; maj\u0105cych na celu obron\u0119 suwerenno\u015bci \u017cywieniowej. &#8211; Musimy by\u0107 bezpieczni na francuskim rynku. Francuska hodowla zwierz\u0105t musi zachowa\u0107 pierwsze\u0144stwo przed brazylijsk\u0105 &#8211; m\u00f3wi\u0142 jeden z rolnik\u00f3w, cytowany przez francusk\u0105 telewizj\u0119.<\/p>\n<p>Rolnicy przyjechali do Pary\u017ca. Protestuj\u0105 przeciwko umowie Mercosur\u00a0<\/p>\n<p>Do tej pory policjantom uda\u0142o si\u0119 zidentyfikowa\u0107 oko\u0142o 350 traktor\u00f3w z p\u00f3\u0142nocnej Francji. S\u0142u\u017cby przekaza\u0142y, \u017ce cz\u0119\u015b\u0107 demonstrant\u00f3w skierowa\u0142a si\u0119 pod \u0141uk Triumfalny, w\u00f3wczas gdy celem innych jest dotarcie pod Palais Bourbon, siedzib\u0119 francuskiego Zgromadzenia Narodowego.<\/p>\n<p>\u00a0<\/p>\n<p>ZOBACZ: <a href=\"https:\/\/www.polsatnews.pl\/wiadomosc\/2025-09-16\/merz-nieugiety-ws-umowy-z-mercosur-tuz-przed-wizyta-nawrockiego-zlozyl-deklaracje\/\" rel=\"nofollow noopener\" target=\"_blank\">Merz nieugi\u0119ty ws. umowy z Mercosur. Tu\u017c przed wizyt\u0105 Nawrockiego z\u0142o\u017cy\u0142 deklaracj\u0119<\/a><\/p>\n<p>\u00a0<\/p>\n<p>Protesty maj\u0105 odby\u0107 si\u0119 r\u00f3wnie\u017c z pobli\u017cu Quai d&#8217;Orsay, gdzie znajduje si\u0119 siedziba Ministerstwa Spraw Zagranicznych Francji. Zdaniem policjant\u00f3w cz\u0119\u015b\u0107 rolnik\u00f3w wyposa\u017cy\u0142a si\u0119 w materace i ko\u0142dry, aby m\u00f3c przenocowa\u0107 w pobli\u017cu gmachu i tym samym przed\u0142u\u017cy\u0107 manifestacj\u0119 o kolejny dzie\u0144.<\/p>\n<p>\u00a0<\/p>\n<p>Agencja Reutera opisuje, \u017ce rolnicy przybywali do francuskiej stolicy stopniowo. Pierwszy konw\u00f3j, z\u0142o\u017cony z 15 traktor\u00f3w, wjecha\u0142 do Pary\u017ca kr\u00f3tko po godz. 6. Nied\u0142ugo p\u00f3\u017aniej na drogach pojawi\u0142o si\u0119 kolejne kilkadziesi\u0105t pojazd\u00f3w, kt\u00f3rych przejazd odby\u0142 si\u0119 pod eskort\u0105 policji. Po godz. 8 w Pary\u017cu by\u0142o ju\u017c 350 traktor\u00f3w.<\/p>\n<p>Protesty rolnik\u00f3w we Francji. Nie zgadzaj\u0105 si\u0119 na umow\u0119 handlow\u0105 z krajami Mercosur\u00a0<\/p>\n<p>Jak przypomnia\u0142a agencja, to kolejny raz w przeci\u0105gu kilku dni, kiedy francuscy rolnicy przyjechali traktorami do Pary\u017ca, protestuj\u0105c przeciwko porozumieniu handlowemu Unii Europejskiej z krajami Mercosur. Czwartkowa akcja zorganizowana zosta\u0142a przez zwi\u0105zek rolnik\u00f3w Coordination Rurale. W\u00f3wczas rolnicy ustawili swoje traktory pod Wie\u017c\u0105 Eiffla. Protesty odby\u0142y si\u0119 r\u00f3wnie\u017c pod \u0141ukiem Triumfalnym.<\/p>\n<p>\u00a0<\/p>\n<p>Wtorkowa demonstracja zosta\u0142a zorganizowana przez FNSEA, jeden z najwi\u0119kszych francuskich zwi\u0105zk\u00f3w rolniczych. &#8211; Umowa Mercosur zosta\u0142a zatwierdzona, mimo \u017ce Parlament Europejski nie mia\u0142 jeszcze okazji si\u0119 wypowiedzie\u0107. To doprowadzi do nap\u0142ywu importowanych produkt\u00f3w, kt\u00f3re jeste\u015bmy w stanie w pe\u0142ni wyprodukowa\u0107 we Francji i kt\u00f3re nie respektuj\u0105 standard\u00f3w nak\u0142adanych na francuskie rolnictwo &#8211; powiedzia\u0142 Damien Greffin, wiceprezes FNSEA, cytowany przez agencj\u0119.<\/p>\n<p>\u00a0<\/p>\n<p>ZOBACZ: <a href=\"https:\/\/www.polsatnews.pl\/wiadomosc\/2026-01-09\/umowa-ue-mercosur-zapadla-ostateczna-decyzja\/\" rel=\"nofollow noopener\" target=\"_blank\">Umowa Unia Europejska-Mercosur. Zapad\u0142a ostateczna decyzja<\/a><\/p>\n<p>\u00a0<\/p>\n<p>Greffin zapowiedzia\u0142, \u017ce kolejny protest odb\u0119dzie si\u0119 pod Parlamentem Europejskim w Strasburgu. Demonstracja ma si\u0119 odby\u0107 w kolejny wtorek, 20 stycznia. Podkre\u015bli\u0142 przy tym, \u017ce &#8222;rolnictwo przechodzi kryzys, jakiego nigdy wcze\u015bniej nie spotykano&#8221;, dlatego przedstawiciele bran\u017cy musz\u0105 zaznaczy\u0107 swoj\u0105 obecno\u015b\u0107 i wyrazi\u0107 sprzeciw wobec umowy Mercosur.<\/p>\n<p>\u00a0<\/p>\n<p>Francja nie jest jedynym krajem, w kt\u00f3rym zorganizowano rolnicze protesty. Wcze\u015bniej demonstracje odbywa\u0142y si\u0119 tak\u017ce we W\u0142oszech, Polsce oraz Irlandii. Pa\u0144stwa Unii Europejskiej, mimo sprzeciwu m.in. Warszawy i Pary\u017ca, zgodzi\u0142y si\u0119 w pi\u0105tek na na zawarcie umowy z pa\u0144stwami Mercosuru. Porozumienie wprowadzi preferencje celne dla niekt\u00f3rych produkt\u00f3w rolnych. W zamian rynki tych pa\u0144stw otworz\u0105 si\u0119 na towary przemys\u0142owe UE.<\/p>\n<p>\u00a0<\/p>\n<p>Widzia\u0142e\u015b co\u015b wa\u017cnego? Przy\u015blij zdj\u0119cie, film lub napisz, co si\u0119 sta\u0142o. Skorzystaj z naszej <a href=\"https:\/\/www.polsatnews.pl\/platforma-widzow\/\" target=\"_blank\" rel=\"noopener noreferrer nofollow\">Wrzutni<\/a><\/p>\n<p>                <img decoding=\"async\" src=\"https:\/\/www.europesays.com\/pl\/wp-content\/uploads\/2026\/01\/2663o263cpo6wgnouzptfseejicz8ztr.jpg\" alt=\"\" itemprop=\"contentUrl\" style=\"position:absolute; width: 100%; max-height: 100%;\"\/><video controls=\"\" controlslist=\"nodownload\" poster=\"https:\/\/www.europesays.com\/pl\/wp-content\/uploads\/2026\/01\/2663o263cpo6wgnouzptfseejicz8ztr.jpg\" class=\"videoPlayer player6856605 news__video\" data-id=\"6856605\">Twoja przegl\u0105darka nie wspiera odtwarzacza wideo&#8230;<\/video><\/p>\n<p>                <a class=\"news__read-more-button\" href=\"https:\/\/www.polsatnews.pl\/\" rel=\"nofollow noopener\" target=\"_blank\">Czytaj wi\u0119cej<\/a><\/p>\n","protected":false},"excerpt":{"rendered":"Telewizja France24 poinformowa\u0142a, \u017ce we wtorkowy poranek d\u017awi\u0119k klakson\u00f3w rozlega\u0142 si\u0119 po paryskiej obwodnicy. Celem rolnik\u00f3w jest wyra\u017cenie&hellip;\n","protected":false},"author":2,"featured_media":203416,"comment_status":"","ping_status":"","sticky":false,"template":"","format":"standard","meta":{"footnotes":""},"categories":[14],"tags":[32,33,27,34,35,28,31,25,40,41,80,29,30,26,82,83,84],"class_list":{"0":"post-203415","1":"post","2":"type-post","3":"status-publish","4":"format-standard","5":"has-post-thumbnail","7":"category-swiat","8":"tag-breaking-news","9":"tag-breakingnews","10":"tag-headlines","11":"tag-latest-news","12":"tag-latestnews","13":"tag-naglowki","14":"tag-najwazniejsze-artykuly","15":"tag-news","16":"tag-polish","17":"tag-polski","18":"tag-swiat","19":"tag-top-stories","20":"tag-topstories","21":"tag-wiadomosci","22":"tag-world","23":"tag-world-news","24":"tag-worldnews"},"share_on_mastodon":{"url":"https:\/\/pubeurope.com\/@pl\/115891745851984289","error":""},"_links":{"self":[{"href":"https:\/\/www.europesays.com\/pl\/wp-json\/wp\/v2\/posts\/203415","targetHints":{"allow":["GET"]}}],"collection":[{"href":"https:\/\/www.europesays.com\/pl\/wp-json\/wp\/v2\/posts"}],"about":[{"href":"https:\/\/www.europesays.com\/pl\/wp-json\/wp\/v2\/types\/post"}],"author":[{"embeddable":true,"href":"https:\/\/www.europesays.com\/pl\/wp-json\/wp\/v2\/users\/2"}],"replies":[{"embeddable":true,"href":"https:\/\/www.europesays.com\/pl\/wp-json\/wp\/v2\/comments?post=203415"}],"version-history":[{"count":0,"href":"https:\/\/www.europesays.com\/pl\/wp-json\/wp\/v2\/posts\/203415\/revisions"}],"wp:featuredmedia":[{"embeddable":true,"href":"https:\/\/www.europesays.com\/pl\/wp-json\/wp\/v2\/media\/203416"}],"wp:attachment":[{"href":"https:\/\/www.europesays.com\/pl\/wp-json\/wp\/v2\/media?parent=203415"}],"wp:term":[{"taxonomy":"category","embeddable":true,"href":"https:\/\/www.europesays.com\/pl\/wp-json\/wp\/v2\/categories?post=203415"},{"taxonomy":"post_tag","embeddable":true,"href":"https:\/\/www.europesays.com\/pl\/wp-json\/wp\/v2\/tags?post=203415"}],"curies":[{"name":"wp","href":"https:\/\/api.w.org\/{rel}","templated":true}]}}