{"id":203421,"date":"2026-01-14T05:16:09","date_gmt":"2026-01-14T05:16:09","guid":{"rendered":"https:\/\/www.europesays.com\/pl\/203421\/"},"modified":"2026-01-14T05:16:09","modified_gmt":"2026-01-14T05:16:09","slug":"horror-w-radomiu-radomka-obronila-dziesiec-meczboli-i-awansowala-w-pucharze-cev","status":"publish","type":"post","link":"https:\/\/www.europesays.com\/pl\/203421\/","title":{"rendered":"Horror w Radomiu! Radomka obroni\u0142a dziesi\u0119\u0107 meczboli i awansowa\u0142a w Pucharze CEV!"},"content":{"rendered":"<p>Radomianki przegra\u0142y pierwsze starcie w stolicy Chorwacji. Podopieczne Piotra Filipowicza by\u0142y w stanie zdoby\u0107 tylko jednego seta, ale kwestia awansu przed rewan\u017cem wci\u0105\u017c by\u0142a otwarta. Musia\u0142y jednak wygra\u0107 3:0 lub 3:1, a nast\u0119pnie tzw. z\u0142otego seta. Ka\u017cdy inny wynik premiowa\u0142 bowiem Mladost.<\/p>\n<p>\u00a0<\/p>\n<p>We wtorkowy wiecz\u00f3r emocji nie brakowa\u0142o. Wystarczy powiedzie\u0107, \u017ce pierwszy i drugi set ko\u0144czy\u0142 si\u0119 gr\u0105 na przewagi. Za ka\u017cdym razem wi\u0119cej szcz\u0119\u015bcia i umiej\u0119tno\u015bci mia\u0142y gospodynie. W premierowej partii wygra\u0142y 26:24, natomiast w drugiej ods\u0142onie by\u0142o jeszcze ciekawiej. W pewnym momencie nic na to nie wskazywa\u0142o, bo Radomka prowadzi\u0142a nawet 13:6. Do zespo\u0142u wkrad\u0142o si\u0119 jednak rozlu\u017anienie, co spot\u0119gowa\u0142o gigantyczne k\u0142opoty. Mladost mozolnie odrabia\u0142 straty i doprowadzi\u0142 do remisu 22:22. Ma\u0142o tego, przyjezdne mia\u0142y nawet pi\u0142k\u0119 setow\u0105 w g\u00f3rze. Ostatecznie Radomka wysz\u0142a z opresji i wygra\u0142a 31:29.<\/p>\n<p>\u00a0<\/p>\n<p>ZOBACZ TAK\u017bE: <a href=\"https:\/\/www.polsatsport.pl\/wiadomosc\/2026-01-13\/pierwszy-set-i-po-emocjach-pierwsza-wygrana-budowlanych-w-lidze-mistrzyn\/\" target=\"_blank\" rel=\"noopener noreferrer nofollow\">Pierwszy set i po emocjach. Pierwsza wygrana Budowlanych w Lidze Mistrzy\u0144!<\/a><\/p>\n<p>\u00a0<\/p>\n<p>Trzeci set to r\u00f3wnie\u017c zaci\u0119ta rywalizacja. Wynik d\u0142ugo oscylowa\u0142 wok\u00f3\u0142 remisu a\u017c do stanu 19:19. W\u00f3wczas &#8222;wy\u017cszy bieg&#8221; wrzuci\u0142y miejscowe, kt\u00f3re zdoby\u0142y cztery punkty z rz\u0119du. To okaza\u0142o si\u0119 kluczowe. Radomka wygra\u0142a 25:21 i tym samym triumfowa\u0142a w ca\u0142ym meczu 3:0. To jednak nie ko\u0144czy\u0142o emocji, poniewa\u017c wed\u0142ug regulaminu o losach awansu musia\u0142 zadecydowa\u0107 z\u0142oty set.<\/p>\n<p>\u00a0<\/p>\n<p>W nim o wiele lepiej rozpocz\u0119\u0142y siatkarki z Zagrzebia, kt\u00f3re obj\u0119\u0142y trzypunktowe prowadzenie. Wydawa\u0142o si\u0119, \u017ce Radomka nie jest ju\u017c w stanie odrobi\u0107 tych strat, mimo \u017ce parokrotnie zbli\u017ca\u0142a si\u0119 do rywalek na dystans jednego &#8222;oczka&#8221;. Kapitalny finisz sprawi\u0142, \u017ce rzutem na ta\u015bm\u0119 &#8211; ze stanu 10:14 uda\u0142o si\u0119 jednak doprowadzi\u0107 do remisu 14:14 i kolejny raz do gry na przewagi! Dramaturgia si\u0119gn\u0119\u0142a zenitu. Radomianki obroni\u0142y dziesi\u0119\u0107 pi\u0142ek meczowych, aby nast\u0119pnie samemu wywalczy\u0107 meczbola! W kolejnej akcji przeciwniczki pos\u0142a\u0142y pi\u0142k\u0119 w aut, co oznacza\u0142o spektakularny triumf!<\/p>\n<p>\u00a0<\/p>\n<p>Taki wynik sprawi\u0142, \u017ce Radomka awansowa\u0142a do 1\/8 fina\u0142u Pucharu CEV! W poprzednim sezonie przedstawiciel Tauron Ligi zdo\u0142a\u0142 dobrn\u0105\u0107 do \u0107wier\u0107fina\u0142u drugich w hierarchii siatkarskich rozgrywek klubowych na Starym Kontynencie.<\/p>\n<p>\u00a0<\/p>\n<p>Rywalem zespo\u0142u trenera Filipowicza w walce o \u0107wier\u0107fina\u0142 b\u0119d\u0105 zwyci\u0119\u017cczynie pary niemieckiego VfB Suhl Thuringen z rumu\u0144skim CSO Voluntari 2005.<\/p>\n<p>\u00a0<\/p>\n<p>Moya Radomka Radom &#8211; Mladost Zagrzeb 3:0 (26:24, 31:29, 25:21)<\/p>\n<p>\u00a0<\/p>\n<p>Z\u0142oty set: 22:20<\/p>\n<p>\u00a0<\/p>\n<p>Moya Radomka Radom: Szlagowska, Ga\u0142kowska, Garita, Piotrowska, Petrenko, Lengweiler, Niemcewa (l) &#8211; Marsza\u0142kowicz, Zhylinska, J\u0119cek, Mo\u0142czanowa, Plaga, Szumera, D\u0105browska.<\/p>\n<p>\u00a0<\/p>\n<p>Mladost: Vrban, Freund, Grabic, Francetic, Bogati Pantelic, Bosniak, Brasnic (l) &#8211; Golemac, Owino, Prkacin, Drobac, Istuk, Smoljan, Ivkovic, Cizmar.<\/p>\n<p>\u00a0<\/p>\n<p>Pierwszy mecz: 3:1 dla Mladost<\/p>\n<p>Awans: Radomka<img decoding=\"async\" src=\"https:\/\/www.europesays.com\/pl\/wp-content\/uploads\/2026\/01\/r1wcyxkigvj6tao2z8814q8dg6rjq8jc.jpg\" alt=\"\" itemprop=\"contentUrl\" style=\"position:absolute; width: 100%; max-height: 100%;\"\/><video controls=\"\" controlslist=\"nodownload\" poster=\"https:\/\/www.europesays.com\/pl\/wp-content\/uploads\/2026\/01\/r1wcyxkigvj6tao2z8814q8dg6rjq8jc.jpg\" class=\"videoPlayer player7309613 news__video\" data-id=\"7309613\">Twoja przegl\u0105darka nie wspiera odtwarzacza wideo&#8230;<\/video><\/p>\n<p>Polsat Sport<\/p>\n<p><a class=\"news__read-more-button\" href=\"https:\/\/www.polsatsport.pl\/\" rel=\"nofollow noopener\" target=\"_blank\">Przejd\u017a na Polsatsport.pl<\/a><\/p>\n","protected":false},"excerpt":{"rendered":"Radomianki przegra\u0142y pierwsze starcie w stolicy Chorwacji. Podopieczne Piotra Filipowicza by\u0142y w stanie zdoby\u0107 tylko jednego seta, ale&hellip;\n","protected":false},"author":2,"featured_media":203422,"comment_status":"","ping_status":"","sticky":false,"template":"","format":"standard","meta":{"footnotes":""},"categories":[24],"tags":[42,38,40,39,41,127,126],"class_list":{"0":"post-203421","1":"post","2":"type-post","3":"status-publish","4":"format-standard","5":"has-post-thumbnail","7":"category-sport","8":"tag-pl","9":"tag-poland","10":"tag-polish","11":"tag-polska","12":"tag-polski","13":"tag-sport","14":"tag-sports"},"share_on_mastodon":{"url":"https:\/\/pubeurope.com\/@pl\/115891757722979934","error":""},"_links":{"self":[{"href":"https:\/\/www.europesays.com\/pl\/wp-json\/wp\/v2\/posts\/203421","targetHints":{"allow":["GET"]}}],"collection":[{"href":"https:\/\/www.europesays.com\/pl\/wp-json\/wp\/v2\/posts"}],"about":[{"href":"https:\/\/www.europesays.com\/pl\/wp-json\/wp\/v2\/types\/post"}],"author":[{"embeddable":true,"href":"https:\/\/www.europesays.com\/pl\/wp-json\/wp\/v2\/users\/2"}],"replies":[{"embeddable":true,"href":"https:\/\/www.europesays.com\/pl\/wp-json\/wp\/v2\/comments?post=203421"}],"version-history":[{"count":0,"href":"https:\/\/www.europesays.com\/pl\/wp-json\/wp\/v2\/posts\/203421\/revisions"}],"wp:featuredmedia":[{"embeddable":true,"href":"https:\/\/www.europesays.com\/pl\/wp-json\/wp\/v2\/media\/203422"}],"wp:attachment":[{"href":"https:\/\/www.europesays.com\/pl\/wp-json\/wp\/v2\/media?parent=203421"}],"wp:term":[{"taxonomy":"category","embeddable":true,"href":"https:\/\/www.europesays.com\/pl\/wp-json\/wp\/v2\/categories?post=203421"},{"taxonomy":"post_tag","embeddable":true,"href":"https:\/\/www.europesays.com\/pl\/wp-json\/wp\/v2\/tags?post=203421"}],"curies":[{"name":"wp","href":"https:\/\/api.w.org\/{rel}","templated":true}]}}