{"id":203425,"date":"2026-01-14T05:20:07","date_gmt":"2026-01-14T05:20:07","guid":{"rendered":"https:\/\/www.europesays.com\/pl\/203425\/"},"modified":"2026-01-14T05:20:07","modified_gmt":"2026-01-14T05:20:07","slug":"trump-odpowiada-premierowi-grenlandii-to-bedzie-dla-niego-duzy-problem-2","status":"publish","type":"post","link":"https:\/\/www.europesays.com\/pl\/203425\/","title":{"rendered":"Trump odpowiada premierowi Grenlandii. &#8222;To b\u0119dzie dla niego du\u017cy problem&#8221;"},"content":{"rendered":"<p class=\"ods-c-paragraph \">Trump skomentowa\u0142 s\u0142owa premiera Grenlandii Jensa-Frederika Nielsena podczas kr\u00f3tkiej rozmowy z dziennikarzami na p\u0142ycie lotniska w bazie lotniczej Andrews pod Waszyngtonem. \u2014 C\u00f3\u017c, to ich problem. Nie zgadzam si\u0119 z nim. Nie wiem, kim on jest. Nic o nim nie wiem. Ale to b\u0119dzie dla niego du\u017cy problem \u2014 powiedzia\u0142 ameryka\u0144ski prezydent.<\/p>\n<p>Dalszy ci\u0105g artyku\u0142u pod materia\u0142em wideo<\/p>\n<p> Jaka jest reakcja Trumpa na deklaracj\u0119 premiera Grenlandii? <\/p>\n<p> Kto b\u0119dzie uczestniczy\u0142 w rozmowach w Bia\u0142ym Domu? <\/p>\n<p> Co powiedzia\u0142 komisarz ds. Arktyki na temat przej\u0119cia Grenlandii? <\/p>\n<p> Jakie preferencje wyrazili Grenlandczycy w stosunku do Danii i USA? <\/p>\n<p class=\"ods-c-paragraph \">To odpowied\u017a na deklaracj\u0119 Nielsena, kt\u00f3ry po spotkaniu z szefow\u0105 du\u0144skiego rz\u0105du okre\u015bli\u0142, \u017ce Grenlandczycy wol\u0105 pozosta\u0107 cz\u0119\u015bci\u0105 Danii, ni\u017c USA. \u2014 Je\u015bli mamy wybiera\u0107 mi\u0119dzy USA a Dani\u0119, to wolimy by\u0107 cz\u0119\u015bci\u0105 Kr\u00f3lestwa Danii \u2014 podkre\u015bli\u0142 Nielsen. Doda\u0142, \u017ce Grenlandia &#8222;wybiera NATO, Kr\u00f3lestwo Danii i Unii Europejskiej&#8221;.<\/p>\n<p>&#8222;Donald Trump chce ruszy\u0107 z wielk\u0105 pr\u0119dko\u015bci\u0105&#8221;<\/p>\n<p class=\"ods-c-paragraph \">W \u015brod\u0119 szefowie dyplomacji Danii i Grenlandii odwiedz\u0105 Waszyngton i odb\u0119d\u0105 rozmowy w Bia\u0142ym Domu z wiceprezydentem J.D. Vancem i sekretarzem stanu Markiem Rubio. Spotkanie odb\u0119dzie si\u0119 na wniosek Kopenhagi, kt\u00f3ra chce, by Donald Trump zaprzesta\u0142 gr\u00f3\u017ab zaj\u0119cia wyspy &#8222;po dobroci lub w trudniejszy spos\u00f3b&#8221;.<\/p>\n<p class=\"ods-c-paragraph \">Komisarz ds. Arktyki Tom Dans powiedzia\u0142 we wtorek dziennikowi &#8222;USA Today&#8221;, \u017ce administracja mo\u017ce podj\u0105\u0107 kroki w kierunku obj\u0119cia kontroli nad wysp\u0105 w ci\u0105gu najbli\u017cszych &#8222;tygodni lub miesi\u0119cy&#8221;. Przyzna\u0142 jednak, \u017ce USA musz\u0105 zdoby\u0107 zaufanie lokalnych mieszka\u0144c\u00f3w.<\/p>\n<p class=\"ods-c-paragraph \">\u2014 To linia kolejowa z wieloma przystankami \u2014 powiedzia\u0142 Dans dziennikowi, opisuj\u0105c przej\u0119cie wyspy. \u2014 Poci\u0105gi mog\u0105 si\u0119 porusza\u0107 ekspresowo, omijaj\u0105c lokalne przystanki i jad\u0105c bezpo\u015brednio na dworzec g\u0142\u00f3wny. W\u0142a\u015bnie tak prezydent Trump chce to z tym ruszy\u0107 \u2014 z wielk\u0105 pr\u0119dko\u015bci\u0105 \u2014 powiedzia\u0142.<\/p>\n","protected":false},"excerpt":{"rendered":"Trump skomentowa\u0142 s\u0142owa premiera Grenlandii Jensa-Frederika Nielsena podczas kr\u00f3tkiej rozmowy z dziennikarzami na p\u0142ycie lotniska w bazie lotniczej&hellip;\n","protected":false},"author":2,"featured_media":203426,"comment_status":"","ping_status":"","sticky":false,"template":"","format":"standard","meta":{"footnotes":""},"categories":[14],"tags":[32,33,2787,44,9796,27,4186,34,35,7949,28,31,48,25,46,40,41,47,80,29,30,71,26,82,83,84],"class_list":{"0":"post-203425","1":"post","2":"type-post","3":"status-publish","4":"format-standard","5":"has-post-thumbnail","7":"category-swiat","8":"tag-breaking-news","9":"tag-breakingnews","10":"tag-dania","11":"tag-donald_trump","12":"tag-grenlandia","13":"tag-headlines","14":"tag-kopenhaga","15":"tag-latest-news","16":"tag-latestnews","17":"tag-mette_frederiksen","18":"tag-naglowki","19":"tag-najwazniejsze-artykuly","20":"tag-nat_styl","21":"tag-news","22":"tag-omp","23":"tag-polish","24":"tag-polski","25":"tag-screening_general","26":"tag-swiat","27":"tag-top-stories","28":"tag-topstories","29":"tag-usa","30":"tag-wiadomosci","31":"tag-world","32":"tag-world-news","33":"tag-worldnews"},"share_on_mastodon":{"url":"https:\/\/pubeurope.com\/@pl\/115891773357966180","error":""},"_links":{"self":[{"href":"https:\/\/www.europesays.com\/pl\/wp-json\/wp\/v2\/posts\/203425","targetHints":{"allow":["GET"]}}],"collection":[{"href":"https:\/\/www.europesays.com\/pl\/wp-json\/wp\/v2\/posts"}],"about":[{"href":"https:\/\/www.europesays.com\/pl\/wp-json\/wp\/v2\/types\/post"}],"author":[{"embeddable":true,"href":"https:\/\/www.europesays.com\/pl\/wp-json\/wp\/v2\/users\/2"}],"replies":[{"embeddable":true,"href":"https:\/\/www.europesays.com\/pl\/wp-json\/wp\/v2\/comments?post=203425"}],"version-history":[{"count":0,"href":"https:\/\/www.europesays.com\/pl\/wp-json\/wp\/v2\/posts\/203425\/revisions"}],"wp:featuredmedia":[{"embeddable":true,"href":"https:\/\/www.europesays.com\/pl\/wp-json\/wp\/v2\/media\/203426"}],"wp:attachment":[{"href":"https:\/\/www.europesays.com\/pl\/wp-json\/wp\/v2\/media?parent=203425"}],"wp:term":[{"taxonomy":"category","embeddable":true,"href":"https:\/\/www.europesays.com\/pl\/wp-json\/wp\/v2\/categories?post=203425"},{"taxonomy":"post_tag","embeddable":true,"href":"https:\/\/www.europesays.com\/pl\/wp-json\/wp\/v2\/tags?post=203425"}],"curies":[{"name":"wp","href":"https:\/\/api.w.org\/{rel}","templated":true}]}}