{"id":203427,"date":"2026-01-14T05:21:13","date_gmt":"2026-01-14T05:21:13","guid":{"rendered":"https:\/\/www.europesays.com\/pl\/203427\/"},"modified":"2026-01-14T05:21:13","modified_gmt":"2026-01-14T05:21:13","slug":"krzysztof-bosak-odpowiada-jaroslawowi-kaczynskiemu-nie-damy-sie-rozgrywac","status":"publish","type":"post","link":"https:\/\/www.europesays.com\/pl\/203427\/","title":{"rendered":"Krzysztof Bosak odpowiada Jaros\u0142awowi Kaczy\u0144skiemu. &#8222;Nie damy si\u0119 rozgrywa\u0107&#8221;"},"content":{"rendered":"<p> Co dok\u0142adnie powiedzia\u0142 Jaros\u0142aw Kaczy\u0144ski? <\/p>\n<p class=\"ods-c-paragraph \"><a href=\"https:\/\/wiadomosci.onet.pl\/swiat\/jaroslaw-kaczynski-apeluje-o-jednosc-prawicy-w-2027-r-wymienil-cztery-partie\/e3l2cty\" id=\"bbe19229-8ffd-4b72-aebd-1eeb028a267e\" rel=\"nofollow noopener\" target=\"_blank\">Prezes PiS przekonywa\u0142 podczas spotkania z mieszka\u0144cami W\u0119growa<\/a>, \u017ce kluczem do zwyci\u0119stwa w wyborach parlamentarnych w 2027 r. jest zjednoczenie szeroko rozumianego &#8222;obozu patriotycznego&#8221;. Zdaniem Kaczy\u0144skiego w sk\u0142ad tego obozu wchodz\u0105: PiS, dwa \u015brodowiska tworz\u0105ce Konfederacj\u0119: Ruch Narodowy Krzysztofa Bosaka, Nowa Nadzieja S\u0142awomira Mentzena oraz Konfederacja Korony Polskiej Grzegorza Brauna. Jak doda\u0142, ob\u00f3z ten nie jest jednak zjednoczony, a nast\u0119pnie przeszed\u0142 do analizy Konfederacji Bosaka i Mentzena.<\/p>\n<p class=\"ods-c-paragraph \">Jak m\u00f3wi\u0142, postulaty Nowej Nadziei mo\u017cna opisa\u0107 jako &#8222;darwinizm spo\u0142eczny, skrajny liberalizm, kt\u00f3ry w og\u00f3le nie liczy si\u0119 z interesem zwyk\u0142ych ludzi&#8221;. Podkre\u015bli\u0142, \u017ce w kontek\u015bcie tej cz\u0119\u015bci Konfederacji &#8222;nie bardzo widzi mo\u017cliwo\u015b\u0107 wsp\u00f3\u0142pracy&#8221;. Z kolei Bosaka Kaczy\u0144ski opisa\u0142 jako &#8222;m\u0142odego, dobrze bardzo zapowiadaj\u0105cego si\u0119 polityka&#8221;.<\/p>\n<p> Co powiedzia\u0142 Krzysztof Bosak w odpowiedzi na Jaros\u0142awa Kaczy\u0144skiego? <\/p>\n<p> Jak Jaros\u0142aw Kaczy\u0144ski oceni\u0142 Krzysztofa Bosaka? <\/p>\n<p> Jakie r\u00f3\u017cnice istniej\u0105 w Konfederacji wed\u0142ug Kaczy\u0144skiego? <\/p>\n<p> Co Kaczy\u0144ski s\u0105dzi o Nowej Nadziei S\u0142awomira Mentzena? <\/p>\n<p>      Jak zareagowa\u0142 Krzysztof Bosak? <\/p>\n<p class=\"ods-c-paragraph \">W odpowiedzi Krzysztof Bosak opublikowa\u0142 wpis. Jak zauwa\u017cy\u0142, w swoim wyst\u0105pieniu Jaros\u0142aw Kaczy\u0144ski &#8222;m\u00f3wi\u0142 pozytywnie o nim, ale tak\u017ce o r\u00f3\u017cnicach w Konfederacji, poddaj\u0105c krytyce faktyczne i domniemane elementy naszego programu, a tak\u017ce atakuj\u0105c naszych koleg\u00f3w z Nowej Nadziei&#8221;. <\/p>\n<p class=\"ods-c-paragraph \">&#8222;Ani ataki, ani pochlebstwa nie zdo\u0142aj\u0105 nas podzieli\u0107 i zatrzyma\u0107&#8221; \u2014 zadeklarowa\u0142. &#8222;S\u0105 mi\u0119dzy nami r\u00f3\u017cnice, jak w ka\u017cdym \u015brodowisku, ale nie damy si\u0119 rozgrywa\u0107 z zewn\u0105trz. Nasza jedno\u015b\u0107 i zdolno\u015b\u0107 do wsp\u00f3\u0142pracy s\u0105 tym, co daje nadziej\u0119 naszym wyborcom. B\u0119dziemy dalej, skutecznie i\u015b\u0107 t\u0105 drog\u0105&#8221; \u2014 przekonywa\u0142 lider Konfederacji.<\/p>\n<p class=\"ods-c-paragraph \">Zobacz tak\u017ce:<\/p>\n","protected":false},"excerpt":{"rendered":"Co dok\u0142adnie powiedzia\u0142 Jaros\u0142aw Kaczy\u0144ski? Prezes PiS przekonywa\u0142 podczas spotkania z mieszka\u0144cami W\u0119growa, \u017ce kluczem do zwyci\u0119stwa w&hellip;\n","protected":false},"author":2,"featured_media":203428,"comment_status":"","ping_status":"","sticky":false,"template":"","format":"standard","meta":{"footnotes":""},"categories":[12],"tags":[32,33,36,37,27,422,1006,49,1007,34,35,28,31,48,25,46,529,42,38,40,39,41,47,29,30,70,26,7209],"class_list":{"0":"post-203427","1":"post","2":"type-post","3":"status-publish","4":"format-standard","5":"has-post-thumbnail","7":"category-polska","8":"tag-breaking-news","9":"tag-breakingnews","10":"tag-featured-news","11":"tag-featurednews","12":"tag-headlines","13":"tag-jaroslaw_kaczynski","14":"tag-konfederacja","15":"tag-kraj","16":"tag-krzysztof_bosak","17":"tag-latest-news","18":"tag-latestnews","19":"tag-naglowki","20":"tag-najwazniejsze-artykuly","21":"tag-nat_styl","22":"tag-news","23":"tag-omp","24":"tag-pis","25":"tag-pl","26":"tag-poland","27":"tag-polish","28":"tag-polska","29":"tag-polski","30":"tag-screening_general","31":"tag-top-stories","32":"tag-topstories","33":"tag-w_skrocie","34":"tag-wiadomosci","35":"tag-wybory_parlamentarne"},"share_on_mastodon":{"url":"https:\/\/pubeurope.com\/@pl\/115891777201321275","error":""},"_links":{"self":[{"href":"https:\/\/www.europesays.com\/pl\/wp-json\/wp\/v2\/posts\/203427","targetHints":{"allow":["GET"]}}],"collection":[{"href":"https:\/\/www.europesays.com\/pl\/wp-json\/wp\/v2\/posts"}],"about":[{"href":"https:\/\/www.europesays.com\/pl\/wp-json\/wp\/v2\/types\/post"}],"author":[{"embeddable":true,"href":"https:\/\/www.europesays.com\/pl\/wp-json\/wp\/v2\/users\/2"}],"replies":[{"embeddable":true,"href":"https:\/\/www.europesays.com\/pl\/wp-json\/wp\/v2\/comments?post=203427"}],"version-history":[{"count":0,"href":"https:\/\/www.europesays.com\/pl\/wp-json\/wp\/v2\/posts\/203427\/revisions"}],"wp:featuredmedia":[{"embeddable":true,"href":"https:\/\/www.europesays.com\/pl\/wp-json\/wp\/v2\/media\/203428"}],"wp:attachment":[{"href":"https:\/\/www.europesays.com\/pl\/wp-json\/wp\/v2\/media?parent=203427"}],"wp:term":[{"taxonomy":"category","embeddable":true,"href":"https:\/\/www.europesays.com\/pl\/wp-json\/wp\/v2\/categories?post=203427"},{"taxonomy":"post_tag","embeddable":true,"href":"https:\/\/www.europesays.com\/pl\/wp-json\/wp\/v2\/tags?post=203427"}],"curies":[{"name":"wp","href":"https:\/\/api.w.org\/{rel}","templated":true}]}}