{"id":203492,"date":"2026-01-14T06:02:19","date_gmt":"2026-01-14T06:02:19","guid":{"rendered":"https:\/\/www.europesays.com\/pl\/203492\/"},"modified":"2026-01-14T06:02:19","modified_gmt":"2026-01-14T06:02:19","slug":"iran-pograza-sie-w-chaosie-tysiace-ofiar-blokada-informacyjna-i-geopolityczna-gra","status":"publish","type":"post","link":"https:\/\/www.europesays.com\/pl\/203492\/","title":{"rendered":"Iran pogr\u0105\u017ca si\u0119 w chaosie. Tysi\u0105ce ofiar, blokada informacyjna i geopolityczna gra"},"content":{"rendered":"<p>Iran pogr\u0105\u017ca si\u0119 w coraz wi\u0119kszym kryzysie. Jak podaje Iran International, perskoj\u0119zyczny kana\u0142 telewizji satelitarnej z siedzib\u0105 w Londynie, w ostatnich protestach zgin\u0119\u0142o co najmniej 12 tysi\u0119cy ludzi. Wed\u0142ug informacji protesty s\u0105 brutalnie t\u0142umione przez w\u0142adze, a w kraju jest ca\u0142kowita blokada internetu. \u015awiat z niepokojem obserwuje eskalacj\u0119 przemocy, Stany Zjednoczone gro\u017c\u0105 interwencj\u0105, a w\u0142adze w Teheranie planuj\u0105 ucieczk\u0119 z kraju.<\/p>\n<p>                         &#13;<br \/>\n        &#13;<\/p>\n<p>                                        &#13;<br \/>\n                        &#13;<br \/>\n                            <img decoding=\"async\" src=\"https:\/\/www.europesays.com\/pl\/wp-content\/uploads\/2026\/01\/000M6XNE0UC3EPH8-C123-F4.jpg\" title=\"Tysi\u0105ce ofiar w Iranie. W\u0142adze strzelaj\u0105 do protestuj\u0105cych\" alt=\"Protesty przeciwko re\u017cimowi ira\u0144skiemu w Londynie. \/CARLOS JASSO \/ AFP \/East News\" class=\"img-responsive\"\/>&#13;<\/p>\n<p>                            &#13;<\/p>\n<p>      &#13;<br \/>\n                            Protesty przeciwko re\u017cimowi ira\u0144skiemu w Londynie.&#13;<br \/>\n                                    \/CARLOS JASSO \/ AFP \/East News  &#13;\n                                    <\/p>\n<p>&#13;<\/p>\n<ul class=\"bullet\">\n<li>Wed\u0142ug Iran International w ostatnich protestach w Iranie zgin\u0119\u0142o co najmniej 12 tys. ludzi.<\/li>\n<li>Ofiary to g\u0142\u00f3wnie m\u0142odzi ludzie, cz\u0119sto poni\u017cej 30. roku \u017cycia.<\/li>\n<li>W kraju obowi\u0105zuje blokada informacyjna. Dziennikarze s\u0105 zastraszani, a internet zosta\u0142 zablokowany.<\/li>\n<li>W\u0142adze prowadz\u0105 masowe aresztowania, konfiskuj\u0105 satelity i nagrania z kamer.<\/li>\n<li>Protesty wybuch\u0142y na tle kryzysu gospodarczego, ale szybko przerodzi\u0142y si\u0119 w \u017c\u0105dania obalenia re\u017cimu.<\/li>\n<li>Wi\u0119cej informacji z\u00a0Polski i\u00a0\u015bwiata znajdziesz na\u00a0<a href=\"https:\/\/www.rmf24.pl\/\" target=\"_blank\" rel=\"noreferrer noopener nofollow\">RMF24.pl<\/a>.<\/li>\n<\/ul>\n<p>  8 i 9 stycznia 2026 roku Iran sta\u0142 si\u0119 aren\u0105 najwi\u0119kszego w historii kraju aktu przemocy wobec w\u0142asnych obywateli &#8211; donosi Iran International. Wed\u0142ug zweryfikowanych przez redakcj\u0119 informacji z r\u00f3\u017cnych \u017ar\u00f3de\u0142, w tym z Najwy\u017cszej Rady Bezpiecze\u0144stwa Narodowego, biura prezydenta i \u017ar\u00f3de\u0142 w Korpusie Stra\u017cnik\u00f3w Rewolucji Islamskiej, liczba zabitych przekroczy\u0142a 12 tysi\u0119cy os\u00f3b. Ofiary to g\u0142\u00f3wnie m\u0142odzi ludzie, cz\u0119sto nastolatkowie i osoby poni\u017cej 30. roku \u017cycia.\u00a0<\/p>\n<p>Wed\u0142ug Iran International 12 tys. os\u00f3b zosta\u0142o zabitych w spos\u00f3b zorganizowany. \u015amier\u0107 tych os\u00f3b nie by\u0142a efektem przypadkowych star\u0107, lecz wynikiem rozkaz\u00f3w wydanych przez najwy\u017csze w\u0142adze pa\u0144stwowe. Wykonawc\u0105 rozkaz\u00f3w by\u0142 Korpus Stra\u017cnik\u00f3w Rewolucji Islamskiej oraz paramilitarne oddzia\u0142y Basid\u017c. Rozkaz u\u017cycia ostrej amunicji mia\u0142 zosta\u0107 wydany przez Najwy\u017csz\u0105 Rad\u0119 Bezpiecze\u0144stwa Narodowego, za wiedz\u0105 i aprobat\u0105 wszystkich kluczowych organ\u00f3w w\u0142adzy.\u00a0<\/p>\n<p>Aby ukry\u0107 skal\u0119 represji i uniemo\u017cliwi\u0107 przekazanie prawdy za granic\u0119, w\u0142adze Iranu wprowadzi\u0142y blokad\u0119 informacyjn\u0105 &#8211; informuje Iran International. Internet zosta\u0142 niemal ca\u0142kowicie wy\u0142\u0105czony, media krajowe zamkni\u0119te, a dziennikarze i \u015bwiadkowie s\u0105 zastraszani. Setki gazet i portali przesta\u0142y dzia\u0142a\u0107, a jedynym aktywnym medium pozostaje pa\u0144stwowa telewizja IRIB, kt\u00f3ra znajduje si\u0119 pod pe\u0142n\u0105 kontrol\u0105 s\u0142u\u017cb bezpiecze\u0144stwa.\u00a0<\/p>\n<p>W\u0142adze przeprowadzaj\u0105 r\u00f3wnie\u017c akcje konfiskaty anten satelitarnych i nagra\u0144 z prywatnych kamer monitoringu, cz\u0119sto podszywaj\u0105c si\u0119 pod pracownik\u00f3w s\u0142u\u017cb komunalnych. Rodziny ofiar s\u0105 zastraszane, a cia\u0142a zabitych cz\u0119sto nie s\u0105 wydawane bliskim lub wydawane pod warunkiem publicznego poparcia dla w\u0142adz.  <\/p>\n<p>Pocz\u0105tkowo protesty wybuch\u0142y na tle pogarszaj\u0105cej si\u0119 sytuacji gospodarczej, ale szybko przerodzi\u0142y si\u0119 w antyrz\u0105dowe wyst\u0105pienia na niespotykan\u0105 dot\u0105d skal\u0119. W\u0142adze odpowiedzia\u0142y masowymi aresztowaniami, u\u017cyciem ostrej amunicji i blokad\u0105 komunikacji.\u00a0<\/p>\n<p>Jednocze\u015bnie Iran korzysta z technologicznego i politycznego wsparcia Rosji. Moskwa dostarcza nie tylko sprz\u0119t do inwigilacji i t\u0142umienia protest\u00f3w, ale tak\u017ce zapewnia os\u0142on\u0119 dyplomatyczn\u0105 na arenie mi\u0119dzynarodowej.\u00a0<\/p>\n<p>Rosyjskie media powielaj\u0105 narracj\u0119 o &#8222;obcej ingerencji&#8221;, a w strukturach takich jak BRICS czy Szanghajska Organizacja Wsp\u00f3\u0142pracy Iran i Rosja wsp\u00f3lnie blokuj\u0105 rezolucje pot\u0119piaj\u0105ce przemoc wobec protestuj\u0105cych.  <\/p>\n<p>9 stycznia media obieg\u0142a informacja, \u017ce ira\u0144scy urz\u0119dnicy najwy\u017cszego szczebla intensywnie ubiegaj\u0105 si\u0119 o francuskie wizy dla swoich rodzin. W\u015br\u00f3d staraj\u0105cych si\u0119 o wyjazd do Francji znalaz\u0142 si\u0119 nawet przewodnicz\u0105cy Zgromadzenia Islamskiego.<\/p>\n<p>                    <a href=\"https:\/\/www.rmf24.pl\/fakty\/swiat\/news-iranskie-elity-szukaja-schronienia-we-francji-i-rosji-upadek,nId,8056793\" rel=\"nofollow noopener\" target=\"_blank\">Ira\u0144skie elity szukaj\u0105 schronienia we Francji i Rosji. Upadek re\u017cimu coraz bli\u017cej?<\/a><\/p>\n<p>  Wed\u0142ug doniesie\u0144 francuskiego dziennika &#8222;Le Figaro&#8221; za po\u015brednictwem paryskiego prawnika o wizy dla rodzin zabiega\u00a0co najmniej 20 wysoko postawionych urz\u0119dnik\u00f3w. W\u015br\u00f3d nich maj\u0105 by\u0107 osoby zaanga\u017cowane w mi\u0119dzynarodowy handel narkotykami, wsp\u00f3\u0142pracuj\u0105ce z mafiami z Meksyku, Kolumbii i Wenezueli. Nie brakuje r\u00f3wnie\u017c powi\u0105za\u0144 z handlem broni\u0105, dzie\u0142ami sztuki oraz prostytucj\u0105.\u00a0<\/p>\n<p>Pojawi\u0142y si\u0119 r\u00f3wnie\u017c doniesienia o mo\u017cliwej ewakuacji najwy\u017cszego przyw\u00f3dcy politycznego i duchowego Iranu,\u00a086-letniego Alego Chameneiego. Wed\u0142ug informacji brytyjskiego &#8222;Timesa&#8221; opartych na \u017ar\u00f3d\u0142ach wywiadowczych Chamenei mo\u017ce wkr\u00f3tce\u00a0przenie\u015b\u0107 si\u0119 do Moskwy wraz z synem i 20 cz\u0142onkami rodziny. Wraz z nimi mia\u0142by zabra\u0107 p\u0142ynne aktywa o warto\u015bci\u00a0oko\u0142o 95 miliard\u00f3w dolar\u00f3w, kt\u00f3re s\u0105 pod jego kontrol\u0105.<\/p>\n<p>  Stany Zjednoczone, cho\u0107 publicznie grozi\u0142y mocn\u0105 odpowiedzi\u0105 wobec w\u0142adz w Teheranie za dalsze represje, nie podj\u0119\u0142y dot\u0105d zdecydowanych dzia\u0142a\u0144. Prezydent Donald Trump zapowiada\u0142 nawet mo\u017cliwo\u015b\u0107 przywr\u00f3cenia internetu w Iranie przy pomocy Elona Muska, jednak konkretne kroki nie zosta\u0142y podj\u0119te. Cz\u0119\u015b\u0107 analityk\u00f3w ostrzega, \u017ce brak interwencji mo\u017ce zosta\u0107 odebrany jako zdrada przez ira\u0144skich protestuj\u0105cych, kt\u00f3rzy liczyli na wsparcie Zachodu.\u00a0<\/p>\n<p>W obliczu narastaj\u0105cych protest\u00f3w i mo\u017cliwego upadku re\u017cimu,\u00a0Stany Zjednoczone gromadz\u0105 znacz\u0105ce si\u0142y morskie i powietrzne w bazach po\u0142o\u017conych nad Zatok\u0105 Persk\u0105, w bezpo\u015brednim s\u0105siedztwie Iranu.\u00a0<\/p>\n<p>W\u0142adze Iranu gro\u017c\u0105 z kolei odwetem na wszelk\u0105 pr\u00f3b\u0119 interwencji, zapowiadaj\u0105c ataki na ameryka\u0144skie cele w regionie. Jednocze\u015bnie, za kulisami, prowadzone s\u0105 tajne rozmowy dyplomatyczne maj\u0105ce na celu deeskalacj\u0119 napi\u0119\u0107.<\/p>\n","protected":false},"excerpt":{"rendered":"Iran pogr\u0105\u017ca si\u0119 w coraz wi\u0119kszym kryzysie. Jak podaje Iran International, perskoj\u0119zyczny kana\u0142 telewizji satelitarnej z siedzib\u0105 w&hellip;\n","protected":false},"author":2,"featured_media":203493,"comment_status":"","ping_status":"","sticky":false,"template":"","format":"standard","meta":{"footnotes":""},"categories":[14],"tags":[32,33,27,34,35,28,31,25,40,41,80,29,30,26,82,83,84],"class_list":{"0":"post-203492","1":"post","2":"type-post","3":"status-publish","4":"format-standard","5":"has-post-thumbnail","7":"category-swiat","8":"tag-breaking-news","9":"tag-breakingnews","10":"tag-headlines","11":"tag-latest-news","12":"tag-latestnews","13":"tag-naglowki","14":"tag-najwazniejsze-artykuly","15":"tag-news","16":"tag-polish","17":"tag-polski","18":"tag-swiat","19":"tag-top-stories","20":"tag-topstories","21":"tag-wiadomosci","22":"tag-world","23":"tag-world-news","24":"tag-worldnews"},"share_on_mastodon":{"url":"https:\/\/pubeurope.com\/@pl\/115891938852560664","error":""},"_links":{"self":[{"href":"https:\/\/www.europesays.com\/pl\/wp-json\/wp\/v2\/posts\/203492","targetHints":{"allow":["GET"]}}],"collection":[{"href":"https:\/\/www.europesays.com\/pl\/wp-json\/wp\/v2\/posts"}],"about":[{"href":"https:\/\/www.europesays.com\/pl\/wp-json\/wp\/v2\/types\/post"}],"author":[{"embeddable":true,"href":"https:\/\/www.europesays.com\/pl\/wp-json\/wp\/v2\/users\/2"}],"replies":[{"embeddable":true,"href":"https:\/\/www.europesays.com\/pl\/wp-json\/wp\/v2\/comments?post=203492"}],"version-history":[{"count":0,"href":"https:\/\/www.europesays.com\/pl\/wp-json\/wp\/v2\/posts\/203492\/revisions"}],"wp:featuredmedia":[{"embeddable":true,"href":"https:\/\/www.europesays.com\/pl\/wp-json\/wp\/v2\/media\/203493"}],"wp:attachment":[{"href":"https:\/\/www.europesays.com\/pl\/wp-json\/wp\/v2\/media?parent=203492"}],"wp:term":[{"taxonomy":"category","embeddable":true,"href":"https:\/\/www.europesays.com\/pl\/wp-json\/wp\/v2\/categories?post=203492"},{"taxonomy":"post_tag","embeddable":true,"href":"https:\/\/www.europesays.com\/pl\/wp-json\/wp\/v2\/tags?post=203492"}],"curies":[{"name":"wp","href":"https:\/\/api.w.org\/{rel}","templated":true}]}}