{"id":203505,"date":"2026-01-14T06:14:18","date_gmt":"2026-01-14T06:14:18","guid":{"rendered":"https:\/\/www.europesays.com\/pl\/203505\/"},"modified":"2026-01-14T06:14:18","modified_gmt":"2026-01-14T06:14:18","slug":"takich-zawirowan-pogody-dawno-nie-bylo-mroz-i-cieplo-zderza-sie-nad-polska","status":"publish","type":"post","link":"https:\/\/www.europesays.com\/pl\/203505\/","title":{"rendered":"Takich zawirowa\u0144 pogody dawno nie by\u0142o. Mr\u00f3z i ciep\u0142o zderz\u0105 si\u0119 nad Polsk\u0105"},"content":{"rendered":"<p class=\"Paragraph_desktopParagraph__U31Gm\">Du\u017ca r\u00f3\u017cnica w <a href=\"https:\/\/wiadomosci.onet.pl\/temperatura\" id=\"3bcfca1c-0786-4993-88a3-3e060a109868\" rel=\"nofollow noopener\" target=\"_blank\">temperaturze<\/a> zarysowuje si\u0119 w Polsce dzi\u015b od rana. Podczas gdy o godz. 9 w Legnicy i Jeleniej G\u00f3rze w woj. dolno\u015bl\u0105skim termometry wskaza\u0142y ju\u017c 0 st. C, to we W\u0142odawie (woj. lubelskie) nadal mieli\u015bmy a\u017c -14 st. C. Do tego w wielu miejscach sypie obficie \u015bnieg, na zachodzie przechodz\u0105cy w deszcz.<\/p>\n<p class=\"VideoPlayerText_videoPlayerText__iDwyz\">Dalszy ci\u0105g materia\u0142u pod wideo<\/p>\n<ul class=\"OchatFollowUps_wrapper__1ry7X\">\n<li class=\"OchatFollowUps_item__Dhyly OchatFollowUps_itemDesktop__R6aBv\">Jakie b\u0119d\u0105 r\u00f3\u017cnice temperatury w Polsce?<\/li>\n<li class=\"OchatFollowUps_item__Dhyly OchatFollowUps_itemDesktop__R6aBv\">Gdzie b\u0119dzie siarczysty mr\u00f3z?<\/li>\n<li class=\"OchatFollowUps_item__Dhyly OchatFollowUps_itemDesktop__R6aBv\">Kiedy nast\u0105pi odwil\u017c w Polsce?<\/li>\n<li class=\"OchatFollowUps_item__Dhyly OchatFollowUps_itemDesktop__R6aBv\">Jakie opady przewiduje si\u0119 na wschodzie Polski?<\/li>\n<\/ul>\n<p>To b\u0119dzie spektakularne zamieszanie w pogodzie. Siarczysty mr\u00f3z i du\u017ce ciep\u0142o zderz\u0105 si\u0119 nad Polsk\u0105 <\/p>\n<p class=\"Paragraph_desktopParagraph__U31Gm\">W \u015brod\u0119 i czwartek odwil\u017c rozprzestrzeni si\u0119 niemal na ca\u0142y kraj. Temperatura maksymalna na przewa\u017caj\u0105cym obszarze kraju si\u0119gnie 2-5 st. C i nawet nocami nie chwyci mr\u00f3z. Jeszcze cieplej zrobi si\u0119 na Przedg\u00f3rzu Sudeckim, zw\u0142aszcza w rejonie Jeleniej G\u00f3ry, gdzie s\u0142upek rt\u0119ci poszybuje do 6-8 st. C. Mro\u017ana <a href=\"https:\/\/wiadomosci.onet.pl\/pogoda\" id=\"8c04e29e-1f6a-4117-a229-1158e47e6036\" rel=\"nofollow noopener\" target=\"_blank\">pogoda<\/a> utrzyma si\u0119 prawdopodobnie tylko na Podlasiu, Mazurach, wschodzie Mazowsza i Lubelszczyzny. Na Suwalszczy\u017anie nie odnotujemy wi\u0119cej ni\u017c -8\/-6 st. C, a nocami ca\u0142y czas mo\u017cliwe s\u0105 spadki do -15 st. C.<\/p>\n<p><img decoding=\"async\" class=\"Image_image__0tuHp Image_autoHeight__f2n87 \" height=\"524\" width=\"750\" src=\"https:\/\/www.europesays.com\/pl\/wp-content\/uploads\/2026\/01\/ql_k9kpTURBXy81MjE3MWRhYTY0MmYyMTU3YzlkMWNjOTM1OTQyNDExOS5wbmeRlQLNA6wAwsPeAAOhMAGhMQGhM8M.jpeg\" alt=\"Odwil\u017c nie dotrze tylko do p\u00f3\u0142nocno-wschodniej Polski. W innych regionach, zw\u0142aszcza w \u015brod\u0119 i czwartek, temperatura b\u0119dzie dodatnia\" loading=\"lazy\" \/>wxcharts<\/p>\n<p>Odwil\u017c nie dotrze tylko do p\u00f3\u0142nocno-wschodniej Polski. W innych regionach, zw\u0142aszcza w \u015brod\u0119 i czwartek, temperatura b\u0119dzie dodatnia<\/p>\n<p class=\"Paragraph_desktopParagraph__U31Gm\">Opr\u00f3cz du\u017cej r\u00f3\u017cnicy temperatury czeka nas nieprzyjemna, szara aura, z chmurami, mg\u0142ami i <a href=\"https:\/\/wiadomosci.onet.pl\/deszcz\" id=\"291330b6-309b-47ac-b381-259404675988\" rel=\"nofollow noopener\" target=\"_blank\">opadami deszczu<\/a>, bli\u017cej wschodniej, p\u00f3\u0142nocnej i \u015brodkowej Polski te\u017c marzn\u0105cego deszczu powoduj\u0105cego go\u0142oled\u017a. Od Podlasia po Roztocze sypnie tak\u017ce \u015bniegiem, a szczeg\u00f3lnie cz\u0119sto i mocno pada\u0107 ma w \u015brod\u0119. W czwartek opad\u00f3w b\u0119dzie mniej.<\/p>\n<p><img decoding=\"async\" class=\"Image_image__0tuHp Image_autoHeight__f2n87 \" height=\"503\" width=\"940\" src=\"https:\/\/www.europesays.com\/pl\/wp-content\/uploads\/2026\/01\/X6xk9kpTURBXy80MDFlMWVhZDg0MGI1NTJjMzI1NTcwODc4OTBhNzhjMy5wbmeRlQLNA6wAwsPeAAOhMAGhMQGhM8M.jpeg\" alt=\"Prognoza opad\u00f3w w Polsce w kolejnych dniach\" loading=\"lazy\" \/>IMGW-PIB METEO POLSKA<\/p>\n<p>Prognoza opad\u00f3w w Polsce w kolejnych dniach<\/p>\n<p class=\"Paragraph_desktopParagraph__U31Gm\">Tymczasem od pi\u0105tku zaczniemy dostawa\u0107 si\u0119 pod wp\u0142yw rosyjskiego wy\u017cu, kt\u00f3ry sprawi, \u017ce deszcz czy \u015bnieg zaczn\u0105 pojawia\u0107 si\u0119 zdecydowanie rzadziej, a w wielu regionach ca\u0142kiem ust\u0105pi\u0105. Z dnia na dzie\u0144 powinno te\u017c przybywa\u0107 s\u0142o\u0144ca.<\/p>\n<p class=\"Paragraph_desktopParagraph__U31Gm\">Jednocze\u015bnie w Polsce jeszcze bardziej wzro\u015bnie kontrast termiczny. Na zachodzie, \u015al\u0105sku i Podhalu do ko\u0144ca tygodnia b\u0119dzie odwil\u017cowo. Przymrozki pojawi\u0105 si\u0119 tam tylko noc\u0105, natomiast popo\u0142udnia przynios\u0105 \u015brednio od 2 do 5 st. C, a na po\u0142udniu woj. dolno\u015bl\u0105skiego jeszcze o 2-3 st. C wi\u0119cej.<\/p>\n<p><img decoding=\"async\" class=\"Image_image__0tuHp Image_autoHeight__f2n87 \" height=\"503\" width=\"940\" src=\"https:\/\/www.europesays.com\/pl\/wp-content\/uploads\/2026\/01\/rSRk9kpTURBXy83ZDE3M2Y2ZGYyZWYzYjQxYjUwMzk4MWMzNmE3Zjk3Ny5wbmeRlQLNA6wAwsPeAAOhMAGhMQGhM8M.jpeg\" alt=\"Prognoza temperatury maksymalnej w Polsce w kolejnych dniach\" loading=\"lazy\" \/>IMGW-PIB METEO POLSKA<\/p>\n<p>Prognoza temperatury maksymalnej w Polsce w kolejnych dniach<\/p>\n<p class=\"Paragraph_desktopParagraph__U31Gm\">Natomiast na wschodzie, p\u00f3\u0142nocy i w centrum na nowo spodziewamy si\u0119 ca\u0142odobowego mrozu. Najwi\u0119kszy b\u0119dzie na Podlasiu. W weekend w najcieplejszej chwili dnia b\u0119dzie tam od -10 do -7 st. C, a nocami niewykluczone s\u0105 spadki niemal do -20 st. C. Tu\u017c za nasz\u0105 wschodni\u0105 granic\u0105 mr\u00f3z mo\u017ce osi\u0105ga\u0107 -25\/-20 st. C i wi\u0119cej.<\/p>\n<p><img decoding=\"async\" class=\"Image_image__0tuHp Image_autoHeight__f2n87 \" height=\"524\" width=\"750\" src=\"https:\/\/www.europesays.com\/pl\/wp-content\/uploads\/2026\/01\/7wJk9kpTURBXy9mZjA1NzJiMWI4OTQ2OGRhN2IyODc3MWI2Y2FhMWNkNC5wbmeRlQLNA6wAwsPeAAOhMAGhMQGhM8M.jpeg\" alt=\"Pod koniec tygodnia nad Polsk\u0105 zarysuje si\u0119 podzia\u0142 na ciep\u0142y zach\u00f3d i cz\u0119\u015bciowo po\u0142udnie oraz mro\u017an\u0105 reszt\u0119 kraju\" loading=\"lazy\" \/>wxcharts.com<\/p>\n<p>Pod koniec tygodnia nad Polsk\u0105 zarysuje si\u0119 podzia\u0142 na ciep\u0142y zach\u00f3d i cz\u0119\u015bciowo po\u0142udnie oraz mro\u017an\u0105 reszt\u0119 kraju<\/p>\n","protected":false},"excerpt":{"rendered":"Du\u017ca r\u00f3\u017cnica w temperaturze zarysowuje si\u0119 w Polsce dzi\u015b od rana. Podczas gdy o godz. 9 w Legnicy&hellip;\n","protected":false},"author":2,"featured_media":203506,"comment_status":"","ping_status":"","sticky":false,"template":"","format":"standard","meta":{"footnotes":""},"categories":[12],"tags":[32,33,36,37,27,67,34,35,28,31,53,25,52,68,51,55,42,38,40,39,41,47,591,29,30,50,26],"class_list":{"0":"post-203505","1":"post","2":"type-post","3":"status-publish","4":"format-standard","5":"has-post-thumbnail","7":"category-polska","8":"tag-breaking-news","9":"tag-breakingnews","10":"tag-featured-news","11":"tag-featurednews","12":"tag-headlines","13":"tag-intextvideo_splayer","14":"tag-latest-news","15":"tag-latestnews","16":"tag-naglowki","17":"tag-najwazniejsze-artykuly","18":"tag-new_header","19":"tag-news","20":"tag-onet3","21":"tag-onet3d","22":"tag-onet3d_2i","23":"tag-phx","24":"tag-pl","25":"tag-poland","26":"tag-polish","27":"tag-polska","28":"tag-polski","29":"tag-screening_general","30":"tag-srodowisko","31":"tag-top-stories","32":"tag-topstories","33":"tag-v2021","34":"tag-wiadomosci"},"share_on_mastodon":{"url":"https:\/\/pubeurope.com\/@pl\/115891985692885951","error":""},"_links":{"self":[{"href":"https:\/\/www.europesays.com\/pl\/wp-json\/wp\/v2\/posts\/203505","targetHints":{"allow":["GET"]}}],"collection":[{"href":"https:\/\/www.europesays.com\/pl\/wp-json\/wp\/v2\/posts"}],"about":[{"href":"https:\/\/www.europesays.com\/pl\/wp-json\/wp\/v2\/types\/post"}],"author":[{"embeddable":true,"href":"https:\/\/www.europesays.com\/pl\/wp-json\/wp\/v2\/users\/2"}],"replies":[{"embeddable":true,"href":"https:\/\/www.europesays.com\/pl\/wp-json\/wp\/v2\/comments?post=203505"}],"version-history":[{"count":0,"href":"https:\/\/www.europesays.com\/pl\/wp-json\/wp\/v2\/posts\/203505\/revisions"}],"wp:featuredmedia":[{"embeddable":true,"href":"https:\/\/www.europesays.com\/pl\/wp-json\/wp\/v2\/media\/203506"}],"wp:attachment":[{"href":"https:\/\/www.europesays.com\/pl\/wp-json\/wp\/v2\/media?parent=203505"}],"wp:term":[{"taxonomy":"category","embeddable":true,"href":"https:\/\/www.europesays.com\/pl\/wp-json\/wp\/v2\/categories?post=203505"},{"taxonomy":"post_tag","embeddable":true,"href":"https:\/\/www.europesays.com\/pl\/wp-json\/wp\/v2\/tags?post=203505"}],"curies":[{"name":"wp","href":"https:\/\/api.w.org\/{rel}","templated":true}]}}