{"id":203521,"date":"2026-01-14T06:22:09","date_gmt":"2026-01-14T06:22:09","guid":{"rendered":"https:\/\/www.europesays.com\/pl\/203521\/"},"modified":"2026-01-14T06:22:09","modified_gmt":"2026-01-14T06:22:09","slug":"zbigniew-ziobro-opuscil-jeruzal-mieszkancy-wsi-mowia-o-uldze-i-zmeczeniu","status":"publish","type":"post","link":"https:\/\/www.europesays.com\/pl\/203521\/","title":{"rendered":"Zbigniew Ziobro opu\u015bci\u0142 Jeruzal. Mieszka\u0144cy wsi m\u00f3wi\u0105 o uldze i zm\u0119czeniu"},"content":{"rendered":"<p class=\"article-p\" data-section=\"detail-body\">Jeruzal w \u0141\u00f3dzkiem to ma\u0142a wie\u015b po\u0142o\u017cona oko\u0142o godziny jazdy od Warszawy. Mimo \u017ce jest niewielka, jest dobrze znana ludziom, kt\u00f3rzy interesuj\u0105 si\u0119 tematami politycznymi. Oficjalnie mieszka w niej nieca\u0142e 200 os\u00f3b. Jeszcze do niedawna jednym z mieszka\u0144c\u00f3w by\u0142 Zbigniew Ziobro.<\/p>\n<p>        Dom na skraju wsi<\/p>\n<p class=\"article-p\" data-section=\"detail-body\">Sw\u00f3j dom chroniony niczym twierdza (wysokim murem i licznymi kamerami monitoringu),by\u0142y minister sprawiedliwo\u015bci wzni\u00f3s\u0142 na uboczu wsi. Aby dotrze\u0107 do letniej posiad\u0142o\u015bci Ziobry, nale\u017cy wyjecha\u0107 z centrum miejscowo\u015bci, min\u0105\u0107 lokalny cmentarz oraz pokona\u0107 d\u0142ug\u0105, le\u015bn\u0105 drog\u0119. Dom znajduje si\u0119 na jej ko\u0144cu, przy niewielkiej kolonii nazywanej D\u0119bniak, administracyjnie nadal wchodz\u0105cej w sk\u0142ad Jeruzalu.<\/p>\n<p class=\"article-p\" data-section=\"detail-body\">Przez lata bezpo\u015brednimi s\u0105siadami Ziobry by\u0142y dzikie zwierz\u0119ta z pobliskiego lasu \u2014 g\u0142\u00f3wnie sarny. Jednak nie jest to ca\u0142kowite odludzie. Zbudowano tam te\u017c nowe domy. Teraz inne gospodarstwa oraz budynki \u2014 wi\u0119kszo\u015b\u0107 z nich jest wykorzystywana sezonowo \u2013 stoj\u0105 kilka minut spacerem od domu Ziobry.<\/p>\n<p>        Po odej\u015bciu Ziobry mieszka\u0144cy czuj\u0105 ulg\u0119<\/p>\n<p class=\"article-p\" data-section=\"detail-body\">O Jeruzalu g\u0142o\u015bno by\u0142o 26 marca 2024 r., kiedy to dom Ziobry szturmowali agenci ABW. Teraz oczy medi\u00f3w znowu zwr\u00f3ci\u0142y si\u0119 ku tej ma\u0142ej wsi w zwi\u0105zku z otrzymaniem przez by\u0142ego ministra azylu politycznego na W\u0119grzech i <a href=\"https:\/\/www.fakt.pl\/polityka\/prokuratura-sklada-nowy-wniosek-o-hipoteke-na-majatku-zbigniewa-ziobry\/q1pf372\" id=\"e4ea6d78-c22b-4a0f-a1ca-a6b86b49a564\" rel=\"nofollow noopener\" target=\"_blank\">ponown\u0105 pr\u00f3b\u0105 na\u0142o\u017cenia przymusowej hipoteki na nieruchomo\u015bci Ziobry.<\/a> Mieszka\u0144cy w rozmowie z reporterami &#8222;Faktu&#8221; nie kryj\u0105 irytacji ca\u0142\u0105 sytuacj\u0105.<\/p>\n<p class=\"article-p\" data-section=\"detail-body\">Solidarnie odmawiaj\u0105 jakiejkolwiek rozmowy przed obiektywami kamery.<\/p>\n<p class=\"article-p\" data-section=\"detail-body\">Nikt panu si\u0119 przed kamer\u0105 nie wypowie. Ludzie maj\u0105 doj\u015b\u0107 medi\u00f3w, zw\u0142aszcza \u017ce mieli\u015bmy nieprzyjemno\u015bci z tego powodu<\/p>\n<p class=\"article-p\" data-section=\"detail-body\">\u2014 m\u00f3wi w rozmowie z &#8222;Faktem&#8221; jedna z okolicznych mieszkanek. Niestety kobieta nie chce powiedzie\u0107, o jakie dok\u0142adnie nieprzyjemno\u015bci chodzi. Jej pocz\u0105tkowa serdeczno\u015b\u0107 znika, jak tylko dowiaduje si\u0119, \u017ce rozmawia z dziennikarzami.<\/p>\n<p class=\"article-p\" data-section=\"detail-body\">W rozmowach z s\u0105siadami mo\u017cna wyczu\u0107, i\u017c dominuj\u0105 u nich dwie emocje: irytacja oraz ulga. Wszyscy nasi rozm\u00f3wcy wydawali si\u0119 zm\u0119czeni konieczno\u015bci\u0105 obcowania z mediami. Mieszka\u0144cy wsi nie chc\u0105 rozmawia\u0107 o kontrowersjach, w kt\u00f3re uwik\u0142any jest ich by\u0142y s\u0105siad \u2014 kt\u00f3rego zreszt\u0105 sobie przecie\u017c nie wybierali.<\/p>\n<p class=\"article-p\" data-section=\"detail-body\">Z nikim nie wchodzi\u0142 w interakcje, z nikim nie rozmawia\u0142. Jedynie je\u017adzi\u0142 do sklepu spo\u017cywczego. Ja na pewno na ryby z nim nie chodzi\u0142em, cho\u0107 pytano mnie o to kilkukrotnie<\/p>\n<p class=\"article-p\" data-section=\"detail-body\">\u2014 komentuje wyra\u017anie zdenerwowany nasz\u0105 obecno\u015bci\u0105 gospodarz.<\/p>\n<p class=\"article-p\" data-section=\"detail-body\">Jak dodaje, &#8222;on w polityczne sprawy miesza\u0107 si\u0119 nie b\u0119dzie&#8221;, gdy\u017c ma wystarczaj\u0105co du\u017co swoich bol\u0105czek.<\/p>\n<p class=\"article-p\" data-section=\"detail-body\">Jego s\u0142owa potwierdza kolejny s\u0105siad Ziobry. Zgodnie z jego s\u0142owami by\u0142y minister sprawiedliwo\u015bci nie zawraca\u0142 sobie g\u0142owy lokalnymi mieszka\u0144cami, a sw\u00f3j dom traktowa\u0142 raczej jako letni\u0105 rezydencj\u0119. Zreszt\u0105 nie on jedyny, gdy\u017c w okolicy jest kilka dom\u00f3w letniskowych, kt\u00f3re zim\u0105 stoj\u0105 opuszczone.<\/p>\n<p class=\"article-p\" data-section=\"detail-body\">W rozmowach z mieszka\u0144cami odczuwalna jest r\u00f3wnie\u017c ulga. Otrzymanie azylu politycznego przez Ziobr\u0119 w Budapeszcie oznacza dla wsi jedno: dom Ziobry w Jeruzalu b\u0119dzie sta\u0142 pusty, tym samym media by\u0107 mo\u017ce strac\u0105 nim zainteresowanie \u2014 chocia\u017c przez jaki\u015b czas. Kilkukrotnie us\u0142yszeli\u015bmy ostentacyjne &#8222;nie interesuje mnie to&#8221; oraz mocne &#8222;macie panowie telewizor?&#8221; (w domy\u015ble tak szukajcie sobie Ziobry).<\/p>\n<p class=\"article-p\" data-section=\"detail-body\">Trudno oprze\u0107 si\u0119 wra\u017ceniu, \u017ce s\u0105siedzi Zbigniewa Ziobry pragn\u0105 jednego \u2013 ciszy. Polityczny azyl, jaki Ziobro dosta\u0142 na W\u0119grzech, jest dla nich zapowiedzi\u0105 nadchodz\u0105cej, wyczekiwanej chwili odpoczynku. Przynajmniej do czasu, gdy Zbigniew Ziobro nie wr\u00f3ci do krajowej polityki.<\/p>\n<p class=\"article-p\" data-section=\"detail-body\"><a href=\"https:\/\/www.fakt.pl\/polityka\/ziobro-porownal-sie-do-opozycjonistow-z-prl-ostra-reakcja-prof-bugaja\/yq8p7hc\" id=\"b07bab43-5ba0-4605-a217-004fb6ff0eab\" rel=\"nofollow noopener\" target=\"_blank\">Ziobro por\u00f3wna\u0142 si\u0119 do opozycjonist\u00f3w z PRL. Ostra reakcja prof. Bugaja<\/a><\/p>\n<p class=\"article-p\" data-section=\"detail-body\"><a href=\"https:\/\/www.fakt.pl\/polityka\/wegrzy-bronia-ziobry-ostro-odpowiedzieli-na-slowa-ministra-zurka\/wk5cc6x\" id=\"61b73e3b-927c-4f02-ab4b-88178e08e0a7\" rel=\"nofollow noopener\" target=\"_blank\">Polski rz\u0105d kontra W\u0119gry w sprawie Ziobry. &#8222;Dalszy komentarz jest zb\u0119dny&#8221;<\/a><\/p>\n<p class=\"article-p\" data-section=\"detail-body\"><a href=\"https:\/\/www.fakt.pl\/polityka\/sprawa-ziobry-zaszkodzi-pis-w-wyborach-jan-maria-jackowski-ostrzega\/8myhkh9\" id=\"14fb15dc-7892-4f56-9414-febbd85f4d4e\" rel=\"nofollow noopener\" target=\"_blank\">Sprawa Ziobry zaszkodzi PiS w wyborach? Jackowski ostrzega. &#8222;Tylko twardy elektorat&#8221;<\/a><\/p>\n<p>        \/6<\/p>\n<p>                    <img decoding=\"async\" class=\"article-image-img\" loading=\"lazy\" alt=\"\" src=\"https:\/\/www.europesays.com\/pl\/wp-content\/uploads\/2026\/01\/GECk9kuTURBXy82YTQ1ZmE4ZS1mYjAyLTQ2N2MtOThmMC03NzA0OWI5YjBiYzEuanBlZ5GTAs0DSM0CO94AAqEwAaExAQ.jpeg\" width=\"840\" height=\"571\"\/><\/p>\n<p>                  Materia\u0142y redakcyjne<\/p>\n<p class=\"article-gallery-p\">\n        Dom by\u0142ego ministra jest stale monitorowany.\n    <\/p>\n<p>        \/6<\/p>\n<p>                    <img decoding=\"async\" class=\"article-image-img\" loading=\"lazy\" alt=\"\" src=\"https:\/\/www.europesays.com\/pl\/wp-content\/uploads\/2026\/01\/lONk9kuTURBXy8xMWEwNzAxMi1iZGVjLTQxY2YtYTg1OC02NTc5YzE3ZmZmMmQuanBlZ5GTAs0DSM0B8t4AAqEwAaExAQ.jpeg\" width=\"840\" height=\"498\"\/><\/p>\n<p>                  Materia\u0142y redakcyjne<\/p>\n<p class=\"article-gallery-p\">\n        Dojazd do posesji znajduje si\u0119 na uboczu Jeruzalu, pomi\u0119dzy ma\u0142ym lasem, a polami.\n    <\/p>\n","protected":false},"excerpt":{"rendered":"Jeruzal w \u0141\u00f3dzkiem to ma\u0142a wie\u015b po\u0142o\u017cona oko\u0142o godziny jazdy od Warszawy. Mimo \u017ce jest niewielka, jest dobrze&hellip;\n","protected":false},"author":2,"featured_media":203522,"comment_status":"","ping_status":"","sticky":false,"template":"","format":"standard","meta":{"footnotes":""},"categories":[5],"tags":[32,33,36,37,27,34,35,28,31,25,42,38,40,39,41,29,30,26],"class_list":{"0":"post-203521","1":"post","2":"type-post","3":"status-publish","4":"format-standard","5":"has-post-thumbnail","7":"category-naglowki","8":"tag-breaking-news","9":"tag-breakingnews","10":"tag-featured-news","11":"tag-featurednews","12":"tag-headlines","13":"tag-latest-news","14":"tag-latestnews","15":"tag-naglowki","16":"tag-najwazniejsze-artykuly","17":"tag-news","18":"tag-pl","19":"tag-poland","20":"tag-polish","21":"tag-polska","22":"tag-polski","23":"tag-top-stories","24":"tag-topstories","25":"tag-wiadomosci"},"share_on_mastodon":{"url":"https:\/\/pubeurope.com\/@pl\/115892017142197228","error":""},"_links":{"self":[{"href":"https:\/\/www.europesays.com\/pl\/wp-json\/wp\/v2\/posts\/203521","targetHints":{"allow":["GET"]}}],"collection":[{"href":"https:\/\/www.europesays.com\/pl\/wp-json\/wp\/v2\/posts"}],"about":[{"href":"https:\/\/www.europesays.com\/pl\/wp-json\/wp\/v2\/types\/post"}],"author":[{"embeddable":true,"href":"https:\/\/www.europesays.com\/pl\/wp-json\/wp\/v2\/users\/2"}],"replies":[{"embeddable":true,"href":"https:\/\/www.europesays.com\/pl\/wp-json\/wp\/v2\/comments?post=203521"}],"version-history":[{"count":0,"href":"https:\/\/www.europesays.com\/pl\/wp-json\/wp\/v2\/posts\/203521\/revisions"}],"wp:featuredmedia":[{"embeddable":true,"href":"https:\/\/www.europesays.com\/pl\/wp-json\/wp\/v2\/media\/203522"}],"wp:attachment":[{"href":"https:\/\/www.europesays.com\/pl\/wp-json\/wp\/v2\/media?parent=203521"}],"wp:term":[{"taxonomy":"category","embeddable":true,"href":"https:\/\/www.europesays.com\/pl\/wp-json\/wp\/v2\/categories?post=203521"},{"taxonomy":"post_tag","embeddable":true,"href":"https:\/\/www.europesays.com\/pl\/wp-json\/wp\/v2\/tags?post=203521"}],"curies":[{"name":"wp","href":"https:\/\/api.w.org\/{rel}","templated":true}]}}