{"id":203581,"date":"2026-01-14T07:02:07","date_gmt":"2026-01-14T07:02:07","guid":{"rendered":"https:\/\/www.europesays.com\/pl\/203581\/"},"modified":"2026-01-14T07:02:07","modified_gmt":"2026-01-14T07:02:07","slug":"iran-konfiskuje-starlinki-musk-udostepnil-internet-za-darmo","status":"publish","type":"post","link":"https:\/\/www.europesays.com\/pl\/203581\/","title":{"rendered":"Iran konfiskuje Starlinki. Musk udost\u0119pni\u0142 internet za darmo"},"content":{"rendered":"<p>Najwa\u017cniejsze informacje:<\/p>\n<p>Wed\u0142ug Ahmada Ahmadiana z\u00a0organizacji Holistic Resilience, konta Starlink w\u00a0Iranie zosta\u0142y we wtorek odblokowane, a\u00a0op\u0142aty abonamentowe zniesione. Jak relacjonuje, obecnie w\u00a0Iranie wystarczy pod\u0142\u0105czy\u0107 terminal Starlink, aby nawi\u0105za\u0107 \u0142\u0105cze z\u00a0satelit\u0105 firmy SpaceX.<\/p>\n<p>Szacuje si\u0119, \u017ce w\u00a0ca\u0142ym Iranie wci\u0105\u017c mo\u017ce by\u0107 ok. 50 tys. terminali. &#8211;\u00a0To w\u00a0niekt\u00f3rych przypadkach jedyny spos\u00f3b, by poinformowa\u0107 \u015bwiat zewn\u0119trzny o\u00a0\u015bmierci protestuj\u0105cych &#8211;\u00a0powiedzia\u0142 Ahmadian w\u00a0rozmowie z\u00a0CNN.<\/p>\n<p>Szybko zacz\u0119\u0142y pojawia\u0107 si\u0119 has\u0142a wymierzone w\u00a0rz\u0105d i\u00a0w\u0142adz\u0119 ajatollah\u00f3w. Wed\u0142ug opozycyjnego portalu Iran International w ci\u0105gu kilkunastu dni manifestacje obj\u0119\u0142y ponad 200 miast. <\/p>\n","protected":false},"excerpt":{"rendered":"Najwa\u017cniejsze informacje: Wed\u0142ug Ahmada Ahmadiana z\u00a0organizacji Holistic Resilience, konta Starlink w\u00a0Iranie zosta\u0142y we wtorek odblokowane, a\u00a0op\u0142aty abonamentowe zniesione.&hellip;\n","protected":false},"author":2,"featured_media":203582,"comment_status":"","ping_status":"","sticky":false,"template":"","format":"standard","meta":{"footnotes":""},"categories":[14],"tags":[32,33,27,34,35,28,31,25,40,41,80,29,30,26,82,83,84],"class_list":{"0":"post-203581","1":"post","2":"type-post","3":"status-publish","4":"format-standard","5":"has-post-thumbnail","7":"category-swiat","8":"tag-breaking-news","9":"tag-breakingnews","10":"tag-headlines","11":"tag-latest-news","12":"tag-latestnews","13":"tag-naglowki","14":"tag-najwazniejsze-artykuly","15":"tag-news","16":"tag-polish","17":"tag-polski","18":"tag-swiat","19":"tag-top-stories","20":"tag-topstories","21":"tag-wiadomosci","22":"tag-world","23":"tag-world-news","24":"tag-worldnews"},"share_on_mastodon":{"url":"https:\/\/pubeurope.com\/@pl\/115892174550275721","error":""},"_links":{"self":[{"href":"https:\/\/www.europesays.com\/pl\/wp-json\/wp\/v2\/posts\/203581","targetHints":{"allow":["GET"]}}],"collection":[{"href":"https:\/\/www.europesays.com\/pl\/wp-json\/wp\/v2\/posts"}],"about":[{"href":"https:\/\/www.europesays.com\/pl\/wp-json\/wp\/v2\/types\/post"}],"author":[{"embeddable":true,"href":"https:\/\/www.europesays.com\/pl\/wp-json\/wp\/v2\/users\/2"}],"replies":[{"embeddable":true,"href":"https:\/\/www.europesays.com\/pl\/wp-json\/wp\/v2\/comments?post=203581"}],"version-history":[{"count":0,"href":"https:\/\/www.europesays.com\/pl\/wp-json\/wp\/v2\/posts\/203581\/revisions"}],"wp:featuredmedia":[{"embeddable":true,"href":"https:\/\/www.europesays.com\/pl\/wp-json\/wp\/v2\/media\/203582"}],"wp:attachment":[{"href":"https:\/\/www.europesays.com\/pl\/wp-json\/wp\/v2\/media?parent=203581"}],"wp:term":[{"taxonomy":"category","embeddable":true,"href":"https:\/\/www.europesays.com\/pl\/wp-json\/wp\/v2\/categories?post=203581"},{"taxonomy":"post_tag","embeddable":true,"href":"https:\/\/www.europesays.com\/pl\/wp-json\/wp\/v2\/tags?post=203581"}],"curies":[{"name":"wp","href":"https:\/\/api.w.org\/{rel}","templated":true}]}}