{"id":203610,"date":"2026-01-14T07:24:07","date_gmt":"2026-01-14T07:24:07","guid":{"rendered":"https:\/\/www.europesays.com\/pl\/203610\/"},"modified":"2026-01-14T07:24:07","modified_gmt":"2026-01-14T07:24:07","slug":"utwor-eda-sheerana-zakazany-nie-bedzie-puszczany-na-slubach","status":"publish","type":"post","link":"https:\/\/www.europesays.com\/pl\/203610\/","title":{"rendered":"Utw\u00f3r Eda Sheerana ZAKAZANY. Nie b\u0119dzie puszczany na \u015blubach"},"content":{"rendered":"<p><a href=\"https:\/\/jastrzabpost.pl\/markowska-dostala-pytanie-o-slub-wojewodzkiego-odpowiedz-rozbraja,7218268989773953v\" rel=\"noopener noreferrer nofollow\" target=\"_blank\">Uroczysto\u015b\u0107 \u015blubna<\/a> w\u00a0ko\u015bciele to nie tylko z\u0142o\u017cenie przysi\u0119gi przed Bogiem, ale te\u017c pi\u0119kna ceremonia, kt\u00f3r\u0105 zakochani zapami\u0119taj\u0105 do ko\u0144ca \u017cycia. Z\u00a0tego wzgl\u0119du para m\u0142oda chcia\u0142aby sp\u0119dzi\u0107 ten dzie\u0144 na w\u0142asnych zasadach. Wed\u0142ug diecezji w\u0142oc\u0142awskiej nie wszystko mo\u017cna ustali\u0107, szczeg\u00f3lnie, je\u015bli tyczy si\u0119 to wydarzenia odbywaj\u0105cego si\u0119 w\u00a0\u015bwi\u0105tyni. Wed\u0142ug diecezji wroc\u0142awskiej w\u00a0ostatnim czasie sp\u0142ywa\u0142o mn\u00f3stwo wniosk\u00f3w od par o\u00a0mo\u017cliwo\u015b\u0107 zagrania \u015bwieckich utwor\u00f3w. Tym zaj\u0119\u0142a si\u0119 specjalna komisja ds. muzyki ko\u015bcielnej. Niedawno wyda\u0142a ona o\u015bwiadczenie.<\/p>\n<p>Jacek Kopczy\u0144ski straci\u0142 ojca. Zmar\u0142 tu\u017c po\u00a0jego weselu <\/p>\n<p>W\u0142adze diecezji postanowi\u0142y przypomnie\u0107 o\u00a0obowi\u0105zuj\u0105cych przepisach dotycz\u0105cych muzyki podczas mszy. Ostateczna decyzja o\u00a0repertuarze nale\u017cy do proboszcza, kt\u00f3ry powinien wsp\u00f3\u0142pracowa\u0107 z\u00a0wikariuszami i\u00a0organist\u0105. Kuria wskazuje r\u00f3wnie\u017c na zarz\u0105dzenie z\u00a02016 r. Wszelkie organizowane w\u00a0ko\u015bcio\u0142ach koncerty i\u00a0wyst\u0119py muzyczne musz\u0105 by\u0107 zgodne z\u00a0wytycznymi, kt\u00f3re bior\u0105 pod uwag\u0119 nie tylko umiej\u0119tno\u015bci wykonawc\u00f3w, ale r\u00f3wnie\u017c warto\u015bci, kt\u00f3re ci reprezentuj\u0105. Tym samym, podczas uroczysto\u015bci \u015blubnych w\u00a0diecezji wroc\u0142awskiej nie zago\u015bci ju\u017c m.in. <a href=\"https:\/\/jastrzabpost.pl\/ed-sheeran-zaspiewal-po-polsku-dotrzymal-slowa-ktore-dal-latwogangowi-nowa-wersja-azizam,7209105045269440a\" rel=\"noopener noreferrer nofollow\" target=\"_blank\">utw\u00f3r Eda Sheerana<\/a>. <\/p>\n<p>W zwi\u0105zku ze wspomnian\u0105, rosn\u0105c\u0105 liczb\u0105 wniosk\u00f3w od m\u0142odych par o\u00a0mo\u017cliwo\u015b\u0107 zagrania \u015bwieckich utwor\u00f3w, diecezja opracowa\u0142a list\u0119 piosenek niedozwolonych w\u00a0trakcie liturgii. Niedawno na niej znalaz\u0142a si\u0119 piosenka &#8222;Perfect&#8221; Eda Sheerana. Wcze\u015bniej pojawi\u0142y si\u0119 na niej r\u00f3wnie\u017c inne utwory nie pasuj\u0105ce do uroczysto\u015bci ko\u015bcielnej. Chodzi m.in. o\u00a0&#8222;Hallelujah&#8221; Cohena, &#8222;All You Need Is Love&#8221; The Beatles. Jak zauwa\u017cy\u0142 Marcin Zi\u00f3\u0142kowski, wiceprzewodnicz\u0105cy Diecezjalnej Komisji ds. Muzyki Ko\u015bcielnej, diecezja podkre\u015bla konieczno\u015b\u0107 poszanowania religijnych warto\u015bci podczas ceremonii w\u00a0ko\u015bcio\u0142ach.<\/p>\n","protected":false},"excerpt":{"rendered":"Uroczysto\u015b\u0107 \u015blubna w\u00a0ko\u015bciele to nie tylko z\u0142o\u017cenie przysi\u0119gi przed Bogiem, ale te\u017c pi\u0119kna ceremonia, kt\u00f3r\u0105 zakochani zapami\u0119taj\u0105 do&hellip;\n","protected":false},"author":2,"featured_media":203611,"comment_status":"","ping_status":"","sticky":false,"template":"","format":"standard","meta":{"footnotes":""},"categories":[12],"tags":[32,33,36,37,27,34,35,28,31,25,42,38,40,39,41,29,30,26],"class_list":{"0":"post-203610","1":"post","2":"type-post","3":"status-publish","4":"format-standard","5":"has-post-thumbnail","7":"category-polska","8":"tag-breaking-news","9":"tag-breakingnews","10":"tag-featured-news","11":"tag-featurednews","12":"tag-headlines","13":"tag-latest-news","14":"tag-latestnews","15":"tag-naglowki","16":"tag-najwazniejsze-artykuly","17":"tag-news","18":"tag-pl","19":"tag-poland","20":"tag-polish","21":"tag-polska","22":"tag-polski","23":"tag-top-stories","24":"tag-topstories","25":"tag-wiadomosci"},"share_on_mastodon":{"url":"https:\/\/pubeurope.com\/@pl\/115892260948804278","error":""},"_links":{"self":[{"href":"https:\/\/www.europesays.com\/pl\/wp-json\/wp\/v2\/posts\/203610","targetHints":{"allow":["GET"]}}],"collection":[{"href":"https:\/\/www.europesays.com\/pl\/wp-json\/wp\/v2\/posts"}],"about":[{"href":"https:\/\/www.europesays.com\/pl\/wp-json\/wp\/v2\/types\/post"}],"author":[{"embeddable":true,"href":"https:\/\/www.europesays.com\/pl\/wp-json\/wp\/v2\/users\/2"}],"replies":[{"embeddable":true,"href":"https:\/\/www.europesays.com\/pl\/wp-json\/wp\/v2\/comments?post=203610"}],"version-history":[{"count":0,"href":"https:\/\/www.europesays.com\/pl\/wp-json\/wp\/v2\/posts\/203610\/revisions"}],"wp:featuredmedia":[{"embeddable":true,"href":"https:\/\/www.europesays.com\/pl\/wp-json\/wp\/v2\/media\/203611"}],"wp:attachment":[{"href":"https:\/\/www.europesays.com\/pl\/wp-json\/wp\/v2\/media?parent=203610"}],"wp:term":[{"taxonomy":"category","embeddable":true,"href":"https:\/\/www.europesays.com\/pl\/wp-json\/wp\/v2\/categories?post=203610"},{"taxonomy":"post_tag","embeddable":true,"href":"https:\/\/www.europesays.com\/pl\/wp-json\/wp\/v2\/tags?post=203610"}],"curies":[{"name":"wp","href":"https:\/\/api.w.org\/{rel}","templated":true}]}}