{"id":203612,"date":"2026-01-14T07:25:07","date_gmt":"2026-01-14T07:25:07","guid":{"rendered":"https:\/\/www.europesays.com\/pl\/203612\/"},"modified":"2026-01-14T07:25:07","modified_gmt":"2026-01-14T07:25:07","slug":"kapustka-moze-odejsc-z-legii-ma-bardzo-atrakcyjne-oferty","status":"publish","type":"post","link":"https:\/\/www.europesays.com\/pl\/203612\/","title":{"rendered":"Kapustka mo\u017ce odej\u015b\u0107 z Legii. Ma bardzo atrakcyjne oferty"},"content":{"rendered":"<p>Przysz\u0142o\u015b\u0107 Bartosza Kapustki w Legii Warszawa pozostaje niepewna. Jak donosi Szymon Janczyk z Wesz\u0142o, nie zanosi si\u0119 na zimowy transfer reprezentanta Polski. Pomocnik mo\u017ce jednak odej\u015b\u0107 z klubu latem.<\/p>\n<p>Kapustka ma kontrakt z &#8222;Wojskowymi&#8221;, kt\u00f3ry obowi\u0105zuje wy\u0142\u0105cznie do czerwca tego roku. Na ten moment nie s\u0142ycha\u0107 o potencjalnym przed\u0142u\u017ceniu tej umowy.<\/p>\n<p>Dalsza cz\u0119\u015b\u0107 tekstu pod wideo<\/p>\n<p>Ostatnio w zagranicznych mediach pojawi\u0142 si\u0119 temat mo\u017cliwego transferu Polaka do Kazachstanu. Wesz\u0142o przekonuje, \u017ce taki scenariusz nie wchodzi w gr\u0119.<\/p>\n<p>Nic nie wskazuje na to, aby Kapustka opu\u015bci\u0142 Legi\u0119 ju\u017c tej zimy. Prawdopodobnie wype\u0142ni umow\u0119, kt\u00f3ra wi\u0105\u017ce go z Legi\u0105.<\/p>\n<p>&#8211; Wiele wskazuje na to, \u017ce Bartosz Kapustka najbli\u017csze miesi\u0105ce sp\u0119dzi w Polsce, w Legii Warszawa. Zawodnik mia\u0142 us\u0142ysze\u0107 od trenera Marka Papszuna, \u017ce ten na niego liczy i na obecn\u0105 chwil\u0119 nie zapowiada si\u0119 na przeprowadzk\u0119 &#8211; czytamy.<\/p>\n<p>P\u00f3\u017aniej mo\u017cliwe jest jednak odej\u015bcie pomocnika z \u0141azienkowskiej. Reprezentant Polski nie mo\u017ce narzeka\u0107 na brak atrakcyjnych finansowo ofert, cho\u0107 kierunki s\u0105 do\u015b\u0107 egzotyczne.<\/p>\n<p>&#8211; Reprezentant kraju ma jednak bardzo atrakcyjne finansowo oferty z Bliskiego Wschodu, kt\u00f3re mog\u0105 sprawi\u0107, \u017ce za p\u00f3\u0142 roku opu\u015bci Ekstraklas\u0119. Z naszych ustale\u0144 wynika, \u017ce o Kapustk\u0119 pytaj\u0105 kluby z kierunk\u00f3w arabskich. Arabia Saudyjska, Katar, Zjednoczone Emiraty Arabskie \u2013 w tych okolicach wkr\u00f3tce mo\u017cemy ogl\u0105da\u0107 reprezentanta Polski &#8211; napisano.<\/p>\n<p>Kapustka w tym sezonie rozegra\u0142 30 oficjalnych mecz\u00f3w w Legii. Jego bilans to trzy gole oraz siedem asyst. Niemiecki Transfermarkt wycenia go obecnie na 1,5 miliona euro.<\/p>\n","protected":false},"excerpt":{"rendered":"Przysz\u0142o\u015b\u0107 Bartosza Kapustki w Legii Warszawa pozostaje niepewna. Jak donosi Szymon Janczyk z Wesz\u0142o, nie zanosi si\u0119 na&hellip;\n","protected":false},"author":2,"featured_media":203613,"comment_status":"","ping_status":"","sticky":false,"template":"","format":"standard","meta":{"footnotes":""},"categories":[5],"tags":[32,33,36,37,27,34,35,28,31,25,42,38,40,39,41,29,30,26],"class_list":{"0":"post-203612","1":"post","2":"type-post","3":"status-publish","4":"format-standard","5":"has-post-thumbnail","7":"category-naglowki","8":"tag-breaking-news","9":"tag-breakingnews","10":"tag-featured-news","11":"tag-featurednews","12":"tag-headlines","13":"tag-latest-news","14":"tag-latestnews","15":"tag-naglowki","16":"tag-najwazniejsze-artykuly","17":"tag-news","18":"tag-pl","19":"tag-poland","20":"tag-polish","21":"tag-polska","22":"tag-polski","23":"tag-top-stories","24":"tag-topstories","25":"tag-wiadomosci"},"share_on_mastodon":{"url":"https:\/\/pubeurope.com\/@pl\/115892264863097848","error":""},"_links":{"self":[{"href":"https:\/\/www.europesays.com\/pl\/wp-json\/wp\/v2\/posts\/203612","targetHints":{"allow":["GET"]}}],"collection":[{"href":"https:\/\/www.europesays.com\/pl\/wp-json\/wp\/v2\/posts"}],"about":[{"href":"https:\/\/www.europesays.com\/pl\/wp-json\/wp\/v2\/types\/post"}],"author":[{"embeddable":true,"href":"https:\/\/www.europesays.com\/pl\/wp-json\/wp\/v2\/users\/2"}],"replies":[{"embeddable":true,"href":"https:\/\/www.europesays.com\/pl\/wp-json\/wp\/v2\/comments?post=203612"}],"version-history":[{"count":0,"href":"https:\/\/www.europesays.com\/pl\/wp-json\/wp\/v2\/posts\/203612\/revisions"}],"wp:featuredmedia":[{"embeddable":true,"href":"https:\/\/www.europesays.com\/pl\/wp-json\/wp\/v2\/media\/203613"}],"wp:attachment":[{"href":"https:\/\/www.europesays.com\/pl\/wp-json\/wp\/v2\/media?parent=203612"}],"wp:term":[{"taxonomy":"category","embeddable":true,"href":"https:\/\/www.europesays.com\/pl\/wp-json\/wp\/v2\/categories?post=203612"},{"taxonomy":"post_tag","embeddable":true,"href":"https:\/\/www.europesays.com\/pl\/wp-json\/wp\/v2\/tags?post=203612"}],"curies":[{"name":"wp","href":"https:\/\/api.w.org\/{rel}","templated":true}]}}