{"id":203624,"date":"2026-01-14T07:33:10","date_gmt":"2026-01-14T07:33:10","guid":{"rendered":"https:\/\/www.europesays.com\/pl\/203624\/"},"modified":"2026-01-14T07:33:10","modified_gmt":"2026-01-14T07:33:10","slug":"glosno-o-tym-jak-potraktowano-sochana-decyzja-ws-polaka-wywolala-burze","status":"publish","type":"post","link":"https:\/\/www.europesays.com\/pl\/203624\/","title":{"rendered":"G\u0142o\u015bno o tym, jak potraktowano Sochana. Decyzja ws. Polaka wywo\u0142a\u0142a burz\u0119"},"content":{"rendered":"<p class=\"typography ids-typeset-body ids-typeset-body--preset-large link paragraph ids-paragraph ids-paragraph--default\">Od 14 grudnia do 14 stycznia San Antonio Spurs i Oklahoma City Thunder rozegra\u0142y ze sob\u0105 a\u017c 4 mecze. Co ciekawe, &#8222;Ostrogi&#8221; w ko\u0144c\u00f3wce poprzedniego roku by\u0142y w stanie trzykrotnie ogra\u0107 mistrz\u00f3w NBA. Minionej nocy polskiego czasu to ju\u017c si\u0119 nie uda\u0142o. Czempioni przerwali niemoc, wygrali 119:98 we w\u0142asnej hali.<\/p>\n<p class=\"typography ids-typeset-body ids-typeset-body--preset-large link paragraph ids-paragraph ids-paragraph--default\">W pierwszej po\u0142owie wynik by\u0142 wyr\u00f3wnany, kluczowa okaza\u0142a si\u0119 trzecia kwarta, kt\u00f3r\u0105 Shai Gilgeous-Alexander i sp\u00f3\u0142ka sko\u0144czyli z 19 punktami przewagi. W Q4 mogli wi\u0119c kontrolowa\u0107 wynik graczami rezerwowymi. W dru\u017cynie przegrywaj\u0105cych na parkiecie pojawi\u0142 si\u0119 Jeremy Sochan. Otrzyma\u0142 zaledwie minut\u0119 i 41 sekund od trenera Mitcha Johnsona.<\/p>\n<p class=\"typography ids-typeset-body ids-typeset-body--preset-large link paragraph ids-paragraph ids-paragraph--default\">Tym samym sytuacja Polaka wr\u00f3ci\u0142a do smutnej normy. 7 i 8 stycznia rozegra\u0142 odpowiednio ponad 14 oraz 11 minut w starciach z Memphis Grizzlies i Los Angeles Lakers. To by\u0142y jednak wyj\u0105tki, z Boston Celtics w sobot\u0119 jego licznik zatrzyma\u0142 si\u0119 na &#8222;3:36&#8221;, a przeciwko Minnesocie Timberwolves w niedziel\u0119 nawet nie ruszy\u0142.<\/p>\n<p>Jeremy Sochan znowu ze &#8222;\u015bmieciowymi minutami&#8221;. Kibice podzieleni<\/p>\n<p class=\"typography ids-typeset-body ids-typeset-body--preset-large link paragraph ids-paragraph ids-paragraph--default\">Decyzja szkoleniowca wywo\u0142a\u0142a dyskusj\u0119 w mediach spo\u0142eczno\u015bciowych. &#8222;Po prostu wymie\u0144cie Sochana (na rynku transferowym &#8211; red.), je\u015bli w og\u00f3le nie zamierzacie go wykorzysta\u0107. Dlaczego, do diab\u0142a, mieli\u015bmy Foxa, Harpera, Lindy&#8217;ego i Keldona razem na boisku? Kto kryje SGA?! (wspomnianego Gilgeousa-Alexandra &#8211; red.). Wejdzie ka\u017cdy opr\u00f3cz Sochana, co? W ko\u0144cu nabra\u0142 pewno\u015bci rzutowej, a nast\u0119pnie zosta\u0142 rezerwowym na 30 kolejnych mecz\u00f3w&#8221; &#8211; pisa\u0142 podczas meczu jeden z fan\u00f3w Spurs na X.<\/p>\n<p class=\"typography ids-typeset-body ids-typeset-body--preset-large link paragraph ids-paragraph ids-paragraph--default\">&#8222;Wrzucenie Cartera Bryanta i Sochana na boisko w ostatniej minucie, kiedy przez ca\u0142y mecz byli\u015bmy ok\u0142adani pi\u0119\u015bciami, to okropna robota, Mitch&#8221; &#8211; doda\u0142 nied\u0142ugo p\u00f3\u017aniej. Nie wszyscy si\u0119 z nim zgadzali.<\/p>\n<p class=\"typography ids-typeset-body ids-typeset-body--preset-large link paragraph ids-paragraph ids-paragraph--default\">Thunder zajmuj\u0105 obecnie pierwsze miejsce na Wschodzie (bilans 34-7), a Spurs drugie (27-13). By\u0142 to wi\u0119c mecz na szczycie tej Konferencji.<\/p>\n<p class=\"typography ids-typeset-body ids-typeset-body--preset-large link paragraph ids-paragraph ids-paragraph--default\">Oklahoma City Thunder &#8211; San Antonio Spurs 119:98<\/p>\n<p><img decoding=\"async\" class=\"ids-image-holder__img\" loading=\"lazy\" alt=\"Mitch Johnson\" title=\"Mitch Johnson\" width=\"2000\" height=\"1333\" src=\"https:\/\/www.europesays.com\/pl\/wp-content\/uploads\/2026\/01\/000KRZTCQTW4SQ93-C323-F4.webp.webp\"\/><\/p>\n<p>Mitch JohnsonDarren Abate\/Associated Press\/East NewsEast News<\/p>\n<p><img decoding=\"async\" class=\"ids-image-holder__img\" loading=\"lazy\" alt=\"NBA. Jeremy Sochan w boiskowej walce przeciwko gwie\u017adzie Dallas Mavericks, Luce Doncziciowi\" title=\"NBA. Jeremy Sochan w boiskowej walce przeciwko gwie\u017adzie Dallas Mavericks, Luce Doncziciowi\" width=\"3560\" height=\"2521\" src=\"https:\/\/www.europesays.com\/pl\/wp-content\/uploads\/2026\/01\/000JZJ60UX60JOVD-C323-F4.webp.webp\"\/><\/p>\n<p>NBA. Jeremy Sochan w boiskowej walce przeciwko gwie\u017adzie Dallas Mavericks, Luce DoncziciowiSam Hodde \/ GETTY IMAGES NORTH AMERICA \/ Getty Images via AFPAFP<\/p>\n<p><img decoding=\"async\" class=\"ids-image-holder__img\" loading=\"lazy\" alt=\"Koszykarz dru\u017cyny San Antonio Spurs w czarnym stroju z kolorowymi paskami wykonuje gest rozk\u0142adania r\u0105k podczas meczu na hali sportowej. W tle widoczni inni zawodnicy oraz roz\u015bwietlone trybuny.\" title=\"Jeremy Sochan\" width=\"7539\" height=\"5026\" src=\"https:\/\/www.europesays.com\/pl\/wp-content\/uploads\/2026\/01\/000M2NSBXAL5W67G-C323-F4.webp.webp\"\/><\/p>\n<p>Jeremy SochanJason MillerAFP<\/p>\n<p><a class=\"ids-undecorated-link source ids-page-info--source__link\" href=\"https:\/\/www.interia.pl\" rel=\"nofollow noopener\" target=\"_blank\"><img decoding=\"async\" class=\"ids-image-holder__img\" loading=\"lazy\" alt=\"\" title=\"\" height=\"24px\" src=\"https:\/\/www.europesays.com\/pl\/wp-content\/uploads\/2026\/01\/1767782590_880_0009A60QQ5I2TYF7-C202-F4.webp.webp\"\/><\/a><\/p>\n<p>Masz sugestie, uwagi albo widzisz b\u0142\u0105d? Napisz do nas<\/p>\n","protected":false},"excerpt":{"rendered":"Od 14 grudnia do 14 stycznia San Antonio Spurs i Oklahoma City Thunder rozegra\u0142y ze sob\u0105 a\u017c 4&hellip;\n","protected":false},"author":2,"featured_media":203625,"comment_status":"","ping_status":"","sticky":false,"template":"","format":"standard","meta":{"footnotes":""},"categories":[24],"tags":[42,38,40,39,41,127,126],"class_list":{"0":"post-203624","1":"post","2":"type-post","3":"status-publish","4":"format-standard","5":"has-post-thumbnail","7":"category-sport","8":"tag-pl","9":"tag-poland","10":"tag-polish","11":"tag-polska","12":"tag-polski","13":"tag-sport","14":"tag-sports"},"share_on_mastodon":{"url":"https:\/\/pubeurope.com\/@pl\/115892296331040409","error":""},"_links":{"self":[{"href":"https:\/\/www.europesays.com\/pl\/wp-json\/wp\/v2\/posts\/203624","targetHints":{"allow":["GET"]}}],"collection":[{"href":"https:\/\/www.europesays.com\/pl\/wp-json\/wp\/v2\/posts"}],"about":[{"href":"https:\/\/www.europesays.com\/pl\/wp-json\/wp\/v2\/types\/post"}],"author":[{"embeddable":true,"href":"https:\/\/www.europesays.com\/pl\/wp-json\/wp\/v2\/users\/2"}],"replies":[{"embeddable":true,"href":"https:\/\/www.europesays.com\/pl\/wp-json\/wp\/v2\/comments?post=203624"}],"version-history":[{"count":0,"href":"https:\/\/www.europesays.com\/pl\/wp-json\/wp\/v2\/posts\/203624\/revisions"}],"wp:featuredmedia":[{"embeddable":true,"href":"https:\/\/www.europesays.com\/pl\/wp-json\/wp\/v2\/media\/203625"}],"wp:attachment":[{"href":"https:\/\/www.europesays.com\/pl\/wp-json\/wp\/v2\/media?parent=203624"}],"wp:term":[{"taxonomy":"category","embeddable":true,"href":"https:\/\/www.europesays.com\/pl\/wp-json\/wp\/v2\/categories?post=203624"},{"taxonomy":"post_tag","embeddable":true,"href":"https:\/\/www.europesays.com\/pl\/wp-json\/wp\/v2\/tags?post=203624"}],"curies":[{"name":"wp","href":"https:\/\/api.w.org\/{rel}","templated":true}]}}