{"id":203626,"date":"2026-01-14T07:36:10","date_gmt":"2026-01-14T07:36:10","guid":{"rendered":"https:\/\/www.europesays.com\/pl\/203626\/"},"modified":"2026-01-14T07:36:10","modified_gmt":"2026-01-14T07:36:10","slug":"trump-zapowiada-wielkie-zmiany-ws-cen-pradu-na-pierwszy-ogien-idzie-microsoft","status":"publish","type":"post","link":"https:\/\/www.europesays.com\/pl\/203626\/","title":{"rendered":"Trump zapowiada wielkie zmiany ws. cen pr\u0105du. Na pierwszy ogie\u0144 idzie Microsoft"},"content":{"rendered":"<p class=\"art_paragraph\">Donald <a href=\"https:\/\/wiadomosci.gazeta.pl\/donald-trump#anchorLink\" rel=\"nofollow noopener\" target=\"_blank\">Trump<\/a> <a href=\"https:\/\/truthsocial.com\/@realDonaldTrump\/posts\/115884759090137876\" class=\"art_link\" rel=\"nofollow noopener\" target=\"_blank\">poinformowa\u0142 na Truth Social,<\/a> \u017ce <a href=\"https:\/\/next.gazeta.pl\/microsoft#anchorLink\" rel=\"nofollow noopener\" target=\"_blank\">Microsoft<\/a> zaczyna wdra\u017ca\u0107 istotne zmiany, kt\u00f3re maj\u0105 sprawi\u0107, \u017ce Amerykanie nie b\u0119d\u0105 p\u0142aci\u0107 wi\u0119cej za pr\u0105d w zwi\u0105zku ze zu\u017cyciem energii przez centra danych. Microsoft nie odpowiedzia\u0142 <a href=\"https:\/\/www.cnbc.com\/2026\/01\/12\/trump-microsoft-changes-ensure-ensure-consumers-dont-pay-for-power-ai.html\" class=\"art_link\" rel=\"nofollow noopener\" target=\"_blank\">na pytania CNBC <\/a>w tej sprawie. Jak podawa\u0142a w listopadzie stacja, w sierpniu przedsi\u0119biorstwa u\u017cyteczno\u015bci publicznej pobra\u0142y od ameryka\u0144skich konsument\u00f3w\u00a0o 6 proc. wy\u017csze op\u0142aty za energi\u0119 elektryczn\u0105 ni\u017c rok wcze\u015bniej, w tym w stanach z wieloma centrami danych.<\/p>\n<p> Trump zapowiada zmiany w sprawie pr\u0105du<\/p>\n<p class=\"art_paragraph\">&#8222;Za rz\u0105d\u00f3w \u015bpi\u0105cego Joe Bidena i radykalnych lewicowych demokrat\u00f3w przeci\u0119tne miesi\u0119czne rachunki za media w ameryka\u0144skim gospodarstwie domowym wzros\u0142y OGROMNIE &#8211; o ponad 30 proc.! Nie chc\u0119, \u017ceby Amerykanie p\u0142acili wy\u017csze rachunki za pr\u0105d z powodu centr\u00f3w danych. Dlatego moja administracja wsp\u00f3\u0142pracuje z du\u017cymi ameryka\u0144skimi firmami technologicznymi, aby zapewni\u0107 ich zaanga\u017cowanie na rzecz narodu ameryka\u0144skiego, a w nadchodz\u0105cych tygodniach b\u0119dziemy mieli wiele do og\u0142oszenia&#8221; &#8211; napisa\u0142 Donald Trump.\u00a0\u00a0<\/p>\n<p>\n    Zobacz wideo Wielkie centrum obliczeniowe zasilane elektrowni\u0105 gazow\u0105\n  <\/p>\n<p class=\"art_paragraph\">&#8222;Jeste\u015bmy NAJGOR\u0118TSZYM krajem na \u015bwiecie i numerem jeden w dziedzinie <a href=\"https:\/\/next.gazeta.pl\/sztuczna-inteligencja#anchorLink\" rel=\"nofollow noopener\" target=\"_blank\">sztucznej inteligencji<\/a>. Centra danych s\u0105 kluczem do tego boomu i zapewnienia Amerykanom WOLNO\u015aCI i BEZPIECZE\u0143STWA, ale du\u017ce firmy technologiczne, kt\u00f3re je buduj\u0105, musz\u0105 'same za siebie zap\u0142aci\u0107&#8217;. Dzi\u0119kuj\u0119 i gratuluj\u0119 Microsoftowi. Wkr\u00f3tce wi\u0119cej!&#8221; &#8211; czytamy dalej.\u00a0<\/p>\n<p> Donald Trump pr\u00f3buje przekona\u0107 Amerykan\u00f3w przed zbli\u017caj\u0105cymi si\u0119 wyborami<\/p>\n<p class=\"art_paragraph\">Prezydent Stan\u00f3w Zjednoczonych w zwi\u0105zku ze zbli\u017caj\u0105cymi si\u0119 wyborami po\u0142\u00f3wkowymi pr\u00f3buje zmieni\u0107 narracj\u0119 wok\u00f3\u0142 kondycji gospodarki kraju. Jego poparcie od d\u0142u\u017cszego czasu gwa\u0142townie spada z powodu braku zapowiadanej poprawy sytuacji finansowej Amerykan\u00f3w. Wprowadzenie ce\u0142 przynios\u0142o efekt odwrotny do zamierzonego i doprowadzi\u0142o do wzrostu <a href=\"https:\/\/next.gazeta.pl\/ceny#anchorLink\" rel=\"nofollow noopener\" target=\"_blank\">cen<\/a>.\u00a0Na pocz\u0105tku nowego roku Trump za\u017c\u0105da\u0142 natomiast od swoich &#8222;przedstawicieli&#8221; skupu obligacji nieruchomo\u015bciowych o warto\u015bci 200 mld <a href=\"https:\/\/next.gazeta.pl\/waluty\/kursy-walut-nbp\/USD#anchorLink\" rel=\"nofollow noopener\" target=\"_blank\">dolar\u00f3w<\/a>, co\u00a0&#8211; jego zdaniem &#8211; mia\u0142oby obni\u017cy\u0107 stopy procentowe.<\/p>\n","protected":false},"excerpt":{"rendered":"Donald Trump poinformowa\u0142 na Truth Social, \u017ce Microsoft zaczyna wdra\u017ca\u0107 istotne zmiany, kt\u00f3re maj\u0105 sprawi\u0107, \u017ce Amerykanie nie&hellip;\n","protected":false},"author":2,"featured_media":203627,"comment_status":"","ping_status":"","sticky":false,"template":"","format":"standard","meta":{"footnotes":""},"categories":[16],"tags":[113,112,42,38,40,39,41],"class_list":{"0":"post-203626","1":"post","2":"type-post","3":"status-publish","4":"format-standard","5":"has-post-thumbnail","7":"category-biznes","8":"tag-biznes","9":"tag-business","10":"tag-pl","11":"tag-poland","12":"tag-polish","13":"tag-polska","14":"tag-polski"},"share_on_mastodon":{"url":"https:\/\/pubeurope.com\/@pl\/115892308197659210","error":""},"_links":{"self":[{"href":"https:\/\/www.europesays.com\/pl\/wp-json\/wp\/v2\/posts\/203626","targetHints":{"allow":["GET"]}}],"collection":[{"href":"https:\/\/www.europesays.com\/pl\/wp-json\/wp\/v2\/posts"}],"about":[{"href":"https:\/\/www.europesays.com\/pl\/wp-json\/wp\/v2\/types\/post"}],"author":[{"embeddable":true,"href":"https:\/\/www.europesays.com\/pl\/wp-json\/wp\/v2\/users\/2"}],"replies":[{"embeddable":true,"href":"https:\/\/www.europesays.com\/pl\/wp-json\/wp\/v2\/comments?post=203626"}],"version-history":[{"count":0,"href":"https:\/\/www.europesays.com\/pl\/wp-json\/wp\/v2\/posts\/203626\/revisions"}],"wp:featuredmedia":[{"embeddable":true,"href":"https:\/\/www.europesays.com\/pl\/wp-json\/wp\/v2\/media\/203627"}],"wp:attachment":[{"href":"https:\/\/www.europesays.com\/pl\/wp-json\/wp\/v2\/media?parent=203626"}],"wp:term":[{"taxonomy":"category","embeddable":true,"href":"https:\/\/www.europesays.com\/pl\/wp-json\/wp\/v2\/categories?post=203626"},{"taxonomy":"post_tag","embeddable":true,"href":"https:\/\/www.europesays.com\/pl\/wp-json\/wp\/v2\/tags?post=203626"}],"curies":[{"name":"wp","href":"https:\/\/api.w.org\/{rel}","templated":true}]}}