{"id":203638,"date":"2026-01-14T07:43:14","date_gmt":"2026-01-14T07:43:14","guid":{"rendered":"https:\/\/www.europesays.com\/pl\/203638\/"},"modified":"2026-01-14T07:43:14","modified_gmt":"2026-01-14T07:43:14","slug":"oki-tansze-niz-pierwotna-propozycja-rzadu-panstwo-straci-tylko-1-mld-zl-zamiast-43-mld","status":"publish","type":"post","link":"https:\/\/www.europesays.com\/pl\/203638\/","title":{"rendered":"OKI ta\u0144sze ni\u017c pierwotna propozycja rz\u0105du. Pa\u0144stwo straci \u201etylko\u201d 1 mld z\u0142 zamiast 4,3 mld"},"content":{"rendered":"<p>Wprowadzenie Osobistych Kont Inwestycyjnych (OKI) to kolejna<br \/>\npr\u00f3ba zmierzenia si\u0119 rz\u0105du z jedn\u0105 z flagowych obietnic wyborczych, jak\u0105 by\u0142o<br \/>\nzniesienie podatku Belki dla oszcz\u0119dno\u015bci i inwestycji do kwoty 100 tys. z\u0142.<br \/>\nOkazuje si\u0119, \u017ce obecnie procedowany pomys\u0142 jest o wiele bardziej korzystny dla<br \/>\nbud\u017cetu ni\u017c pierwotna propozycja, o kt\u00f3rej wi\u0119kszo\u015b\u0107 ju\u017c zapomnia\u0142a. <\/p>\n<p><img decoding=\"async\" class=\"o-graphics-multiobject__inner-blurry-picture-img\" src=\"https:\/\/www.europesays.com\/pl\/wp-content\/uploads\/2026\/01\/780568740b7d6d-948-568-33-276-4398-2639.jpg\" width=\"948\" height=\"568\" alt=\"OKI ta\u0144sze ni\u017c pierwotna propozycja rz\u0105du. Pa\u0144stwo straci \u201etylko\u201d 1 mld z\u0142 zamiast 4,3 mld\" loading=\"lazy\"\/><img decoding=\"async\" class=\"o-graphics-multiobject__item webfeedsFeaturedVisual\" src=\"https:\/\/www.europesays.com\/pl\/wp-content\/uploads\/2026\/01\/780568740b7d6d-948-568-33-276-4398-2639.jpg\" width=\"948\" height=\"568\" alt=\"OKI ta\u0144sze ni\u017c pierwotna propozycja rz\u0105du. Pa\u0144stwo straci \u201etylko\u201d 1 mld z\u0142 zamiast 4,3 mld\" loading=\"lazy\"\/>fot. Jacek Szydlowski \/ \/\u00a0FORUM<\/p>\n<p>Troch\u0119 historii na pocz\u0105tek. Korzystne dla inwestor\u00f3w zmiany<br \/>\nw podatku Belki\u00a0<a href=\"https:\/\/www.bankier.pl\/wiadomosc\/Czy-nowa-wladza-zniesie-podatek-Belki-Nie-ma-zgody-w-koalicji-8657973.html\" target=\"_blank\" data-vr-contentbox=\"news_news_3\" data-vr-contentbox-url=\"https:\/\/www.bankier.pl\/wiadomosc\/Czy-nowa-wladza-zniesie-podatek-Belki-Nie-ma-zgody-w-koalicji-8657973.html\" rel=\"nofollow noopener\">zosta\u0142y<br \/>\nzapowiedziane w ramach \u201e100 Konkret\u00f3w\u201d,<\/a> czyli spisu obietnic wyborczych<br \/>\nKoalicji Obywatelskiej (KO). Przypomnijmy jednak, \u017ce przed wyborami w 2023 r. poza KO\u00a0<a href=\"https:\/\/www.bankier.pl\/wiadomosc\/Kto-bedzie-wybierac-nowego-prezesa-Orlenu-i-jak-podzielic-koszty-kredytow-we-frankach-Inwestycyjna-czesc-ankiety-Bankiera-8626575.html\" target=\"_blank\" data-vr-contentbox=\"news_news_4\" data-vr-contentbox-url=\"https:\/\/www.bankier.pl\/wiadomosc\/Kto-bedzie-wybierac-nowego-prezesa-Orlenu-i-jak-podzielic-koszty-kredytow-we-frankach-Inwestycyjna-czesc-ankiety-Bankiera-8626575.html\" rel=\"nofollow noopener\">ch\u0119\u0107<br \/>\nzmian podatku od zysk\u00f3w kapita\u0142owych deklarowa\u0142y jeszcze dwa komitety<\/a><br \/>\n(Trzeciej Drogi i Konfederacji). Przekaz<br \/>\nPiS i Lewicy by\u0142 na ten temat zachowawczy.<\/p>\n<p>Pierwsza propozycja<br \/>\nnajbli\u017cej obietnic i najdalej od realizacji <\/p>\n<p>Zanim KO przej\u0119\u0142a<br \/>\nw\u0142adz\u0119, <a href=\"https:\/\/www.bankier.pl\/wiadomosc\/Tusk-zapowiada-100-konkretow-na-pierwszych-100-dni-rzadow-8596992.html\" data-vr-contentbox=\"news_news_5\" data-vr-contentbox-url=\"https:\/\/www.bankier.pl\/wiadomosc\/Tusk-zapowiada-100-konkretow-na-pierwszych-100-dni-rzadow-8596992.html\" rel=\"nofollow noopener\" target=\"_blank\">obiecywa\u0142a zniesienie podatku Belki<\/a> dla oszcz\u0119dno\u015bci i inwestycji, w tym<br \/>\ntak\u017ce na GPW, do kwoty 100 tys. z\u0142 i trzymanych powy\u017cej 1 roku. Po wyborach rozpocz\u0119\u0142a si\u0119 jednak ewolucja wyborczej<br \/>\nobietnicy. <a href=\"https:\/\/www.bankier.pl\/wiadomosc\/Zmiany-w-podatku-Belki-Co-wiemy-a-czego-zabraklo-8708943.html\" data-vr-contentbox=\"news_news_6\" data-vr-contentbox-url=\"https:\/\/www.bankier.pl\/wiadomosc\/Zmiany-w-podatku-Belki-Co-wiemy-a-czego-zabraklo-8708943.html\" rel=\"nofollow noopener\" target=\"_blank\">Pierwsza oficjalna propozycja zmian pojawi\u0142a si\u0119 w marcu 2024 r.<\/a> w<br \/>\nwywiadzie ministra finans\u00f3w Andrzeja Doma\u0144skiego, jakiego udzieli\u0142 \u201ePulsowi Biznesu\u201d.\n<\/p>\n<p>Sprowadza\u0142a si\u0119 ona<br \/>\ndo wprowadzenia niewielkiej kwoty wolnej od podatku dla lokat d\u0142ugoterminowych<br \/>\noraz analogicznej ulgi dla inwestor\u00f3w gie\u0142dowych, obligatariuszy czy klient\u00f3w<br \/>\nTFI. W praktyce w formularzu<br \/>\nPIT-38 pojawi\u0107 si\u0119 mia\u0142a kwota zmniejszaj\u0105ca podatek na podobnej zasadzie, jak<br \/>\nto ma miejsce w przypadku opodatkowania przychod\u00f3w z pracy (PIT-37).<\/p>\n<p>Z \u00f3wczesnych<br \/>\nkomunikat\u00f3w wynika\u0142o, \u017ce podatnicy b\u0119d\u0105 mogli \u0142\u0105czy\u0107 obie ulgi dla lokat<br \/>\nbankowych, jak i zysk\u00f3w osi\u0105gni\u0119tych na bardziej ryzykownych inwestycjach. Zar\u00f3wno<br \/>\nw pierwszym przypadku, jak i drugim kwoty wolne od podatku mia\u0142y by\u0107 okre\u015blane w<br \/>\nobwieszczeniu Ministra Finans\u00f3w na ka\u017cdy rok kalendarzowy.<\/p>\n<p>Ile mia\u0142a kosztowa\u0107 pierwotna propozycji ulgi w podatku Belki?<\/p>\n<p><a href=\"https:\/\/www.bankier.pl\/wiadomosc\/Zwolnienie-oszczednosci-z-podatku-Belki-Ministerstwo-Finansow-tlumaczy-szczegoly-8719677.html\" target=\"_blank\" data-vr-contentbox=\"news_news_7\" data-vr-contentbox-url=\"https:\/\/www.bankier.pl\/wiadomosc\/Zwolnienie-oszczednosci-z-podatku-Belki-Ministerstwo-Finansow-tlumaczy-szczegoly-8719677.html\" rel=\"nofollow noopener\">Wiceminister<br \/>\nfinans\u00f3w Jaros\u0142aw Neneman informowa\u0142 nawet<\/a>, \u017ce \u201enie s\u0105 planowane inne, poza<br \/>\nwy\u017cej opisanymi, zmiany w zasadach opodatkowania podatkiem dochodowym od os\u00f3b<br \/>\nfizycznych dochod\u00f3w (przychod\u00f3w) z kapita\u0142\u00f3w pieni\u0119\u017cnych\u201d. <a href=\"https:\/\/www.bankier.pl\/wiadomosc\/Obliczono-koszt-zmian-w-podatku-Belki-Spory-ubytek-w-budzecie-8730087.html\" data-vr-contentbox=\"news_news_8\" data-vr-contentbox-url=\"https:\/\/www.bankier.pl\/wiadomosc\/Obliczono-koszt-zmian-w-podatku-Belki-Spory-ubytek-w-budzecie-8730087.html\" rel=\"nofollow noopener\" target=\"_blank\">Resort wyliczy\u0142, \u017ce<br \/>\nzaproponowane zmiany b\u0119d\u0105 kosztowa\u0107 bud\u017cet 1,5 mld z\u0142<\/a> ju\u017c w pierwszym roku obowi\u0105zywania<br \/>\nzmian (2025 r.) i oko\u0142o 1,4 mld z\u0142 w kolejnych dw\u00f3ch latach. Razem to 4,3 mld<br \/>\nz\u0142 w pierwszych trzech latach obowi\u0105zywania zmian. <\/p>\n<p>Du\u017co? W skali ca\u0142ego<br \/>\nbud\u017cetu pa\u0144stwa, kt\u00f3ry w 2025 r. (pierwszy rok oddzia\u0142ywania zmian pierwotnego<br \/>\npomys\u0142u) zak\u0142ada\u0142 ponad 632 mld z\u0142 dochod\u00f3w i przesz\u0142o 920 mld z\u0142 wydatk\u00f3w, na<br \/>\npewno nie. W skali wp\u0142yw\u00f3w z tytu\u0142u zrycza\u0142towanego podatku dochodowego od os\u00f3b fizycznych te 1,5 mld z\u0142 by\u0142o ju\u017c kwot\u0105 znacz\u0105ca.<br \/>\n<a href=\"https:\/\/www.bankier.pl\/wiadomosc\/Podatek-Belki-przekroczyl-10-mld-zl-Kolejny-projekt-zmian-jeszcze-w-kwietniu-8922865.html\" data-vr-contentbox=\"news_news_9\" data-vr-contentbox-url=\"https:\/\/www.bankier.pl\/wiadomosc\/Podatek-Belki-przekroczyl-10-mld-zl-Kolejny-projekt-zmian-jeszcze-w-kwietniu-8922865.html\" rel=\"nofollow noopener\" target=\"_blank\">Przypomnijmy, \u017ce w ca\u0142ym 2024 r. fiskus zebra\u0142 blisko 10,6 mld z\u0142 z tytu\u0142u<br \/>\npodatku Belki.<\/a><\/p>\n<p><img decoding=\"async\" alt=\"\" class=\"o-graphics-multiobject__inner-blurry-picture-img\" height=\"474\" loading=\"lazy\" src=\"https:\/\/www.europesays.com\/pl\/wp-content\/uploads\/2026\/01\/99f1512b1c72f4-948-474-0-0-1342-671.png\" width=\"948\"\/><\/p>\n<p><img decoding=\"async\" alt=\"\" class=\"o-graphics-multiobject__item webfeedsFeaturedVisual\" height=\"474\" loading=\"lazy\" src=\"https:\/\/www.europesays.com\/pl\/wp-content\/uploads\/2026\/01\/99f1512b1c72f4-948-474-0-0-1342-671.png\" width=\"948\"\/><\/p>\n<p>W rozbiciu na \u017ar\u00f3d\u0142a<br \/>\nopodatkowania, 7,4 mld z\u0142 dotyczy\u0142o wp\u0142yw\u00f3w z opodatkowania depozyt\u00f3w bankowych<br \/>\n(tak\u017ce przychod\u00f3w od \u015brodk\u00f3w pieni\u0119\u017cnych zgromadzonych na rachunku podatnika w<br \/>\ninnych formach oszcz\u0119dzania np. obligacjach) i funduszy inwestycyjnych,<br \/>\nnatomiast 3,2 mld z\u0142 zosta\u0142o odprowadzone z zysk\u00f3w ze sprzeda\u017cy papier\u00f3w<br \/>\nwarto\u015bciowych i instrument\u00f3w pochodnych.<\/p>\n<p>Jak si\u0119 okaza\u0142o, te<br \/>\n1,5 mld z\u0142 by\u0142o trudne do prze\u0142kni\u0119cia. <a href=\"https:\/\/www.bankier.pl\/wiadomosc\/Projekt-zmian-podatku-od-zyskow-kapitalowych-oczekuje-na-wpis-do-wykazu-prac-rzadu-8857749.html\" data-vr-contentbox=\"news_news_10\" data-vr-contentbox-url=\"https:\/\/www.bankier.pl\/wiadomosc\/Projekt-zmian-podatku-od-zyskow-kapitalowych-oczekuje-na-wpis-do-wykazu-prac-rzadu-8857749.html\" rel=\"nofollow noopener\" target=\"_blank\">Oficjalnie prace nad ostatecznymi zmianami<br \/>\ntrwa\u0142y, ale pomys\u0142 prostej kwoty wolnej od podatku, kt\u00f3ra by\u0142a najbli\u017cej<br \/>\nwyborczej obietnicy, upad\u0142<\/a>. W mi\u0119dzyczasie <a href=\"https:\/\/www.bankier.pl\/wiadomosc\/Zmiany-w-podatku-Belki-Ministerstwo-Finansow-analizuje-dwa-scenariusze-8914770.html\" target=\"_blank\" data-vr-contentbox=\"news_news_11\" data-vr-contentbox-url=\"https:\/\/www.bankier.pl\/wiadomosc\/Zmiany-w-podatku-Belki-Ministerstwo-Finansow-analizuje-dwa-scenariusze-8914770.html\" rel=\"nofollow noopener\">pojawi\u0142y<br \/>\nsi\u0119 inne pomys\u0142y<\/a>\u00a0jak\u00a0ca\u0142kowite zwolnienie z podatku dla inwestycji<br \/>\ntrwaj\u0105cych co najmniej pi\u0119\u0107 lat czy obni\u017cenie stawki podatku do 10 lub 15<br \/>\nproc. dla inwestycji d\u0142ugoterminowych.<\/p>\n<p>OKI, czyli dwie pieczenie na<br \/>\nta\u0144szym ogniu <\/p>\n<p>Teraz wszystko<br \/>\nwskazuje na to, \u017ce spe\u0142nieniem wyborczej obietnicy pod tytu\u0142em \u201ezniesienie<br \/>\npodatku Belki dla oszcz\u0119dno\u015bci i inwestycji, w tym tak\u017ce na GPW, do kwoty 100<br \/>\ntys. z\u0142 i trzymanych powy\u017cej 1 roku\u201d b\u0119dzie <a href=\"https:\/\/www.bankier.pl\/wiadomosc\/Minister-Domanski-proponuje-konto-OKI-zamiast-redukcji-podatku-Belki-8989103.html\" data-vr-contentbox=\"news_news_12\" data-vr-contentbox-url=\"https:\/\/www.bankier.pl\/wiadomosc\/Minister-Domanski-proponuje-konto-OKI-zamiast-redukcji-podatku-Belki-8989103.html\" rel=\"nofollow noopener\" target=\"_blank\">pomys\u0142 dotycz\u0105cy<\/a> Osobistych Kont<br \/>\nInwestycyjnych (OKI). <\/p>\n<p>Rz\u0105d chce tym samym<br \/>\nupiec dwie pieczenie na jednym ogniu i to mniejszym kosztem. OKI bowiem ma by\u0107<br \/>\ntak\u017ce polsk\u0105 odpowiedzi\u0105 na postawione cele unijnej Unii Oszcz\u0119dno\u015bci i Inwestycji<br \/>\n(SIU) oraz rekomendacji ESMA dotycz\u0105cej budowy atrakcyjnych rynk\u00f3w<br \/>\nkapita\u0142owych.<\/p>\n<p>Rozwi\u0105zanie to jest<br \/>\nbezpo\u015brednio wzorowane na szwedzkim programie Investeringssparkonto (ISK),<br \/>\nwprowadzonym w 2012 roku, kt\u00f3ry odni\u00f3s\u0142 ogromny sukces \u2013 korzysta z niego ok.<br \/>\n40 proc. doros\u0142ej populacji Szwecji. Inspiracj\u0105 by\u0142y r\u00f3wnie\u017c podobne mechanizmy z<br \/>\ninnych kraj\u00f3w, takie jak PEA we Francji, ISA w Wielkiej Brytanii czy TBSZ na<br \/>\nW\u0119grzech.<\/p>\n<p>OKI ma by\u0107 <a href=\"https:\/\/www.bankier.pl\/wiadomosc\/Poznalismy-projekt-ustawy-o-OKI-Belki-nie-bedzie-ale-pojawi-sie-nowy-podatek-9050396.html\" data-vr-contentbox=\"news_news_13\" data-vr-contentbox-url=\"https:\/\/www.bankier.pl\/wiadomosc\/Poznalismy-projekt-ustawy-o-OKI-Belki-nie-bedzie-ale-pojawi-sie-nowy-podatek-9050396.html\" rel=\"nofollow noopener\" target=\"_blank\">produktem<br \/>\npowszechnym, osobistym i dobrowolnym, umo\u017cliwiaj\u0105cym wp\u0142at\u0119 i wyp\u0142at\u0119 \u015brodk\u00f3w w<br \/>\ndowolnym momencie<\/a>. Umow\u0119 o prowadzenie konta b\u0119dzie mo\u017cna zawrze\u0107 z bankiem,<br \/>\ndomem maklerskim, funduszem inwestycyjnym, zak\u0142adem ubezpiecze\u0144 lub dobrowolnym<br \/>\nfunduszem emerytalnym. <\/p>\n<p>Mechanizm polega\u0107 ma<br \/>\nna tym, \u017ce do 100 tys. z\u0142 dla aktyw\u00f3w o charakterze inwestycyjnym<br \/>\ndenominowanych w z\u0142otych (np. akcje, obligacje korporacyjne, fundusze inwestycyjne),<br \/>\nb\u0119dzie obowi\u0105zywa\u0107 zwolnienie od podatku Belki. Zamiast tego wprowadzony<br \/>\nzostanie podatek od warto\u015bci aktyw\u00f3w. Jego stawka b\u0119dzie zmienna i wyliczana jako<br \/>\n19 proc. stopy referencyjnej NBP z dnia 31 pa\u017adziernika roku poprzedniego<br \/>\n(jednak nie mniej ni\u017c 0,1 proc.).<\/p>\n<p>W ramach limitu 100<br \/>\ntys. z\u0142, do 25 tys. z\u0142 mog\u0105 stanowi\u0107 aktywa o charakterze oszcz\u0119dno\u015bciowym<br \/>\n(np. <a href=\"https:\/\/www.bankier.pl\/smart\/lokaty?cs=bankier.pl&amp;cm=content&amp;cn=automatyczne\" data-vr-contentbox=\"news_news_14\" data-vr-contentbox-url=\"https:\/\/www.bankier.pl\/smart\/lokaty?cs=bankier.pl&amp;cm=content&amp;cn=automatyczne\" rel=\"nofollow noopener\" target=\"_blank\">lokaty bankowe<\/a>, obligacje skarbowe). <a href=\"https:\/\/www.bankier.pl\/wiadomosc\/Poznalismy-projekt-ustawy-o-OKI-Belki-nie-bedzie-ale-pojawi-sie-nowy-podatek-9050396.html\" data-vr-contentbox=\"news_news_15\" data-vr-contentbox-url=\"https:\/\/www.bankier.pl\/wiadomosc\/Poznalismy-projekt-ustawy-o-OKI-Belki-nie-bedzie-ale-pojawi-sie-nowy-podatek-9050396.html\" rel=\"nofollow noopener\" target=\"_blank\">W roku 2026 ze wzgl\u0119du na planowane wej\u015bcie ustawy w \u017cycie od 1 lipca limity te zostan\u0105 zmniejszone o po\u0142ow\u0119 (odpowiednio<br \/>\n50 tys. z\u0142 i 12,5 tys. z\u0142).<\/a> Co warte podkre\u015blenia, szacunkowe wyliczenia resortu<br \/>\nfinans\u00f3w pokazuj\u0105, \u017ce fiskalne skutki wprowadzenia OKI, s\u0105 dla bud\u017cetu i szerzej finans\u00f3w<br \/>\npublicznych znacznie mniej bolesne ni\u017c pierwsza propozycja kwoty wolnej od<br \/>\npodatku. <\/p>\n<p>Jak OKI obci\u0105\u017cy<br \/>\nbud\u017cet?<\/p>\n<p>Zgodnie z Ocen\u0105<br \/>\nSkutk\u00f3w Regulacji (OSR), nowe rozwi\u0105zanie zmniejsz\u0105 dochody bud\u017cetu pa\u0144stwa,<br \/>\nale pozostan\u0105 neutralne dla jednostek samorz\u0105du terytorialnego. W<br \/>\nperspektywie 10 lat od wej\u015bcia w \u017cycie ustawy ca\u0142kowite dochody sektora<br \/>\nfinans\u00f3w publicznych zmniejsz\u0105 si\u0119 o oko\u0142o 8,9 mld z\u0142 (w cenach sta\u0142ych z 2025<br \/>\nr.). Kluczowe jest jednak to, \u017ce ci\u0119\u017car ten spoczywa niemal wy\u0142\u0105cznie na<br \/>\nbud\u017cecie pa\u0144stwa.<\/p>\n<p>W pierwszym roku 2026<br \/>\nr. bud\u017cet pa\u0144stwa OKI b\u0119dzie \u201ekosztowa\u0142o\u201d 338 mln z\u0142 (ceny bie\u017c\u0105ce). Wynika to g\u0142\u00f3wnie z<br \/>\nutraty wp\u0142yw\u00f3w z zaliczek na zrycza\u0142towany podatek od odsetek z lokat i<br \/>\nobligacji skarbowych za drugie p\u00f3\u0142rocze (317 mln z\u0142) oraz koszt\u00f3w IT (21 mln<br \/>\nz\u0142). W tym drugim przypadku chodzi o utworzenie, rozw\u00f3j i utrzymanie system\u00f3w<br \/>\ninformatycznych w ramach e-Urz\u0119du Skarbowego do rozliczenia zmian.<\/p>\n<p><img decoding=\"async\" alt=\"\" class=\"o-graphics-multiobject__inner-blurry-picture-img\" height=\"398\" loading=\"lazy\" src=\"https:\/\/www.europesays.com\/pl\/wp-content\/uploads\/2026\/01\/b865472875a9a3-948-398-0-0-1128-474.png\" width=\"948\"\/><\/p>\n<p><img decoding=\"async\" alt=\"\" class=\"o-graphics-multiobject__item webfeedsFeaturedVisual\" height=\"398\" loading=\"lazy\" src=\"https:\/\/www.europesays.com\/pl\/wp-content\/uploads\/2026\/01\/b865472875a9a3-948-398-0-0-1128-474.png\" width=\"948\"\/><\/p>\n<p> MF\/ OSR projektu ustawy o Osobistych Kontach Inwestycyjnych<\/p>\n<p>Najmniejszy wp\u0142yw na<br \/>\nfinanse publiczne OKI ma mie\u0107 w 2027 r. Szacowany negatywny wp\u0142yw na bud\u017cet ma wynie\u015b\u0107<br \/>\n206 mln z\u0142. Wynika to z tzw. jednorazowego skutku dodatniego. Podatnicy<br \/>\nprzechodz\u0105cy na OKI b\u0119d\u0105 likwidowa\u0107 dotychczasowe inwestycje (np. sprzedawa\u0107<br \/>\nakcje), co wygeneruje jednorazowy, wysoki wp\u0142yw z obecnego podatku kapita\u0142owego<br \/>\n(PIT-38) i daniny solidarno\u015bciowej. Jednocze\u015bnie pojawi\u0105 si\u0119 pierwsze wp\u0142ywy z<br \/>\nnowego podatku od OKI (szacowane na 253 mln z\u0142).<\/p>\n<p>W 2028 r. negatywne skutki<br \/>\nfiskalne maj\u0105 wzrosn\u0105\u0107 do 613 mln z\u0142, poniewa\u017c zak\u0142ada si\u0119, \u017ce do systemu<br \/>\ndo\u0142\u0105czy pozosta\u0142a cz\u0119\u015b\u0107 docelowej populacji posiadaczy OKI, a wp\u0142ywy z<br \/>\ntradycyjnych podatk\u00f3w kapita\u0142owych b\u0119d\u0105 dalej male\u0107. Z kolei w 2029 r. ma<br \/>\nwygasn\u0105\u0107 pozytywny, jednorazowy efekt likwidacji starych inwestycji, co sprawi,<br \/>\nwed\u0142ug za\u0142o\u017ce\u0144 OSR, \u017ce ubytek w dochodach bud\u017cetowych stanie si\u0119 najbardziej<br \/>\nwidoczny i wyniesie blisko 1,08 mld z\u0142. W sumie za cztery lata daje to kwot\u0119 blisko 2,24 mld z\u0142, ale w pierwszych trzech latach &#8222;tylko&#8221; 1,16 mld z\u0142.<\/p>\n<p>Jak wynika z OSR, w<br \/>\nzwi\u0105zku z wprowadzeniem OKI bud\u017cet pa\u0144stwa straci wp\u0142ywy z trzech g\u0142\u00f3wnych \u017ar\u00f3de\u0142:<\/p>\n<ul>\n<li>PIT-8AR: Podatek<br \/>\nod odsetek z lokat, rachunk\u00f3w oszcz\u0119dno\u015bciowych i obligacji skarbowych;<\/li>\n<li>PIT-38: Podatek od<br \/>\ndochod\u00f3w ze zbycia papier\u00f3w warto\u015bciowych (np. akcji) oraz funduszy<br \/>\ninwestycyjnych;<\/li>\n<li>danina<br \/>\nsolidarno\u015bciowa (DSF): Kt\u00f3r\u0105 obj\u0119te s\u0105 dochody wykazywane m.in. w deklaracjach<br \/>\nPIT-38.<\/li>\n<\/ul>\n<p>Nowym \u017ar\u00f3d\u0142em<br \/>\nprzychod\u00f3w s\u0105 wp\u0142ywy z OKI, czyli podatek od warto\u015bci aktyw\u00f3w. Ministerstwo<br \/>\nFinans\u00f3w przyj\u0119\u0142o w swoich szacunkach, \u017ce docelowo na OKI przejdzie ok. 15<br \/>\nproc. podatnik\u00f3w (ok. 450 tys. os\u00f3b) rozliczaj\u0105cych obecnie dochody kapita\u0142owe.<br \/>\nZa\u0142o\u017cono r\u00f3wnie\u017c, \u017ce niemal wszyscy posiadacze lokat i obligacji<br \/>\noszcz\u0119dno\u015bciowych przenios\u0105 \u015brodki na OKI do wysoko\u015bci limitu zwolnienia (25 tys. z\u0142). <\/p>\n<p>Z szacunk\u00f3w<br \/>\ndotycz\u0105cych pierwszych lat funkcjonowania OKI, czyli tych do nast\u0119pnych wybor\u00f3w<br \/>\nwynika, \u017ce negatywny wp\u0142yw na bud\u017cet pa\u0144stwa jest w tym przypadku kilka razy mniejszy, ni\u017c wynika\u0142o z szacunk\u00f3w dotycz\u0105cych pierwotnej propozycji o kwocie wolnej od<br \/>\npodatku, tak\u017ce wyliczonej przez Ministerstwo. Argument\u00f3w za OKI zaprezentowano<br \/>\nca\u0142\u0105 mas\u0119, ale wydaje si\u0119, \u017ce jest to po prostu koncepcja ta\u0144sza ni\u017c prosta kwota<br \/>\nod podatku, kt\u00f3r\u0105 obiecywano.<\/p>\n<p>\u0179r\u00f3d\u0142o:<a href=\"\" target=\"_blank\" rel=\"noopener nofollow\"><img decoding=\"async\" class=\"a-image__img\" src=\"https:\/\/www.europesays.com\/pl\/wp-content\/uploads\/2026\/01\/5ef7bb0f2bddb9.png\" loading=\"lazy\" width=\"100\" height=\"32\"\/><\/a><\/p>\n","protected":false},"excerpt":{"rendered":"Wprowadzenie Osobistych Kont Inwestycyjnych (OKI) to kolejna pr\u00f3ba zmierzenia si\u0119 rz\u0105du z jedn\u0105 z flagowych obietnic wyborczych, jak\u0105&hellip;\n","protected":false},"author":2,"featured_media":203639,"comment_status":"","ping_status":"","sticky":false,"template":"","format":"standard","meta":{"footnotes":""},"categories":[16],"tags":[113,112,42,38,40,39,41],"class_list":{"0":"post-203638","1":"post","2":"type-post","3":"status-publish","4":"format-standard","5":"has-post-thumbnail","7":"category-biznes","8":"tag-biznes","9":"tag-business","10":"tag-pl","11":"tag-poland","12":"tag-polish","13":"tag-polska","14":"tag-polski"},"share_on_mastodon":{"url":"https:\/\/pubeurope.com\/@pl\/115892335857425737","error":""},"_links":{"self":[{"href":"https:\/\/www.europesays.com\/pl\/wp-json\/wp\/v2\/posts\/203638","targetHints":{"allow":["GET"]}}],"collection":[{"href":"https:\/\/www.europesays.com\/pl\/wp-json\/wp\/v2\/posts"}],"about":[{"href":"https:\/\/www.europesays.com\/pl\/wp-json\/wp\/v2\/types\/post"}],"author":[{"embeddable":true,"href":"https:\/\/www.europesays.com\/pl\/wp-json\/wp\/v2\/users\/2"}],"replies":[{"embeddable":true,"href":"https:\/\/www.europesays.com\/pl\/wp-json\/wp\/v2\/comments?post=203638"}],"version-history":[{"count":0,"href":"https:\/\/www.europesays.com\/pl\/wp-json\/wp\/v2\/posts\/203638\/revisions"}],"wp:featuredmedia":[{"embeddable":true,"href":"https:\/\/www.europesays.com\/pl\/wp-json\/wp\/v2\/media\/203639"}],"wp:attachment":[{"href":"https:\/\/www.europesays.com\/pl\/wp-json\/wp\/v2\/media?parent=203638"}],"wp:term":[{"taxonomy":"category","embeddable":true,"href":"https:\/\/www.europesays.com\/pl\/wp-json\/wp\/v2\/categories?post=203638"},{"taxonomy":"post_tag","embeddable":true,"href":"https:\/\/www.europesays.com\/pl\/wp-json\/wp\/v2\/tags?post=203638"}],"curies":[{"name":"wp","href":"https:\/\/api.w.org\/{rel}","templated":true}]}}