{"id":203654,"date":"2026-01-14T07:52:12","date_gmt":"2026-01-14T07:52:12","guid":{"rendered":"https:\/\/www.europesays.com\/pl\/203654\/"},"modified":"2026-01-14T07:52:12","modified_gmt":"2026-01-14T07:52:12","slug":"studniowka-ktora-poruszyla-siec-walc-do-wodeckiego-o2","status":"publish","type":"post","link":"https:\/\/www.europesays.com\/pl\/203654\/","title":{"rendered":"Studni\u00f3wka, kt\u00f3ra poruszy\u0142a sie\u0107. Walc do Wodeckiego &#8211; o2"},"content":{"rendered":"<ol>\n<li><a href=\"https:\/\/news.google.com\/rss\/articles\/CBMingFBVV95cUxQMW1uUWtHMGtRc3J1X2tHcXBYeGlGT0I5OGhqOWpxZFBUUjV1UWl1MHhxWWVJR1FObU9Oel9pMWFCU2lFemhSQmhUa1A2RFZqN3RTMG1qTjRZcWU3NHFOdzhpUjd3ZDFQdmdVSGRCQVJ2NG9JQjFGUDQ1Ri1McjZ0UDhPZXhUZFBVeFVORk1pM2FTR1ZvdWgxVWlYekhNUQ?oc=5\" target=\"_blank\" rel=\"nofollow noopener\">Studni\u00f3wka, kt\u00f3ra poruszy\u0142a sie\u0107. Walc do Wodeckiego<\/a>&nbsp;&nbsp;o2<\/li>\n<li><a href=\"https:\/\/news.google.com\/rss\/articles\/CBMivgFBVV95cUxPbWFGdzYzUUF6amY1anpGbDFvSW12QUFQbTVqNFk1WUNsempDLWRfeGRZa0lib0NOZ3dLUHphZE56UXRyc05vMUFkUzBqczYtXzFta0hadFFnUTN6eDhfc0tkUEFycjMwTEpMOU1KQjh6azRSYUE1d2VPallyeEEydGd1eGFIRHVMSnlVQjNzNGxRczVYR0dPY3Y2eHJvTWNtdkhXMmpSSjdIbVlZZGZ0MDlKbmgyNGYxUm0tSjRB?oc=5\" target=\"_blank\" rel=\"nofollow noopener\">Jedna noc, wspomnienia na ca\u0142e \u017cycie. Nadszed\u0142 czas studni\u00f3wek<\/a>&nbsp;&nbsp;onet.pl<\/li>\n<li><a href=\"https:\/\/news.google.com\/rss\/articles\/CBMi6wFBVV95cUxOck82dFRYY2NkaVVVQVBranZSVEgxbWJFallMNFZ5SERmRzZ3em8zaEpGVFNRVV9QSmFWeExxbVY0amt0ZDlELTJsVHBULUFGNzJmNExqVThxQ0kyeW9xTG1Ta3hFVi1zeW5RVDVhMHYxZU5HSV9oWGFFdXNNMUw1MlpBWXNCR1lWeHZDcjI5UlhhNFpxTHpYa1BqUGY1SlBNZ1VtUGNwTnh1V3N1Nk9udVl3dndHWjlDWWhURDEwdXpRZUpMMjA2bnVMU1VZZWZUSmdrQ0pCUVBiWldIeEI2eG5fbm9XRTllLUVJ?oc=5\" target=\"_blank\" rel=\"nofollow noopener\">Magiczna studni\u00f3wka I LO w Rybniku. Ach co to by\u0142 za bal<\/a>&nbsp;&nbsp;Dziennik Zachodni<\/li>\n<li><a href=\"https:\/\/news.google.com\/rss\/articles\/CBMivgFBVV95cUxPeS1QNFB3UjVpZ3pYc251V01CM2lwelZKRjRaM2VMd2pDRzFJOFFDUGx0ejh0ak5Kcmx0eEFIOEVWSjktLWlsVl8tcEJ2RDBEWkNZNHQtd1R5a2UxSm1idkppeFY2NmMzWldEUnlyeGtvVWx6SUNDRmE1ODRhRjRwWTZCWnBQb0hJcGpETHJSWkk1NWxPOGZsbE0tV09iLWlmbDJwYnBQeWpjYjJaZkJfYWh5UkRDQ2VrNTctRHJ3?oc=5\" target=\"_blank\" rel=\"nofollow noopener\">Studni\u00f3wka III LO w Piotrkowie Trybunalskim podbija sie\u0107. Internauci nie kryj\u0105 zachwytu<\/a>&nbsp;&nbsp;Fakt<\/li>\n<li><a href=\"https:\/\/news.google.com\/rss\/articles\/CBMi3gFBVV95cUxPRVBSLW9ib0h0b040QUxFbkoyTnRmUEphZWI5N0NVdWtXdVppZmxPMFF3bHVyM1djNjl2YUJxTXZrQVIzbTB2RW90dWFYd1hOU2FnbTE5Xy03YTUzTHNMRFJqSjA0TGlCMXVZUDlIR09uSWE2TXJfMEVKanBfWjA5T1BTMVVJdGRpdTF2UzFVQndUN29fQW1qa0x4Tk16Wm5ERWxNTHhvVWlLdXRGU0Jvd2NTSFFoN1RQTVhmWXRVaHRpdFRFMFNRNV9PZWdGNGRfX2w5R0dfbzB2YWcwLVE?oc=5\" target=\"_blank\" rel=\"nofollow noopener\">Studni\u00f3wka 2026 w II Liceum Og\u00f3lnokszta\u0142c\u0105cym w Poznaniu. Tak bawili si\u0119 maturzy\u015bci. Zobaczcie zdj\u0119cia!<\/a>&nbsp;&nbsp;G\u0142os Wielkopolski<\/li>\n<\/ol>\n","protected":false},"excerpt":{"rendered":"Studni\u00f3wka, kt\u00f3ra poruszy\u0142a sie\u0107. Walc do Wodeckiego&nbsp;&nbsp;o2 Jedna noc, wspomnienia na ca\u0142e \u017cycie. Nadszed\u0142 czas studni\u00f3wek&nbsp;&nbsp;onet.pl Magiczna studni\u00f3wka&hellip;\n","protected":false},"author":2,"featured_media":203655,"comment_status":"","ping_status":"","sticky":false,"template":"","format":"standard","meta":{"footnotes":""},"categories":[12],"tags":[32,33,36,37,27,34,35,28,31,25,42,38,40,39,41,29,30,26],"class_list":{"0":"post-203654","1":"post","2":"type-post","3":"status-publish","4":"format-standard","5":"has-post-thumbnail","7":"category-polska","8":"tag-breaking-news","9":"tag-breakingnews","10":"tag-featured-news","11":"tag-featurednews","12":"tag-headlines","13":"tag-latest-news","14":"tag-latestnews","15":"tag-naglowki","16":"tag-najwazniejsze-artykuly","17":"tag-news","18":"tag-pl","19":"tag-poland","20":"tag-polish","21":"tag-polska","22":"tag-polski","23":"tag-top-stories","24":"tag-topstories","25":"tag-wiadomosci"},"share_on_mastodon":{"url":"https:\/\/pubeurope.com\/@pl\/115892371058800539","error":""},"_links":{"self":[{"href":"https:\/\/www.europesays.com\/pl\/wp-json\/wp\/v2\/posts\/203654","targetHints":{"allow":["GET"]}}],"collection":[{"href":"https:\/\/www.europesays.com\/pl\/wp-json\/wp\/v2\/posts"}],"about":[{"href":"https:\/\/www.europesays.com\/pl\/wp-json\/wp\/v2\/types\/post"}],"author":[{"embeddable":true,"href":"https:\/\/www.europesays.com\/pl\/wp-json\/wp\/v2\/users\/2"}],"replies":[{"embeddable":true,"href":"https:\/\/www.europesays.com\/pl\/wp-json\/wp\/v2\/comments?post=203654"}],"version-history":[{"count":0,"href":"https:\/\/www.europesays.com\/pl\/wp-json\/wp\/v2\/posts\/203654\/revisions"}],"wp:featuredmedia":[{"embeddable":true,"href":"https:\/\/www.europesays.com\/pl\/wp-json\/wp\/v2\/media\/203655"}],"wp:attachment":[{"href":"https:\/\/www.europesays.com\/pl\/wp-json\/wp\/v2\/media?parent=203654"}],"wp:term":[{"taxonomy":"category","embeddable":true,"href":"https:\/\/www.europesays.com\/pl\/wp-json\/wp\/v2\/categories?post=203654"},{"taxonomy":"post_tag","embeddable":true,"href":"https:\/\/www.europesays.com\/pl\/wp-json\/wp\/v2\/tags?post=203654"}],"curies":[{"name":"wp","href":"https:\/\/api.w.org\/{rel}","templated":true}]}}