{"id":203658,"date":"2026-01-14T07:54:07","date_gmt":"2026-01-14T07:54:07","guid":{"rendered":"https:\/\/www.europesays.com\/pl\/203658\/"},"modified":"2026-01-14T07:54:07","modified_gmt":"2026-01-14T07:54:07","slug":"oto-prawda-o-grze-macieja-rybusa-w-polsce-wszystko-nam-ujawnili","status":"publish","type":"post","link":"https:\/\/www.europesays.com\/pl\/203658\/","title":{"rendered":"Oto prawda o grze Macieja Rybusa w Polsce. Wszystko nam ujawnili"},"content":{"rendered":"<p class=\"Paragraph_desktopParagraph__Fd2e9\">&#8222;Powr\u00f3t po latach. Cz\u0142owiek, z kt\u00f3rym w roku 2012 odtworzyli\u015bmy GnG i kt\u00f3ry rokrocznie budowa\u0142 z nami obecny kszta\u0142t wydarzenia. 66 spotka\u0144 rozegranych w Reprezentacji Polski, wychowanek KS Pelikan \u0141owicz, syn ziemi \u0142owickiej \u2014 Maciej Rybus! Witamy w Strong Team!&#8221; \u2014 napisano 10 stycznia na profilu &#8222;Gwiazdy na Gwiazdk\u0119&#8221; na Facebooku.<\/p>\n<p class=\"VideoPlayerText_videoPlayerText__zrtJk\">Dalszy ci\u0105g materia\u0142u pod wideo<\/p>\n<p class=\"Paragraph_desktopParagraph__Fd2e9\">Kr\u00f3tko po tym og\u0142oszeniu pojawi\u0142y si\u0119 nieoficjalne doniesienia o tym, \u017ce by\u0142y reprezentant Polski sam zg\u0142osi\u0142 ch\u0119\u0107 udzia\u0142u w turnieju. Jak przekaza\u0142 nam koordynator ca\u0142ego projektu, Krystian Cipi\u0144ski sytuacja wygl\u0105da\u0142a jednak nieco inaczej. \u2014 Maciek podj\u0105\u0142 t\u0119 decyzj\u0119 po kilku rozmowach \u2014 przekaza\u0142 nasz rozm\u00f3wca.<\/p>\n<p class=\"Paragraph_desktopParagraph__Fd2e9\">Jednocze\u015bnie Cipi\u0144ski przypomnia\u0142, \u017ce w Rybus w przesz\u0142o\u015bci bra\u0142 ju\u017c udzia\u0142 w poprzednich edycjach imprezy organizowanej w rodzinnym mie\u015bcie. \u2014 Maciek jest dla nas bardzo wa\u017cn\u0105 postaci\u0105 i jego wola przyjazdu nas ucieszy\u0142a. Pierwsze edycje tego wydarzenia organizowali\u015bmy wsp\u00f3lnie \u2014 podkre\u015bli\u0142 koordynator projektu.<\/p>\n<p>Maciej Rybus na obchodach Dnia Zwyci\u0119stwa. &#8222;Nie b\u0119d\u0119 si\u0119 odnosi\u0142&#8221;<\/p>\n<p class=\"Paragraph_desktopParagraph__Fd2e9\">Cipi\u0144ski nie chcia\u0142 natomiast komentowa\u0107 skandalu, jaki Rybus wywo\u0142a\u0142 w maju 2024 r. Przypomnijmy, \u017ce Polak znalaz\u0142 si\u0119 w\u00f3wczas w\u015br\u00f3d pi\u0142karzy Rubinu Kaza\u0144, kt\u00f3rzy w Dzie\u0144 Zwyci\u0119stwa uczcili pami\u0119\u0107 rosyjskich \u017co\u0142nierzy poleg\u0142ych w trakcie II wojny \u015bwiatowej.<\/p>\n<p class=\"Paragraph_desktopParagraph__Fd2e9\">Na uroczysto\u015bciach mo\u017cna by\u0142o dostrzec, \u017ce 66-krotny reprezentant Polski mia\u0142 doczepion\u0105 do stroju charakterystyczn\u0105 czarno-pomara\u0144czow\u0105 przypink\u0119 \u2014 tzw. wst\u0105\u017ck\u0119 \u015bw. Jerzego, kt\u00f3ra w Rosji jest \u015bci\u015ble zwi\u0105zana z wojskiem i Dniem Pami\u0119ci. <a href=\"https:\/\/noizz.pl\/informacyjne\/wladimir-putin-pojawil-sie-z-ta-wstazka-niektore-kraje-jej-zakazaly\/v886kvb\" id=\"658c7be8-761c-4de2-87a7-bc899b574163\" rel=\"nofollow noopener\" target=\"_blank\">Od 2005 r. wst\u0105\u017cka symbolizuje zwyci\u0119stwo nad nazistowskimi Niemcami w trakcie II wojny \u015bwiatowej<\/a>.<\/p>\n<p class=\"Paragraph_desktopParagraph__Fd2e9\">W 2015 r., w Rosji, w 70. rocznic\u0119 zako\u0144czenia II wojny \u015bwiatowej, rozprowadzono a\u017c 10 mln wst\u0105\u017cek. Zakup zosta\u0142 sfinansowany z rosyjskiego bud\u017cetu. Sam Putin ch\u0119tnie fotografuje si\u0119 ze wst\u0105\u017ck\u0105, szczeg\u00f3lnie w trakcie obchod\u00f3w Dnia Zwyci\u0119stwa.<\/p>\n<p class=\"Paragraph_desktopParagraph__Fd2e9\">\u2014 Nie b\u0119d\u0119 odnosi\u0142 si\u0119 do tej sytuacji, skupiam si\u0119 na wydarzeniu, kt\u00f3re jest przed nami \u2014 skomentowa\u0142 kr\u00f3tko pytany o \u00f3wczesne zachowanie 36-latka nasz rozm\u00f3wca. I przekonuje, \u017ce przyjazd Rybusa na turniej jest odbierany przychylnie, o czym maj\u0105 \u015bwiadczy\u0107 komentarze w mediach spo\u0142eczno\u015bciowych. \u2014 W ogromnej cz\u0119\u015bci s\u0105 pozytywne \u2014 zaznacza.<\/p>\n<p class=\"Paragraph_desktopParagraph__Fd2e9\">\u2014 Mamy nadziej\u0119, \u017ce obecno\u015b\u0107 Ma\u0107ka b\u0119dzie pocz\u0105tkiem jego powrotu na sta\u0142e do sk\u0142ad\u00f3w GnG [Gwiazdy na Gwiazdk\u0119 \u2014 przyp. red] \u2014 podsumowa\u0142 Cipi\u0144ski.<\/p>\n<p>Trudny czas w \u017cyciu Macieja Rybusa<\/p>\n<p class=\"Paragraph_desktopParagraph__Fd2e9\">Rybus na najwy\u017cszym szczeblu rozgrywkowym w Rosji zaliczy\u0142 218 spotka\u0144, w kt\u00f3rych strzeli\u0142 23 gole i zanotowa\u0142 28 asyst. Wcze\u015bniej wyst\u0119powa\u0142 tak\u017ce w Olympique Lyon oraz Legii Warszawa. W kadrze zagra\u0142 66 razy, a po raz ostatni przywdzia\u0142 bia\u0142o-czerwon\u0105 koszulk\u0119 w listopadzie 2021 r. Dalsze powo\u0142ania przekre\u015bli\u0142a jego decyzja o pozostaniu w Rosji po wybuchu wojny, co nad Wis\u0142\u0105 wywo\u0142a\u0142o olbrzymie oburzenie w kraju.<\/p>\n<p class=\"Paragraph_desktopParagraph__Fd2e9\">&#8222;Mam \u017con\u0119, kt\u00f3ra jest Rosjank\u0105, dw\u00f3ch syn\u00f3w, nieruchomo\u015bci, \u017cycie, kt\u00f3re rozwija\u0142o si\u0119 przez ponad 10 lat. Tak naprawd\u0119 to w Rosji zosta\u0142em prawdziwym m\u0119\u017cczyzn\u0105: za\u0142o\u017cy\u0142em rodzin\u0119, zarobi\u0142em pieni\u0105dze, zabezpieczy\u0142em nasz\u0105 przysz\u0142o\u015b\u0107. Zostawienie tego wszystkiego z dnia na dzie\u0144 nie by\u0142o takie proste&#8221; \u2014 przekonywa\u0142 w\u00f3wczas defensor w rozmowie z TVP Sport.<\/p>\n<p class=\"Paragraph_desktopParagraph__Fd2e9\">Obecnie \u017cycie Rybusa wygl\u0105da jednak zupe\u0142nie inaczej. Pi\u0142karz rozwi\u00f3d\u0142 si\u0119 z \u017con\u0105, a w profesjonalnym futbolu nie ma ju\u017c dla niego miejsca. Mimo to zamierza pozosta\u0107 w Rosji. \u2014 B\u0119dzie chcia\u0142 zosta\u0107 przy rodzinie, tam ma dzieci, wi\u0119c wi\u0119cej czasu b\u0119dzie sp\u0119dza\u0142 w Rosji \u2014 m\u00f3wi\u0142 jaki\u015b czas temu na antenie Kana\u0142u Sportowego jego by\u0142y agent, Mariusz Piekarski.<\/p>\n<p>Gwiazdy na Gwiazdk\u0119 \u2014 oto szczeg\u00f3\u0142y wydarzenia<\/p>\n<p class=\"Paragraph_desktopParagraph__Fd2e9\">Turniej &#8222;Gwiazdy na Gwiazdk\u0119&#8221; to jedno z najwi\u0119kszych charytatywnych wydarze\u0144 pi\u0142karskich w centralnej Polsce. 17 stycznia na OSiR nr 1 w \u0141owiczu spotkaj\u0105 si\u0119 cztery dru\u017cyny \u2014 \u0141n\u0141 Team, Q\u0119sek Team, Boski Team i Strong Team (w tej ekipie zagra Rybus) \u2014 z\u0142o\u017cone z postaci dobrze znanych zar\u00f3wno ze \u015bwiata sportu, jak i internetu. Jak ju\u017c wiemy w imprezie, poza Rybusem, pojawi\u0105 si\u0119 m.in. Liroy, Maciej Lampe, Liber czy Jakub Rze\u017aniczak.<\/p>\n<p class=\"Paragraph_desktopParagraph__Fd2e9\">Impreza ma charakter otwarty, transmisj\u0119 zaplanowano na antenie Kana\u0142u Sportowego, a ca\u0142y doch\u00f3d z bilet\u00f3w b\u0119dzie przeznaczony na leczenie chorej Marcelinki Muchy. Na trybunach oraz w strefie kibica przewidziano sportow\u0105 rywalizacj\u0119 i dodatkowe atrakcje, a organizatorzy podkre\u015blaj\u0105, \u017ce celem jest pomoc poprzez wsp\u00f3ln\u0105 zabaw\u0119 i integracj\u0119.<\/p>\n","protected":false},"excerpt":{"rendered":"&#8222;Powr\u00f3t po latach. Cz\u0142owiek, z kt\u00f3rym w roku 2012 odtworzyli\u015bmy GnG i kt\u00f3ry rokrocznie budowa\u0142 z nami obecny&hellip;\n","protected":false},"author":2,"featured_media":203659,"comment_status":"","ping_status":"","sticky":false,"template":"","format":"standard","meta":{"footnotes":""},"categories":[24],"tags":[67,26909,948,42,38,40,39,41,136,128,47,127,135,126,130],"class_list":{"0":"post-203658","1":"post","2":"type-post","3":"status-publish","4":"format-standard","5":"has-post-thumbnail","7":"category-sport","8":"tag-intextvideo_splayer","9":"tag-maciej_rybus","10":"tag-pilka_nozna","11":"tag-pl","12":"tag-poland","13":"tag-polish","14":"tag-polska","15":"tag-polski","16":"tag-ps_detal_new","17":"tag-psv2","18":"tag-screening_general","19":"tag-sport","20":"tag-sport_sport","21":"tag-sports","22":"tag-wiadomosci_sportowe"},"share_on_mastodon":{"url":"https:\/\/pubeurope.com\/@pl\/115892378936383535","error":""},"_links":{"self":[{"href":"https:\/\/www.europesays.com\/pl\/wp-json\/wp\/v2\/posts\/203658","targetHints":{"allow":["GET"]}}],"collection":[{"href":"https:\/\/www.europesays.com\/pl\/wp-json\/wp\/v2\/posts"}],"about":[{"href":"https:\/\/www.europesays.com\/pl\/wp-json\/wp\/v2\/types\/post"}],"author":[{"embeddable":true,"href":"https:\/\/www.europesays.com\/pl\/wp-json\/wp\/v2\/users\/2"}],"replies":[{"embeddable":true,"href":"https:\/\/www.europesays.com\/pl\/wp-json\/wp\/v2\/comments?post=203658"}],"version-history":[{"count":0,"href":"https:\/\/www.europesays.com\/pl\/wp-json\/wp\/v2\/posts\/203658\/revisions"}],"wp:featuredmedia":[{"embeddable":true,"href":"https:\/\/www.europesays.com\/pl\/wp-json\/wp\/v2\/media\/203659"}],"wp:attachment":[{"href":"https:\/\/www.europesays.com\/pl\/wp-json\/wp\/v2\/media?parent=203658"}],"wp:term":[{"taxonomy":"category","embeddable":true,"href":"https:\/\/www.europesays.com\/pl\/wp-json\/wp\/v2\/categories?post=203658"},{"taxonomy":"post_tag","embeddable":true,"href":"https:\/\/www.europesays.com\/pl\/wp-json\/wp\/v2\/tags?post=203658"}],"curies":[{"name":"wp","href":"https:\/\/api.w.org\/{rel}","templated":true}]}}