{"id":203660,"date":"2026-01-14T07:55:08","date_gmt":"2026-01-14T07:55:08","guid":{"rendered":"https:\/\/www.europesays.com\/pl\/203660\/"},"modified":"2026-01-14T07:55:08","modified_gmt":"2026-01-14T07:55:08","slug":"pytaja-co-zrobila-sobie-z-twarza-botoks-to-tylko-poczatek-onet-pl","status":"publish","type":"post","link":"https:\/\/www.europesays.com\/pl\/203660\/","title":{"rendered":"Pytaj\u0105, co zrobi\u0142a sobie z twarz\u0105. Botoks to tylko pocz\u0105tek &#8211; onet.pl"},"content":{"rendered":"<ol>\n<li><a href=\"https:\/\/news.google.com\/rss\/articles\/CBMitgFBVV95cUxPZDN5MnJ6ZUNKdklXcTNGNmxROHNDRC1LWTYxU3ctNWp1QlBWMHNKbVJVQlU5eGp0NkFVeDNiU0ZYWHNibHFYTTB1TjUteE5qUDhucXRrdU1UM3VrNnptRkp4SHFvenpPYjNmdWtyMmJxSG5ScXVLSGIzYUw5aENKOGVCaVVQVmxpY3pfR1FJQUlnby12S0wxMFI4VzFONDZnRktHVDBvUXZyeHBfcVJIcmtUQmJkQQ?oc=5\" target=\"_blank\" rel=\"nofollow noopener\">Pytaj\u0105, co zrobi\u0142a sobie z twarz\u0105. Botoks to tylko pocz\u0105tek<\/a>&nbsp;&nbsp;onet.pl<\/li>\n<li><a href=\"https:\/\/news.google.com\/rss\/articles\/CBMi3gFBVV95cUxNMHFlXzV5YnlqUUlCLUJHLUltUk1WWlVHTFlpOXREcF9nclpfWkllaXowVWpYdV9TOHhXR0JvczR1RTFsd1ZoeU9NM1ZBeEhTM0hPNm5TWDlUYXh0c2x2T1BCY2pDemtqd2FNenRSNU1lZWIzSHdqRmtjZ2Z5WUhGMGtBcXpwZ3BucGs5WEpESmJRdGVDR01BYzNjTlNDOWI0dXBadGdmU2tKR2hWRWZwMlNhQXpWZ3VzWmlWTVJXNWI5OFNzd2N4OFhEdU4tbV9fTmdPWDVpUVF2YWcwZEE?oc=5\" target=\"_blank\" rel=\"nofollow noopener\">\u2014 My\u015bl\u0119, \u017ce skorzysta\u0142a z dobrodziejstw medycyny estetycznej \u2014 stwierdza specjalista, kt\u00f3ry ju\u017c kiedy\u015b&#8230;<\/a>&nbsp;&nbsp;onet.pl<\/li>\n<li><a href=\"https:\/\/news.google.com\/rss\/articles\/CBMimwFBVV95cUxOTjNfeWlxNnVFZEU2aVNGaWF1RlpEeVBrVExpbHUxQnlBeFp2WnBnVF9NYTFYb19tTXFGTTRLaW5WQWY0UnNseG1PZXpyZXJ4QTlKNXpESmVwOUZrWXNxQmpKSU5FTmFLSlZKaGNlWUNtRTBpZk1md2xsREdFQzg5WnVCZVJyZUhWMDRVWHg5SGpIdkpKSkQzcFh2NA?oc=5\" target=\"_blank\" rel=\"nofollow noopener\">Ods\u0142oni\u0142a brzuch na Z\u0142otych Globach. \u201eA\u017c przykro patrze\u0107\u201d<\/a>&nbsp;&nbsp;Telemagazyn<\/li>\n<li><a href=\"https:\/\/news.google.com\/rss\/articles\/CBMingFBVV95cUxPQngxOFJDcDlNbWFidDMtYzBJNnktbjF4UTljM0RYT3B6eTlPUTBFRFZkSEVjcnNpRHBPTkI3TUZWckpPRTdBSWZ4QlZHaEsyc1lIV1dBMFJxeEs5SzBRZ0xNN1FCWnVLRVdBOW1TT0QycGlYdWhMM3pqWmdXZFE1Q2dJa2M5bnJmcWVxd2ZiRTVxS29RSVQzQmJOc1JEQQ?oc=5\" target=\"_blank\" rel=\"nofollow noopener\">Z\u0142ote Globy 2026. Emma Stone pokaza\u0142a brzuch na gali. Fala krytyki<\/a>&nbsp;&nbsp;Plejada<\/li>\n<li><a href=\"https:\/\/news.google.com\/rss\/articles\/CBMiigJBVV95cUxNVm9yUlRPOEVOLWszM1lNYWJXcGNMb0hlM1VOUEJMbllramo4T3R3M1hZZTRPbFVPS2lROThuTXYwTzJFekhVajQ5dUN1S2FJSTBTMmN2Ui1lQXB3bjNVcTNmV05YV2RTcDZvMDJzUWpLOExMQ1pGY3ZpYU5vZFBTTzJWZXlHbTFLT0I5MVNydExYTTV3TURGdmFWY0dTQkZveWstU18zeTBYUHhPX0EtQXd6NGlVSVEzbEpob1ZBNnBpS3lQNGYyRFJEVHZpX2pvS3B1aW0yMzJXYmJNSi1CcFBFMklsaVljSV9qeG1idzZTTjRqYTEtX2tXQWs0RXZwY3B2S3U5LWR1dw?oc=5\" target=\"_blank\" rel=\"nofollow noopener\">Z\u0142ote Globy 2026. Emma Stone ods\u0142oni\u0142a umi\u0119\u015bniony brzuch (FOTO)<\/a>&nbsp;&nbsp;Pudelek<\/li>\n<\/ol>\n","protected":false},"excerpt":{"rendered":"Pytaj\u0105, co zrobi\u0142a sobie z twarz\u0105. Botoks to tylko pocz\u0105tek&nbsp;&nbsp;onet.pl \u2014 My\u015bl\u0119, \u017ce skorzysta\u0142a z dobrodziejstw medycyny estetycznej&hellip;\n","protected":false},"author":2,"featured_media":203661,"comment_status":"","ping_status":"","sticky":false,"template":"","format":"standard","meta":{"footnotes":""},"categories":[22],"tags":[39213,39214,8226,122,67,53,52,68,51,55,42,38,40,39,41,123,47,196,65,50],"class_list":{"0":"post-203660","1":"post","2":"type-post","3":"status-publish","4":"format-standard","5":"has-post-thumbnail","7":"category-rozrywka","8":"tag-beauty","9":"tag-botoks_toksyna_botulinowa","10":"tag-emma_stone","11":"tag-entertainment","12":"tag-intextvideo_splayer","13":"tag-new_header","14":"tag-onet3","15":"tag-onet3d","16":"tag-onet3d_2i","17":"tag-phx","18":"tag-pl","19":"tag-poland","20":"tag-polish","21":"tag-polska","22":"tag-polski","23":"tag-rozrywka","24":"tag-screening_general","25":"tag-styl_zycia","26":"tag-update_me","27":"tag-v2021"},"share_on_mastodon":{"url":"https:\/\/pubeurope.com\/@pl\/115892382786609332","error":""},"_links":{"self":[{"href":"https:\/\/www.europesays.com\/pl\/wp-json\/wp\/v2\/posts\/203660","targetHints":{"allow":["GET"]}}],"collection":[{"href":"https:\/\/www.europesays.com\/pl\/wp-json\/wp\/v2\/posts"}],"about":[{"href":"https:\/\/www.europesays.com\/pl\/wp-json\/wp\/v2\/types\/post"}],"author":[{"embeddable":true,"href":"https:\/\/www.europesays.com\/pl\/wp-json\/wp\/v2\/users\/2"}],"replies":[{"embeddable":true,"href":"https:\/\/www.europesays.com\/pl\/wp-json\/wp\/v2\/comments?post=203660"}],"version-history":[{"count":0,"href":"https:\/\/www.europesays.com\/pl\/wp-json\/wp\/v2\/posts\/203660\/revisions"}],"wp:featuredmedia":[{"embeddable":true,"href":"https:\/\/www.europesays.com\/pl\/wp-json\/wp\/v2\/media\/203661"}],"wp:attachment":[{"href":"https:\/\/www.europesays.com\/pl\/wp-json\/wp\/v2\/media?parent=203660"}],"wp:term":[{"taxonomy":"category","embeddable":true,"href":"https:\/\/www.europesays.com\/pl\/wp-json\/wp\/v2\/categories?post=203660"},{"taxonomy":"post_tag","embeddable":true,"href":"https:\/\/www.europesays.com\/pl\/wp-json\/wp\/v2\/tags?post=203660"}],"curies":[{"name":"wp","href":"https:\/\/api.w.org\/{rel}","templated":true}]}}