{"id":203662,"date":"2026-01-14T07:57:08","date_gmt":"2026-01-14T07:57:08","guid":{"rendered":"https:\/\/www.europesays.com\/pl\/203662\/"},"modified":"2026-01-14T07:57:08","modified_gmt":"2026-01-14T07:57:08","slug":"wydadza-500-mln-euro-to-efekt-wyciagania-wnioskow-z-wojny-w-ukrainie-wp-tech","status":"publish","type":"post","link":"https:\/\/www.europesays.com\/pl\/203662\/","title":{"rendered":"Wydadz\u0105 500 mln euro. To efekt wyci\u0105gania wniosk\u00f3w z wojny w Ukrainie &#8211; WP Tech"},"content":{"rendered":"<ol>\n<li><a href=\"https:\/\/news.google.com\/rss\/articles\/CBMiqAFBVV95cUxOMHZlU0dRVmswaUJMLXljWWtnekhPcnA2UElWOEt0dzh6YVdHSFVxcHZ4Z19rMzJ0ZG8wdkdFdXJKSDd5c2Z6ZU10LTNOV3d5VGhKbi1QVGJuVGxsSWZFM1hEQWxoVDVzV0l5R3g1SkllX0tNZ3FNeGZpMXpTeWRnX0NqQWJ5bUlSbGtGSEJPSVNLckZXUjU3NEk4RWJMa05zMWNkUVBkaHY?oc=5\" target=\"_blank\" rel=\"nofollow noopener\">Wydadz\u0105 500 mln euro. To efekt wyci\u0105gania wniosk\u00f3w z wojny w Ukrainie<\/a>&nbsp;&nbsp;WP Tech<\/li>\n<li><a href=\"https:\/\/news.google.com\/rss\/articles\/CBMinAFBVV95cUxPWm1NMEozbGRmVFJGUUFuV2FQamFod0xhdzJqZjBBRGIwdlh3Q0tpOHBubUc5R3VxSzlWaFNQYVI3RkxDU3FSclFrSVlqWDVIQ1hpMDdTUlk4NG42NGhBS0UzREFoLXBWaG0tcmpsdkhzV3laU2dyUDVDaHdOVk0teG56MTdJeHRaLVdkRXh4dVJ6MDlQVldJaUxHaWI?oc=5\" target=\"_blank\" rel=\"nofollow noopener\">Europejczycy id\u0105 na swoje. Kolejne pa\u0144stwo kupuje satelity niezale\u017cne od USA<\/a>&nbsp;&nbsp;Rzeczpospolita<\/li>\n<li><a href=\"https:\/\/news.google.com\/rss\/articles\/CBMi2AFBVV95cUxNanBhcXZJMDJqbWtFNlJoN2o5emtYT0VETmtVMDBGYXV2Q1FlcFFKZDZKc1pUYkF5UVprMEhsMkxiWjliVFYtUkVtSU5CVGgydU9xZktWLUVFdW54Tnd0dXl0eklfTHI1c2dfVl90YmFyclJIRmtlZS1ndTVfOU5GUjBBREtKZENsTnYzcXdHV2ZOdUx1bVBZS2hSWHBxNTd1MHJ4eVd2a2p0OG84VnJaeFEyaDM4VkoxYXlxWGJLVlZtMXRlS0sxY2hlMmNHM0tfMXktQ0lmSF8?oc=5\" target=\"_blank\" rel=\"nofollow noopener\">Finlandia: Minister obrony: zakup przez Szwecj\u0119 satelit\u00f3w radarowych wa\u017cny dla bezpiecze\u0144stwa Skandynawii<\/a>&nbsp;&nbsp;wnp.pl<\/li>\n<li><a href=\"https:\/\/news.google.com\/rss\/articles\/CBMitgFBVV95cUxQVjBOTG5KVktEY2twT3V0YWxqX1hMdVd6OTF2ay1ncXdHSVVmNFFvdlo0c3poblRaWXZiWFhfZVhRMHZjbjJpNWhYS1ZfNVI0Q1Myd2Uyb1U3UXgzVVAyaVpPYXRZSjRqWUREcFVRdG90NWlyVzFDQV9RZFg2VXg2SzNURFh4OVNzdmhWa0ltM0QxVEJZTTdhV2RZYXg1WUFGRUFPR2J3RmpmS2dFT3dsd3BUZWczdw?oc=5\" target=\"_blank\" rel=\"nofollow noopener\">Polsko-fi\u0144ska firma podpisa\u0142a kontrakt ze szwedzk\u0105 armi\u0105. Kolejny kraj z satelitami SAR<\/a>&nbsp;&nbsp;Wyborcza.biz<\/li>\n<li><a href=\"https:\/\/news.google.com\/rss\/articles\/CBMivAFBVV95cUxNcEJqeDIwZFJiV2RKUVNDQm9LdzdfdTZibGFwMjFmSkFFUlAxSVVOclFUR1JFNXJVWGhSTTVfQmphdXg1LW5RMVZpN2Fad0ZMTlQ2TVh1bWIzcGJVLXpTTFFrRWF1NnFpdjd2Q2w1ME9tWndKQUxEakwxUlJURTVwenNTakNtX0hwM1N2blExLUpmdkdvbVJGVmtTckF1X28wNGluMEpMbjliWTVlOVEwOGpPdlNDV1VsTXFqWQ?oc=5\" target=\"_blank\" rel=\"nofollow noopener\">Fi\u0144sko-polskie oczy dla szwedzkiej armii. Iceye dostarczy satelity<\/a>&nbsp;&nbsp;Money.pl<\/li>\n<\/ol>\n","protected":false},"excerpt":{"rendered":"Wydadz\u0105 500 mln euro. To efekt wyci\u0105gania wniosk\u00f3w z wojny w Ukrainie&nbsp;&nbsp;WP Tech Europejczycy id\u0105 na swoje. Kolejne&hellip;\n","protected":false},"author":2,"featured_media":203663,"comment_status":"","ping_status":"","sticky":false,"template":"","format":"standard","meta":{"footnotes":""},"categories":[16],"tags":[113,112,42,38,40,39,41],"class_list":{"0":"post-203662","1":"post","2":"type-post","3":"status-publish","4":"format-standard","5":"has-post-thumbnail","7":"category-biznes","8":"tag-biznes","9":"tag-business","10":"tag-pl","11":"tag-poland","12":"tag-polish","13":"tag-polska","14":"tag-polski"},"share_on_mastodon":{"url":"https:\/\/pubeurope.com\/@pl\/115892390793283264","error":""},"_links":{"self":[{"href":"https:\/\/www.europesays.com\/pl\/wp-json\/wp\/v2\/posts\/203662","targetHints":{"allow":["GET"]}}],"collection":[{"href":"https:\/\/www.europesays.com\/pl\/wp-json\/wp\/v2\/posts"}],"about":[{"href":"https:\/\/www.europesays.com\/pl\/wp-json\/wp\/v2\/types\/post"}],"author":[{"embeddable":true,"href":"https:\/\/www.europesays.com\/pl\/wp-json\/wp\/v2\/users\/2"}],"replies":[{"embeddable":true,"href":"https:\/\/www.europesays.com\/pl\/wp-json\/wp\/v2\/comments?post=203662"}],"version-history":[{"count":0,"href":"https:\/\/www.europesays.com\/pl\/wp-json\/wp\/v2\/posts\/203662\/revisions"}],"wp:featuredmedia":[{"embeddable":true,"href":"https:\/\/www.europesays.com\/pl\/wp-json\/wp\/v2\/media\/203663"}],"wp:attachment":[{"href":"https:\/\/www.europesays.com\/pl\/wp-json\/wp\/v2\/media?parent=203662"}],"wp:term":[{"taxonomy":"category","embeddable":true,"href":"https:\/\/www.europesays.com\/pl\/wp-json\/wp\/v2\/categories?post=203662"},{"taxonomy":"post_tag","embeddable":true,"href":"https:\/\/www.europesays.com\/pl\/wp-json\/wp\/v2\/tags?post=203662"}],"curies":[{"name":"wp","href":"https:\/\/api.w.org\/{rel}","templated":true}]}}