{"id":203664,"date":"2026-01-14T07:58:07","date_gmt":"2026-01-14T07:58:07","guid":{"rendered":"https:\/\/www.europesays.com\/pl\/203664\/"},"modified":"2026-01-14T07:58:07","modified_gmt":"2026-01-14T07:58:07","slug":"w-usa-chca-zablokowac-zadania-trumpa-wobec-grenlandii-gleboko-niepokojace","status":"publish","type":"post","link":"https:\/\/www.europesays.com\/pl\/203664\/","title":{"rendered":"W USA chc\u0105 zablokowa\u0107 \u017c\u0105dania Trumpa wobec Grenlandii. &#8222;G\u0142\u0119boko niepokoj\u0105ce&#8221;"},"content":{"rendered":"\n<p class=\"article_p\" data-section=\"detail-body\">W odpowiedzi Trump powiedzia\u0142: &#8222;To ich problem. Nie zgadzam si\u0119 z nim&#8221;. W obawie, \u017ce prezydent USA by\u0142by got\u00f3w na zbrojne zaj\u0119cie Grenlandii, senatorowie USA przedstawili projekt ustawy. Mia\u0142aby zakazywa\u0107 Pentagonowi i Departamentowi Stanu wykorzystywania \u015brodk\u00f3w przydzielonych przez Kongres do &#8222;blokady, okupacji, aneksji, prowadzenia operacji wojskowych przeciwko lub w inny spos\u00f3b przejmowania kontroli&#8221; nad terytorium pa\u0144stwa cz\u0142onkowskiego NATO.<\/p>\n<p class=\"article_p\" data-section=\"detail-body\">Zobacz tak\u017ce: <a href=\"https:\/\/wiadomosci.onet.pl\/swiat\/trump-mial-wydac-rozkaz-w-sprawie-grenlandii-generalowie-uznali-plan-za-szalony\/e7s9hgp\" id=\"c7470d84-c7e2-4e73-a765-55f5ab4998ea\" rel=\"nofollow noopener\" target=\"_blank\">Donald Trump mia\u0142 wyda\u0107 rozkaz w sprawie Grenlandii. Genera\u0142owie uznali plan za &#8222;szalony&#8221;<\/a><\/p>\n<p>        Ekspert o Trumpie: powstrzymanie tego prezydenta jest szczeg\u00f3lnie trudne<\/p>\n<p class=\"article_p\" data-section=\"detail-body\">Projekt zosta\u0142 przedstawiony przez senator Jeanne Shaheen, czo\u0142ow\u0105 demokratk\u0119 w senackiej komisji ds. spraw zagranicznych, oraz republikank\u0119 Lis\u0105 Murkowski. &#8222;To nasze sojusze z NATO wyr\u00f3\u017cniaj\u0105 Stany Zjednoczone od naszych przeciwnik\u00f3w. Sama my\u015bl, \u017ce Ameryka wykorzysta\u0142aby nasze ogromne zasoby przeciwko sojusznikom, jest g\u0142\u0119boko niepokoj\u0105ca i musi zosta\u0107 ca\u0142kowicie odrzucona przez Kongres w ustawie&#8221; \u2014 powiedzia\u0142a Murkowski, cytowana przez &#8222;FT&#8221;.<\/p>\n<p>            Czytaj tak\u017ce w BUSINESS INSIDER<\/p>\n<p class=\"article_p\" data-section=\"detail-body\">W poniedzia\u0142ek podobn\u0105 ustaw\u0119 przedstawiono w Izbie Reprezentant\u00f3w. Tymczasem republika\u0144scy sojusznicy Trumpa w Kongresie staraj\u0105 si\u0119 bagatelizowa\u0107 perspektyw\u0119, \u017ce USA mog\u0142yby u\u017cy\u0107 si\u0142y do zaj\u0119cia Grenlandii. &#8222;Nie s\u0105dz\u0119, \u017ceby ktokolwiek to rozwa\u017ca\u0142&#8221; \u2014 powiedzia\u0142 we wtorek Mike Johnson, przewodnicz\u0105cy Izby Reprezentant\u00f3w.<\/p>\n<p class=\"article_p\" data-section=\"detail-body\">Zobacz tak\u017ce: <a href=\"https:\/\/podroze.onet.pl\/trump-siega-po-grenlandie-scenariusz-rodem-z-filmow-science-fiction\/q8nqvs3\" id=\"15c1a955-7fa6-4a12-8cff-271d5b76fe8c\" rel=\"nofollow noopener\" target=\"_blank\">&#8222;Nie jeste\u015bmy na sprzeda\u017c&#8221;. Trump si\u0119ga po Grenlandi\u0119<\/a><\/p>\n<p class=\"article_p\" data-section=\"detail-body\">Jak zwraca uwag\u0119 &#8222;FT&#8221;, konstytucja USA przyznaje Kongresowi wy\u0142\u0105czne prawo do wypowiadania wojny, ale w praktyce jego rola jest coraz s\u0142absza, st\u0105d odpowiednia ustawa mo\u017ce by\u0107 konieczna. &#8222;Powstrzymanie tego konkretnego prezydenta jest szczeg\u00f3lnie trudne, ale s\u0105 sposoby, by Kongres m\u00f3g\u0142 to zrobi\u0107, je\u015bli tylko zdo\u0142a zebra\u0107 cho\u0107 odrobin\u0119 woli politycznej&#8221; \u2014 powiedzia\u0142 &#8222;FT&#8221; Matthew Waxman, przewodnicz\u0105cy programu Prawa Bezpiecze\u0144stwa Narodowego na Columbia Law School.<\/p>\n","protected":false},"excerpt":{"rendered":"W odpowiedzi Trump powiedzia\u0142: &#8222;To ich problem. Nie zgadzam si\u0119 z nim&#8221;. W obawie, \u017ce prezydent USA by\u0142by&hellip;\n","protected":false},"author":2,"featured_media":203665,"comment_status":"","ping_status":"","sticky":false,"template":"","format":"standard","meta":{"footnotes":""},"categories":[14],"tags":[32,33,27,34,35,28,31,25,40,41,80,29,30,26,82,83,84],"class_list":{"0":"post-203664","1":"post","2":"type-post","3":"status-publish","4":"format-standard","5":"has-post-thumbnail","7":"category-swiat","8":"tag-breaking-news","9":"tag-breakingnews","10":"tag-headlines","11":"tag-latest-news","12":"tag-latestnews","13":"tag-naglowki","14":"tag-najwazniejsze-artykuly","15":"tag-news","16":"tag-polish","17":"tag-polski","18":"tag-swiat","19":"tag-top-stories","20":"tag-topstories","21":"tag-wiadomosci","22":"tag-world","23":"tag-world-news","24":"tag-worldnews"},"share_on_mastodon":{"url":"https:\/\/pubeurope.com\/@pl\/115892394639458102","error":""},"_links":{"self":[{"href":"https:\/\/www.europesays.com\/pl\/wp-json\/wp\/v2\/posts\/203664","targetHints":{"allow":["GET"]}}],"collection":[{"href":"https:\/\/www.europesays.com\/pl\/wp-json\/wp\/v2\/posts"}],"about":[{"href":"https:\/\/www.europesays.com\/pl\/wp-json\/wp\/v2\/types\/post"}],"author":[{"embeddable":true,"href":"https:\/\/www.europesays.com\/pl\/wp-json\/wp\/v2\/users\/2"}],"replies":[{"embeddable":true,"href":"https:\/\/www.europesays.com\/pl\/wp-json\/wp\/v2\/comments?post=203664"}],"version-history":[{"count":0,"href":"https:\/\/www.europesays.com\/pl\/wp-json\/wp\/v2\/posts\/203664\/revisions"}],"wp:featuredmedia":[{"embeddable":true,"href":"https:\/\/www.europesays.com\/pl\/wp-json\/wp\/v2\/media\/203665"}],"wp:attachment":[{"href":"https:\/\/www.europesays.com\/pl\/wp-json\/wp\/v2\/media?parent=203664"}],"wp:term":[{"taxonomy":"category","embeddable":true,"href":"https:\/\/www.europesays.com\/pl\/wp-json\/wp\/v2\/categories?post=203664"},{"taxonomy":"post_tag","embeddable":true,"href":"https:\/\/www.europesays.com\/pl\/wp-json\/wp\/v2\/tags?post=203664"}],"curies":[{"name":"wp","href":"https:\/\/api.w.org\/{rel}","templated":true}]}}