{"id":203666,"date":"2026-01-14T07:59:09","date_gmt":"2026-01-14T07:59:09","guid":{"rendered":"https:\/\/www.europesays.com\/pl\/203666\/"},"modified":"2026-01-14T07:59:09","modified_gmt":"2026-01-14T07:59:09","slug":"krakow-zabojstwo-na-osiedlu-strusia-w-2003-r-po-latach-wznowiono-sledztwo-jest-przelom","status":"publish","type":"post","link":"https:\/\/www.europesays.com\/pl\/203666\/","title":{"rendered":"Krak\u00f3w. Zab\u00f3jstwo na Osiedlu Strusia w 2003 r. Po latach wznowiono \u015bledztwo, jest prze\u0142om"},"content":{"rendered":"<p>Zagadka kryminalna sprzed lat rozwi\u0105zana. W r\u0119ce s\u0142u\u017cb wpad\u0142 Dominik B. &#8211; niegdy\u015b aktywny pseudokibic w Krakowie, kt\u00f3remu zarzuca si\u0119 zab\u00f3jstwo 23-letniego Filipa H. latem 2003 r. na Osiedlu Strusia w stolicy Ma\u0142opolski. \u015aledczy CB\u015aP wr\u00f3cili do niewyja\u015bnionej sprawy i wiele miesi\u0119cy drobiazgowej i \u017cmudnej pracy doprowadzi\u0142o ich do zatrzymania m\u0119\u017cczyzny. Dominik B. decyzj\u0105 s\u0105du zosta\u0142 tymczasowo aresztowany i grozi mu nawet do\u017cywocie.<\/p>\n<p>                         &#13;<br \/>\n        &#13;<\/p>\n<p>                                        &#13;<br \/>\n                        &#13;<br \/>\n                            <img decoding=\"async\" src=\"https:\/\/www.europesays.com\/pl\/wp-content\/uploads\/2026\/01\/000M71AYRDLTEIDD-C123-F4.jpg\" title=\"Brutalne zab\u00f3jstwo kibica w Krakowie. Prze\u0142om w sprawie\" alt=\"Dominik B. us\u0142ysza\u0142 zarzuty \/CB\u015aP\" class=\"img-responsive\"\/>&#13;<\/p>\n<p>                            &#13;<\/p>\n<p>      &#13;<br \/>\n                            Dominik B. us\u0142ysza\u0142 zarzuty&#13;<br \/>\n                                    \/CB\u015aP  &#13;\n                                    <\/p>\n<p>&#13;<\/p>\n<ul class=\"bullet\">\n<li>Po latach policja zatrzyma\u0142a Dominika B., podejrzanego o zab\u00f3jstwo 23-letniego Filipa H. w Krakowie w 2003 roku.<\/li>\n<li>Sprawa, kt\u00f3ra przez lata pozostawa\u0142a niewyja\u015bniona, zosta\u0142a wznowiona dzi\u0119ki \u017cmudnej pracy m.in. CB\u015aP.<\/li>\n<li>Podejrzany m\u0119\u017cczyzna zosta\u0142 tymczasowo aresztowany i grozi mu do\u017cywocie.<\/li>\n<li>Wi\u0119cej aktualnych informacji znajdziesz na\u00a0<a href=\"https:\/\/www.rmf24.pl\" target=\"_blank\" rel=\"noreferrer noopener nofollow\">stronie g\u0142\u00f3wnej RMF24.pl<\/a>.<\/li>\n<\/ul>\n<p>  By\u0142 19 sierpnia 2003 r. Na Osiedlu Strusia w Krakowie, 23-letni w\u00f3wczas Filip H. rozmawia\u0142 z dwoma kolegami w okolicy bloku nr 3. W pewnym momencie zza pobliskich gara\u017cy wy\u0142oni\u0142o si\u0119 dw\u00f3ch m\u0119\u017cczyzn.<\/p>\n<p>Jeden z nich zapyta\u0142 Filipa, czy jest zwi\u0105zany z klubem pi\u0142karskim Wis\u0142a Krak\u00f3w. Kiedy 23-latek potwierdzi\u0142, otrzyma\u0142 jeden cios no\u017cem &#8211; bezpo\u015brednio w okolice serca. Mimo podj\u0119tej reanimacji m\u0142ody m\u0119\u017cczyzna zmar\u0142.<\/p>\n<p>  W wyja\u015bnienie sprawy zaanga\u017cowano dziesi\u0105tki policjant\u00f3w. Sprawa by\u0142a szeroko nag\u0142a\u015bniania w mediach, m.in. w magazynie kryminalnym &#8222;997&#8221;. Uruchomiono r\u00f3wnie\u017c specjaln\u0105 infolini\u0119.<\/p>\n<p>Mimo wszelkich stara\u0144 \u015bledczych nie uda\u0142o si\u0119 w\u00f3wczas zgromadzi\u0107 odpowiednich dowod\u00f3w, pozwalaj\u0105cych na przedstawienie zarzut\u00f3w konkretnym osobom.<\/p>\n<p>    &#13;<br \/>\n        Wideo youtube&#13;<\/p>\n<p>&#13;<br \/>\n                 &#13;\n                <\/p>\n<p>        &#13;<br \/>\n        &#13;<\/p>\n<p>  Do niewyja\u015bnionej sprawy po latach wr\u00f3cili mundurowi krakowskiego zarz\u0105du CB\u015aP, pod nadzorem prokurator\u00f3w. \u015aledczy, kt\u00f3rzy wznowili prace nad t\u0105 spraw\u0105, na co dzie\u0144 zajmuj\u0105 si\u0119 zwalczaniem zorganizowanej przest\u0119pczo\u015bci zwi\u0105zanej ze \u015brodowiskami pseudokibic\u00f3w klub\u00f3w sportowych.<\/p>\n<p>Przeprowadzili oni drobiazgowe, \u017cmudne \u015bledztwo, kt\u00f3re doprowadzi\u0142o do wytypowania podejrzanego w tej sprawie i zatrzymania go.<\/p>\n<p>  W r\u0119ce s\u0142u\u017cb wpad\u0142 Dominik B. To niegdy\u015b aktywny w Krakowie pseudokibic klubu pi\u0142karskiego dru\u017cyny zwa\u015bnionej.<\/p>\n<p>Zgromadzony materia\u0142 dowodowy pozwoli\u0142 na przestawienie mu zarzutu zab\u00f3jstwa. Grozi mu za to nawet do\u017cywocie. M\u0119\u017cczyzna decyzj\u0105 krakowskiego s\u0105du zosta\u0142 tymczasowo aresztowany.<\/p>\n<p>  \u015aledczy podkre\u015blaj\u0105, \u017ce najci\u0119\u017csze przest\u0119pstwa, w szczeg\u00f3lno\u015bci te pope\u0142niane z pobudek pseudokibicowskich, nie ulegaj\u0105 zapomnieniu.<\/p>\n<p>S\u0142u\u017cby wracaj\u0105 do niewyja\u015bnionych spraw i cz\u0119sto doprowadzaj\u0105 je do fina\u0142u, korzystaj\u0105c z nowoczesnych narz\u0119dzi i technologii, kt\u00f3re niegdy\u015b nie by\u0142y dost\u0119pne. Up\u0142yw czasu &#8211; nawet wielu lat &#8211; nie chroni sprawc\u00f3w najci\u0119\u017cszych zbrodni przed odpowiedzialno\u015bci\u0105.<\/p>\n","protected":false},"excerpt":{"rendered":"Zagadka kryminalna sprzed lat rozwi\u0105zana. W r\u0119ce s\u0142u\u017cb wpad\u0142 Dominik B. &#8211; niegdy\u015b aktywny pseudokibic w Krakowie, kt\u00f3remu&hellip;\n","protected":false},"author":2,"featured_media":203667,"comment_status":"","ping_status":"","sticky":false,"template":"","format":"standard","meta":{"footnotes":""},"categories":[12],"tags":[32,33,36,37,27,34,35,28,31,25,42,38,40,39,41,29,30,26],"class_list":{"0":"post-203666","1":"post","2":"type-post","3":"status-publish","4":"format-standard","5":"has-post-thumbnail","7":"category-polska","8":"tag-breaking-news","9":"tag-breakingnews","10":"tag-featured-news","11":"tag-featurednews","12":"tag-headlines","13":"tag-latest-news","14":"tag-latestnews","15":"tag-naglowki","16":"tag-najwazniejsze-artykuly","17":"tag-news","18":"tag-pl","19":"tag-poland","20":"tag-polish","21":"tag-polska","22":"tag-polski","23":"tag-top-stories","24":"tag-topstories","25":"tag-wiadomosci"},"share_on_mastodon":{"url":"https:\/\/pubeurope.com\/@pl\/115892398610186633","error":""},"_links":{"self":[{"href":"https:\/\/www.europesays.com\/pl\/wp-json\/wp\/v2\/posts\/203666","targetHints":{"allow":["GET"]}}],"collection":[{"href":"https:\/\/www.europesays.com\/pl\/wp-json\/wp\/v2\/posts"}],"about":[{"href":"https:\/\/www.europesays.com\/pl\/wp-json\/wp\/v2\/types\/post"}],"author":[{"embeddable":true,"href":"https:\/\/www.europesays.com\/pl\/wp-json\/wp\/v2\/users\/2"}],"replies":[{"embeddable":true,"href":"https:\/\/www.europesays.com\/pl\/wp-json\/wp\/v2\/comments?post=203666"}],"version-history":[{"count":0,"href":"https:\/\/www.europesays.com\/pl\/wp-json\/wp\/v2\/posts\/203666\/revisions"}],"wp:featuredmedia":[{"embeddable":true,"href":"https:\/\/www.europesays.com\/pl\/wp-json\/wp\/v2\/media\/203667"}],"wp:attachment":[{"href":"https:\/\/www.europesays.com\/pl\/wp-json\/wp\/v2\/media?parent=203666"}],"wp:term":[{"taxonomy":"category","embeddable":true,"href":"https:\/\/www.europesays.com\/pl\/wp-json\/wp\/v2\/categories?post=203666"},{"taxonomy":"post_tag","embeddable":true,"href":"https:\/\/www.europesays.com\/pl\/wp-json\/wp\/v2\/tags?post=203666"}],"curies":[{"name":"wp","href":"https:\/\/api.w.org\/{rel}","templated":true}]}}