{"id":203677,"date":"2026-01-14T08:06:10","date_gmt":"2026-01-14T08:06:10","guid":{"rendered":"https:\/\/www.europesays.com\/pl\/203677\/"},"modified":"2026-01-14T08:06:10","modified_gmt":"2026-01-14T08:06:10","slug":"byly-wojt-zelazkowa-nie-zyje-sylwiusz-jakubowski-mial-66-lat","status":"publish","type":"post","link":"https:\/\/www.europesays.com\/pl\/203677\/","title":{"rendered":"By\u0142y w\u00f3jt \u017belazkowa nie \u017cyje. Sylwiusz Jakubowski mia\u0142 66 lat"},"content":{"rendered":"<p>&#8222;Dotar\u0142a do nas smutna wiadomo\u015b\u0107 o \u015bmierci wieloletniego w\u0142odarza gminy \u017belazk\u00f3w. \u0141\u0105czymy si\u0119 w b\u00f3lu z rodzin\u0105 oraz najbli\u017cszymi&#8221; &#8211; czytamy na stronie urz\u0119du. Jak dodano, &#8222;odszed\u0142 cz\u0142owiek, kt\u00f3ry swoj\u0105 prac\u0105 trwale zapisa\u0142 si\u0119 na kartach historii naszej gminy&#8221;.<\/p>\n<p>\u00a0<\/p>\n<p>ZOBACZ: <a href=\"https:\/\/www.polsatnews.pl\/wiadomosc\/2021-03-16\/wielkopolskie-wojt-zelazkowa-adoptowal-psa-zwrocil-go-do-schroniska-po-pieciu-dniach\/\" rel=\"nofollow noopener\" target=\"_blank\">Wielkopolskie. W\u00f3jt \u017belazkowa adoptowa\u0142 psa. Zwr\u00f3ci\u0142 go do schroniska po pi\u0119ciu dniach<\/a><\/p>\n<p>\u00a0<\/p>\n<p>Sylwiusz Jakubowski zmar\u0142 na oddziale intensywnej terapii kaliskiego szpitala. Nie podano oficjalnej przyczyny zgonu. Wiadomo jednak, \u017ce Jakubowski od lat zmaga\u0142 si\u0119 z powa\u017cnym uzale\u017cnieniem.<\/p>\n<p>By\u0142y w\u00f3jt \u017belazkowa nie \u017cyje. Urz\u0119dowa\u0142 siedem kadencji<\/p>\n<p>Jakubowski pe\u0142ni\u0142 urz\u0105d w\u00f3jta gminy \u017belazk\u00f3w przez siedem kadencji: w latach 1990-2006, a nast\u0119pnie 2014-2022. W 2024 roku bezskutecznie pr\u00f3bowa\u0142 powr\u00f3ci\u0107 do lokalnej polityki. Znany by\u0142 z licznych eksces\u00f3w, ale przez wiele lat mieszka\u0144cy stali za nim murem.<\/p>\n<p>\u00a0<\/p>\n<p>ZOBACZ: <a href=\"https:\/\/www.polsatnews.pl\/wiadomosc\/2020-06-22\/wojt-zelazkowa-zglosil-sie-na-komende-byl-poszukiwany-ws-wypadku\/\" rel=\"nofollow noopener\" target=\"_blank\">W\u00f3jt \u017belazkowa zg\u0142osi\u0142 si\u0119 na komend\u0119. By\u0142 poszukiwany ws. wypadku<\/a><\/p>\n<p>\u00a0<\/p>\n<p>O by\u0142ym urz\u0119dniku zrobi\u0142o si\u0119 g\u0142o\u015bno w ca\u0142ej Polsce, gdy w 2016 roku udziela\u0142 \u015blubu pod wp\u0142ywem alkoholu. Od tego czasu sylwetka urz\u0119dnika wielokrotnie pojawia\u0142a si\u0119 w og\u00f3lnopolskich telewizjach w kontek\u015bcie licznych skandali z jego udzia\u0142em.<\/p>\n<p>\u00a0<\/p>\n<p>Przed pi\u0119cioma laty zosta\u0142 skazany przez S\u0105d Rejonowy w Kaliszu na 10 miesi\u0119cy ograniczenia wolno\u015bci w postaci wykonywania prac spo\u0142ecznych przez 30 godzin miesi\u0119cznie. By\u0142 oskar\u017cony m.in. o to, \u017ce w Borkowie Starym grozi\u0142 mieszka\u0144cowi posesji, i\u017c go pobije.<\/p>\n<p>Zmar\u0142 Sylwiusz Jakubowski. Gdy rz\u0105dzi\u0142 \u017belazkowem, o gminie by\u0142o g\u0142o\u015bno<\/p>\n<p>Wcze\u015bniej by\u0142y w\u00f3jt \u017belazkowa zosta\u0142 ukarany za naruszenie nietykalno\u015bci cielesnej policjanta i ra\u017c\u0105ce lekcewa\u017cenie porz\u0105dku prawnego podczas I Kaliskiego Marszu R\u00f3wno\u015bci, za zniewa\u017cenie funkcjonariuszy publicznych i wezwanie stra\u017cak\u00f3w do zdarzenia, kt\u00f3rego nie by\u0142o oraz prowadzenie oficjalnych imprez i wydarze\u0144 pod wp\u0142ywem alkoholu.<\/p>\n<p>\u00a0<\/p>\n<p>ZOBACZ: <a href=\"https:\/\/www.polsatnews.pl\/wiadomosc\/2022-04-13\/wojt-zelazkowa-stracil-mandat-po-15-miesiacach-od-uprawomocnienia-wyroku-przeoczenie\/\" rel=\"nofollow noopener\" target=\"_blank\">W\u00f3jt \u017belazkowa straci\u0142 mandat po 15 miesi\u0105cach od uprawomocnienia wyroku. &#8222;Przeoczenie&#8221;<\/a><\/p>\n<p>\u00a0<\/p>\n<p>W\u00f3jt skazany by\u0142 r\u00f3wnie\u017c w post\u0119powaniu cywilnym za mobbing wobec pracownicy urz\u0119du.\u00a0 Jego kariera zako\u0144czy\u0142a si\u0119 ostatecznie w 2022 roku, gdy zosta\u0142 odwo\u0142any z pe\u0142nionego stanowiska przez wojewod\u0119 wielkopolskiego.<\/p>\n<p>\u00a0<\/p>\n<p>Widzia\u0142e\u015b co\u015b wa\u017cnego? Przy\u015blij zdj\u0119cie, film lub napisz, co si\u0119 sta\u0142o. Skorzystaj z naszej <a href=\"https:\/\/www.polsatnews.pl\/platforma-widzow\/\" target=\"_blank\" rel=\"noopener noreferrer nofollow\">Wrzutni<\/a><\/p>\n<p>                <img decoding=\"async\" src=\"https:\/\/www.europesays.com\/pl\/wp-content\/uploads\/2026\/01\/nyh7aaxf8817ba5sqvy1ki68r5qqognj.jpg\" alt=\"\" itemprop=\"contentUrl\" style=\"position:absolute; width: 100%; max-height: 100%;\"\/><video controls=\"\" controlslist=\"nodownload\" poster=\"https:\/\/www.europesays.com\/pl\/wp-content\/uploads\/2026\/01\/nyh7aaxf8817ba5sqvy1ki68r5qqognj.jpg\" class=\"videoPlayer player6856769 news__video\" data-id=\"6856769\">Twoja przegl\u0105darka nie wspiera odtwarzacza wideo&#8230;<\/video><\/p>\n<p>                <a class=\"news__read-more-button\" href=\"https:\/\/www.polsatnews.pl\/\" rel=\"nofollow noopener\" target=\"_blank\">Czytaj wi\u0119cej<\/a><\/p>\n","protected":false},"excerpt":{"rendered":"&#8222;Dotar\u0142a do nas smutna wiadomo\u015b\u0107 o \u015bmierci wieloletniego w\u0142odarza gminy \u017belazk\u00f3w. \u0141\u0105czymy si\u0119 w b\u00f3lu z rodzin\u0105 oraz&hellip;\n","protected":false},"author":2,"featured_media":203678,"comment_status":"","ping_status":"","sticky":false,"template":"","format":"standard","meta":{"footnotes":""},"categories":[12],"tags":[32,33,36,37,27,34,35,28,31,25,42,38,40,39,41,29,30,26],"class_list":{"0":"post-203677","1":"post","2":"type-post","3":"status-publish","4":"format-standard","5":"has-post-thumbnail","7":"category-polska","8":"tag-breaking-news","9":"tag-breakingnews","10":"tag-featured-news","11":"tag-featurednews","12":"tag-headlines","13":"tag-latest-news","14":"tag-latestnews","15":"tag-naglowki","16":"tag-najwazniejsze-artykuly","17":"tag-news","18":"tag-pl","19":"tag-poland","20":"tag-polish","21":"tag-polska","22":"tag-polski","23":"tag-top-stories","24":"tag-topstories","25":"tag-wiadomosci"},"share_on_mastodon":{"url":"https:\/\/pubeurope.com\/@pl\/115892426163118659","error":""},"_links":{"self":[{"href":"https:\/\/www.europesays.com\/pl\/wp-json\/wp\/v2\/posts\/203677","targetHints":{"allow":["GET"]}}],"collection":[{"href":"https:\/\/www.europesays.com\/pl\/wp-json\/wp\/v2\/posts"}],"about":[{"href":"https:\/\/www.europesays.com\/pl\/wp-json\/wp\/v2\/types\/post"}],"author":[{"embeddable":true,"href":"https:\/\/www.europesays.com\/pl\/wp-json\/wp\/v2\/users\/2"}],"replies":[{"embeddable":true,"href":"https:\/\/www.europesays.com\/pl\/wp-json\/wp\/v2\/comments?post=203677"}],"version-history":[{"count":0,"href":"https:\/\/www.europesays.com\/pl\/wp-json\/wp\/v2\/posts\/203677\/revisions"}],"wp:featuredmedia":[{"embeddable":true,"href":"https:\/\/www.europesays.com\/pl\/wp-json\/wp\/v2\/media\/203678"}],"wp:attachment":[{"href":"https:\/\/www.europesays.com\/pl\/wp-json\/wp\/v2\/media?parent=203677"}],"wp:term":[{"taxonomy":"category","embeddable":true,"href":"https:\/\/www.europesays.com\/pl\/wp-json\/wp\/v2\/categories?post=203677"},{"taxonomy":"post_tag","embeddable":true,"href":"https:\/\/www.europesays.com\/pl\/wp-json\/wp\/v2\/tags?post=203677"}],"curies":[{"name":"wp","href":"https:\/\/api.w.org\/{rel}","templated":true}]}}