{"id":203685,"date":"2026-01-14T08:11:11","date_gmt":"2026-01-14T08:11:11","guid":{"rendered":"https:\/\/www.europesays.com\/pl\/203685\/"},"modified":"2026-01-14T08:11:11","modified_gmt":"2026-01-14T08:11:11","slug":"chca-koszyka-niemieckiego-w-supermarketach-i-dyskontach-powod-jest-jeden-sklepy-juz-reaguja","status":"publish","type":"post","link":"https:\/\/www.europesays.com\/pl\/203685\/","title":{"rendered":"Chc\u0105 'koszyka niemieckiego&#8217; w supermarketach i dyskontach. Pow\u00f3d jest jeden. Sklepy ju\u017c reaguj\u0105"},"content":{"rendered":"<p class=\"art_paragraph\">Ze wzgl\u0119du na znaczny wzrost <a href=\"https:\/\/next.gazeta.pl\/ceny#anchorLink\" rel=\"nofollow noopener\" target=\"_blank\">cen<\/a> \u017cywno\u015bci SPD chce, aby sieci handlowe dobrowolnie oferowa\u0142y w swoich <a href=\"https:\/\/next.gazeta.pl\/sklep#anchorLink\" rel=\"nofollow noopener\" target=\"_blank\">sklepach<\/a> &#8222;koszyk niemiecki&#8221;. Jest to koszyk z niedrogimi, stabilnymi cenowo podstawowymi produktami spo\u017cywczymi pochodz\u0105cymi z produkcji niemieckiej. Celem jest odci\u0105\u017cenie konsument\u00f3w. Jak dyskonty i supermarkety reaguj\u0105 na t\u0119 propozycj\u0119?<\/p>\n<p> Szczeg\u00f3lnie marki w\u0142asne<\/p>\n<p class=\"art_paragraph\">Grupa Rewe poinformowa\u0142a w odpowiedzi na zapytanie, \u017ce wdro\u017cy\u0142a ju\u017c liczne \u015brodki maj\u0105ce na celu zapewnienie dost\u0119pno\u015bci tanich produkt\u00f3w: &#8222;Szczeg\u00f3lnie nasze asortymenty marek w\u0142asnych w Rewe i Penny oferuj\u0105 zasadniczo szeroki wyb\u00f3r produkt\u00f3w w przyst\u0119pnych cenach&#8221;. Promocje cenowe i programy lojalno\u015bciowe zapewniaj\u0105 konsumentom dodatkowe korzy\u015bci cenowe. Ponadto od lat wspieramy og\u00f3lnokrajowe inicjatywy zwi\u0105zane z <a href=\"https:\/\/next.gazeta.pl\/bank#anchorLink\" rel=\"nofollow noopener\" target=\"_blank\">bankami<\/a> \u017cywno\u015bci.<\/p>\n<p>\n    Zobacz wideo Mazowiecki startowa\u0142 do Belwederu przy inflacji rz\u0119du 600 procent!\n  <\/p>\n<p class=\"art_paragraph\">Sie\u0107 handlowa <a href=\"https:\/\/next.gazeta.pl\/next\/7,151003,29943642,sanepid-wykryl-salmonelle-w-jajkach-sprzedawanych-przez-kaufland.html#anchorLink\" rel=\"nofollow noopener\" target=\"_blank\">Kaufland<\/a> podkre\u015bli\u0142a, \u017ce rosn\u0105ce <a href=\"https:\/\/next.gazeta.pl\/next\/0,151003.html#anchorLink\" rel=\"nofollow noopener\" target=\"_blank\">koszty<\/a> utrzymania stanowi\u0105 obecnie wyzwanie dla wielu os\u00f3b. \u015awiadome od\u017cywianie nie powinno by\u0107 kwesti\u0105 zasobno\u015bci portfela: &#8222;Dlatego ju\u017c teraz oferujemy naszym klientom jeden z najwi\u0119kszych asortyment\u00f3w produkt\u00f3w spo\u017cywczych niemieckiej produkcji w przyst\u0119pnych cenach&#8221;. Celem jest przekazanie korzy\u015bci zakupowych klientom.<\/p>\n<p> Lidl chce &#8222;odci\u0105\u017cy\u0107 finansowo&#8221; klient\u00f3w<\/p>\n<p class=\"art_paragraph\">Sieci dyskont\u00f3w Aldi Nord i Aldi S\u00fcd stwierdzi\u0142y: &#8222;Jako dostawcy podstawowych produkt\u00f3w naszym g\u0142\u00f3wnym zadaniem jest oferowanie wszystkim ludziom niezawodnej jako\u015bci w najlepszej mo\u017cliwej cenie oraz zapewnienie przyst\u0119pnych cenowo produkt\u00f3w podstawowych&#8221;. Tam, gdzie to mo\u017cliwe, korzy\u015bci cenowe s\u0105 przekazywane bezpo\u015brednio klientom.\u00a0<\/p>\n<p class=\"art_paragraph\">Konkurencyjna sie\u0107 Lidl uwa\u017ca za sw\u00f3j g\u0142\u00f3wny cel uatrakcyjnienie zakup\u00f3w dla klient\u00f3w i zapewnienie im korzystnych cen. &#8222;Aktywnie dzia\u0142amy w tym kierunku i konsekwentnie przenosimy spadaj\u0105ce ceny surowc\u00f3w lub korzy\u015bci wynikaj\u0105ce z usprawnienia proces\u00f3w operacyjnych lub \u0142a\u0144cuch\u00f3w dostaw na naszych klient\u00f3w, aby odci\u0105\u017cy\u0107 ich finansowo podczas codziennych zakup\u00f3w&#8221; \u2013 poinformowa\u0142a firma.<\/p>\n<p class=\"art_paragraph\">Sie\u0107 supermarket\u00f3w Edeka nie wypowiedzia\u0142a si\u0119 na ten temat, odsy\u0142aj\u0105c jedynie do Federalnego Stowarzyszenia Niemieckiego Handlu Spo\u017cywczego.<\/p>\n<p class=\"art_paragraph\">(DPA\/jak)<\/p>\n<p class=\"art_paragraph\">Artyku\u0142 pochodzi z serwisu <a href=\"https:\/\/www.dw.com\/pl\/tania-%C5%BCywno%C5%9B%C4%87-podstawowa-co-na-to-sklepy\/a-75492945\" class=\"art_link\" rel=\"nofollow noopener\" target=\"_blank\">Deutsche Welle<\/a><\/p>\n","protected":false},"excerpt":{"rendered":"Ze wzgl\u0119du na znaczny wzrost cen \u017cywno\u015bci SPD chce, aby sieci handlowe dobrowolnie oferowa\u0142y w swoich sklepach &#8222;koszyk&hellip;\n","protected":false},"author":2,"featured_media":203686,"comment_status":"","ping_status":"","sticky":false,"template":"","format":"standard","meta":{"footnotes":""},"categories":[16],"tags":[113,112,42,38,40,39,41],"class_list":{"0":"post-203685","1":"post","2":"type-post","3":"status-publish","4":"format-standard","5":"has-post-thumbnail","7":"category-biznes","8":"tag-biznes","9":"tag-business","10":"tag-pl","11":"tag-poland","12":"tag-polish","13":"tag-polska","14":"tag-polski"},"share_on_mastodon":{"url":"https:\/\/pubeurope.com\/@pl\/115892445765813295","error":""},"_links":{"self":[{"href":"https:\/\/www.europesays.com\/pl\/wp-json\/wp\/v2\/posts\/203685","targetHints":{"allow":["GET"]}}],"collection":[{"href":"https:\/\/www.europesays.com\/pl\/wp-json\/wp\/v2\/posts"}],"about":[{"href":"https:\/\/www.europesays.com\/pl\/wp-json\/wp\/v2\/types\/post"}],"author":[{"embeddable":true,"href":"https:\/\/www.europesays.com\/pl\/wp-json\/wp\/v2\/users\/2"}],"replies":[{"embeddable":true,"href":"https:\/\/www.europesays.com\/pl\/wp-json\/wp\/v2\/comments?post=203685"}],"version-history":[{"count":0,"href":"https:\/\/www.europesays.com\/pl\/wp-json\/wp\/v2\/posts\/203685\/revisions"}],"wp:featuredmedia":[{"embeddable":true,"href":"https:\/\/www.europesays.com\/pl\/wp-json\/wp\/v2\/media\/203686"}],"wp:attachment":[{"href":"https:\/\/www.europesays.com\/pl\/wp-json\/wp\/v2\/media?parent=203685"}],"wp:term":[{"taxonomy":"category","embeddable":true,"href":"https:\/\/www.europesays.com\/pl\/wp-json\/wp\/v2\/categories?post=203685"},{"taxonomy":"post_tag","embeddable":true,"href":"https:\/\/www.europesays.com\/pl\/wp-json\/wp\/v2\/tags?post=203685"}],"curies":[{"name":"wp","href":"https:\/\/api.w.org\/{rel}","templated":true}]}}