{"id":203721,"date":"2026-01-14T08:32:05","date_gmt":"2026-01-14T08:32:05","guid":{"rendered":"https:\/\/www.europesays.com\/pl\/203721\/"},"modified":"2026-01-14T08:32:05","modified_gmt":"2026-01-14T08:32:05","slug":"rajd-cen-ropy-naftowej-usa-wzywa-swoich-obywateli-natychmiast","status":"publish","type":"post","link":"https:\/\/www.europesays.com\/pl\/203721\/","title":{"rendered":"Rajd cen ropy naftowej. USA wzywa swoich obywateli. 'Natychmiast&#8217;"},"content":{"rendered":"<p> Wezwanie do opuszczenia Iranu<\/p>\n<p class=\"art_paragraph\">Protesty w Iranie przybieraj\u0105 na sile. W\u0142adze Stan\u00f3w Zjednoczonych wezwa\u0142y swoich obywateli do opuszczenia tego pa\u0144stwa. &#8221;\u00a0Obywatele <a href=\"https:\/\/next.gazeta.pl\/usa#anchorLink\" rel=\"nofollow noopener\" target=\"_blank\">USA<\/a> powinni natychmiast opu\u015bci\u0107 Iran. Rozwa\u017ccie opuszczenie Iranu drog\u0105 l\u0105dow\u0105 do Turcji lub Armenii, je\u015bli b\u0119dzie to bezpieczne&#8221; &#8211;\u00a0wskaza\u0142a <a href=\"https:\/\/next.gazeta.pl\/ambasada#anchorLink\" rel=\"nofollow noopener\" target=\"_blank\">ambasada<\/a>\u00a0ameryka\u0144ska w Teheranie.<\/p>\n<p class=\"art_paragraph\">Teheran oskar\u017ca Donalda\u00a0Trumpa\u00a0o polityczn\u0105 destabilizacj\u0119 Iranu, nawo\u0142ywanie do przemocy i naruszenie suwerenno\u015bci kraju. &#8222;Stany Zjednoczone oraz re\u017cim w <a href=\"https:\/\/wiadomosci.gazeta.pl\/izrael#anchorLink\" rel=\"nofollow noopener\" target=\"_blank\">Izraelu<\/a> ponosz\u0105 bezpo\u015bredni\u0105 odpowiedzialno\u015b\u0107 za \u015bmier\u0107 niewinnych cywil\u00f3w, w tym m\u0142odzie\u017cy&#8221; &#8211; napisa\u0142 ira\u0144ski ambasador przy Organizacji Narod\u00f3w Zjednoczonych\u00a0Amir\u00a0Said\u00a0Iravani\u00a0w li\u015bcie skierowanym do Rady Bezpiecze\u0144stwa <a href=\"https:\/\/wiadomosci.gazeta.pl\/polityka\/7,198012,32467223,nie-zostal-komisarzem-onz-ma-inny-plan-holownia-zdradza-szczegoly.html#anchorLink\" rel=\"nofollow noopener\" target=\"_blank\">ONZ<\/a>.<\/p>\n<p>\n    Zobacz wideo Atak USA i Izraela wzmocni\u0142 ch\u0119\u0107 Iranu do zbudowania bomby atomowej\n  <\/p>\n<p> Donald\u00a0Trump\u00a0zach\u0119ca do kontynuowania protest\u00f3w<\/p>\n<p class=\"art_paragraph\">Prezydent Donald\u00a0Trump\u00a0zach\u0119ca jednocze\u015bnie do kontynuowania protest\u00f3w.\u00a0&#8222;Mog\u0119 powiedzie\u0107, \u017ce pomoc jest w drodze. S\u0142yszeli\u015bcie, \u017ce na\u0142o\u017cy\u0142em 25-procentowe c\u0142a na wszystkich, kt\u00f3rzy robi\u0105 interesy z Iranem&#8221; &#8211; zapowiedzia\u0142, nie t\u0142umacz\u0105c przy tym o jak\u0105 pomoc chodzi. Bia\u0142y Dom nie poda\u0142 te\u017c \u017cadnych szczeg\u00f3\u0142\u00f3w odno\u015bnie do wspomnianych ce\u0142, nic te\u017c nie wiadomo o \u017cadnych sankcjach.<\/p>\n<p class=\"art_paragraph\">To nag\u0142a zmiana, bo jeszcze dzie\u0144 wcze\u015bniej (12 stycznia) <a href=\"https:\/\/wiadomosci.gazeta.pl\/donald-trump#anchorLink\" rel=\"nofollow noopener\" target=\"_blank\">Trump<\/a> wspomina\u0142 o rozmowach dyplomatycznych mi\u0119dzy Waszyngtonem a Teheranem. Wczoraj jednak stwierdzi\u0142, \u017ce zerwa\u0142 wszelkie rozmowy z ira\u0144skimi w\u0142adzami. &#8211; Zwracam\u00a0si\u0119 do wszystkich ira\u0144skich patriot\u00f3w: protestujcie dalej, przejmijcie kontrol\u0119 nad instytucjami, je\u015bli to mo\u017cliwe &#8211;\u00a0powiedzia\u0142 na\u00a0wiecu w Detroit.\u00a0Minister obrony Iranu Aziz\u00a0Nasirzadeh, w odpowiedzi na takie deklaracje zobowi\u0105za\u0142 si\u0119 &#8222;broni\u0107 kraju z pe\u0142n\u0105 si\u0142\u0105.&#8221;<\/p>\n<p> Nawet 20 tys. zabitych<\/p>\n<p class=\"art_paragraph\">Prezydent obieca\u0142 r\u00f3wnie\u017c, \u017ce wszyscy oprawcy zap\u0142ac\u0105 wysok\u0105 cen\u0119 za swoje czyny i zach\u0119ca\u0142 protestuj\u0105cych, \u017ceby zapisywali ich nazwiska.\u00a0Tymczasem ira\u0144skie w\u0142adze przejmuj\u0105 anteny satelitarne i nagrania z kamer, co ma na celu zidentyfikowanie uczestnik\u00f3w protestu.\u00a0Blokuj\u0105 te\u017c dost\u0119p do naziemnego\u00a0internetu\u00a0i konfiskuj\u0105 urz\u0105dzenia\u00a0Starlink.\u00a0HRANA, ameryka\u0144ska grupy obro\u0144c\u00f3w praw cz\u0142owieka\u00a0poinformowa\u0142a, \u017ce \u015bmier\u0107 ponios\u0142o ponad 2 tys. os\u00f3b, w tym 1850 protestuj\u0105cych.\u00a0Z kolei jak poda\u0142o CBS News liczba zabitych mo\u017ce wynosi\u0107 od 12 do nawet 20 tys. os\u00f3b.<\/p>\n<p> Gwa\u0142towny wzrost cen ropy<\/p>\n<p class=\"art_paragraph\">Trwaj\u0105ce od 2 tygodni protesty oraz deklaracje prezydenta\u00a0Trumpa\u00a0znacz\u0105co wp\u0142yn\u0119\u0142y na ceny ropy naftowej.\u00a0Surowiec osi\u0105gn\u0105\u0142 najwy\u017cszy poziom od ko\u0144ca pa\u017adziernika. Inwestorzy obawiaj\u0105 si\u0119 zak\u0142\u00f3cenia dostaw\u00a0i mo\u017cliwej interwencji USA. Kontrakty terminowe na West Texas\u00a0Intermediate\u00a0wzros\u0142y o 2,8 proc. osi\u0105gaj\u0105c we wtorek\u00a0(14 stycznia) warto\u015b\u0107 61,15 dolar\u00f3w za bary\u0142k\u0119.\u00a0Iran jest czwartym producentem ropy w\u015br\u00f3d kraj\u00f3w OPEC z produkcj\u0105 oko\u0142o 3,3 miliona bary\u0142ek dziennie.\u00a0Po serii 5 miesi\u0119cy strat surowiec zacz\u0105\u0142 dro\u017ce\u0107\u00a0na pocz\u0105tku nowego roku, na co wp\u0142yn\u0119\u0142a r\u00f3wnie\u017c ameryka\u0144ska interwencja w Wenezueli.\n  <\/p>\n<p>Czytaj te\u017c: <a href=\"https:\/\/next.gazeta.pl\/next\/7,151003,32523852,donald-trump-znow-uderza-tym-razem-na-iran-oglasza-cla-wtorne.html\" class=\"art_link\" rel=\"dofollow noopener\" target=\"_blank\">Donald Trump zn\u00f3w uderza. Tym razem w Iran. Og\u0142asza c\u0142a wt\u00f3rne<\/a><\/p>\n","protected":false},"excerpt":{"rendered":"Wezwanie do opuszczenia Iranu Protesty w Iranie przybieraj\u0105 na sile. W\u0142adze Stan\u00f3w Zjednoczonych wezwa\u0142y swoich obywateli do opuszczenia&hellip;\n","protected":false},"author":2,"featured_media":203722,"comment_status":"","ping_status":"","sticky":false,"template":"","format":"standard","meta":{"footnotes":""},"categories":[16],"tags":[113,112,42,38,40,39,41],"class_list":{"0":"post-203721","1":"post","2":"type-post","3":"status-publish","4":"format-standard","5":"has-post-thumbnail","7":"category-biznes","8":"tag-biznes","9":"tag-business","10":"tag-pl","11":"tag-poland","12":"tag-polish","13":"tag-polska","14":"tag-polski"},"share_on_mastodon":{"url":"https:\/\/pubeurope.com\/@pl\/115892528314424719","error":""},"_links":{"self":[{"href":"https:\/\/www.europesays.com\/pl\/wp-json\/wp\/v2\/posts\/203721","targetHints":{"allow":["GET"]}}],"collection":[{"href":"https:\/\/www.europesays.com\/pl\/wp-json\/wp\/v2\/posts"}],"about":[{"href":"https:\/\/www.europesays.com\/pl\/wp-json\/wp\/v2\/types\/post"}],"author":[{"embeddable":true,"href":"https:\/\/www.europesays.com\/pl\/wp-json\/wp\/v2\/users\/2"}],"replies":[{"embeddable":true,"href":"https:\/\/www.europesays.com\/pl\/wp-json\/wp\/v2\/comments?post=203721"}],"version-history":[{"count":0,"href":"https:\/\/www.europesays.com\/pl\/wp-json\/wp\/v2\/posts\/203721\/revisions"}],"wp:featuredmedia":[{"embeddable":true,"href":"https:\/\/www.europesays.com\/pl\/wp-json\/wp\/v2\/media\/203722"}],"wp:attachment":[{"href":"https:\/\/www.europesays.com\/pl\/wp-json\/wp\/v2\/media?parent=203721"}],"wp:term":[{"taxonomy":"category","embeddable":true,"href":"https:\/\/www.europesays.com\/pl\/wp-json\/wp\/v2\/categories?post=203721"},{"taxonomy":"post_tag","embeddable":true,"href":"https:\/\/www.europesays.com\/pl\/wp-json\/wp\/v2\/tags?post=203721"}],"curies":[{"name":"wp","href":"https:\/\/api.w.org\/{rel}","templated":true}]}}