{"id":203820,"date":"2026-01-14T09:23:07","date_gmt":"2026-01-14T09:23:07","guid":{"rendered":"https:\/\/www.europesays.com\/pl\/203820\/"},"modified":"2026-01-14T09:23:07","modified_gmt":"2026-01-14T09:23:07","slug":"nowy-podatek-zamiast-reformy-pip-jest-zaskakujacy-dokument-koniec-pit-i-skladki-zdrowotnej","status":"publish","type":"post","link":"https:\/\/www.europesays.com\/pl\/203820\/","title":{"rendered":"Nowy podatek zamiast reformy PIP? Jest zaskakuj\u0105cy dokument. 'Koniec PIT i sk\u0142adki zdrowotnej&#8217;"},"content":{"rendered":"<p class=\"art_paragraph\">Wi\u0119ksze uprawnienia PIP s\u0105 jednym z tzw. kamieni milowych, czyli kluczowych warunk\u00f3w wyp\u0142aty pieni\u0119dzy z KPO. Zrezygnowanie z tej reformy, a to zapowiedzia\u0142 Donald Tusk, mo\u017ce oznacza\u0107 konieczno\u015b\u0107 rewizji umowy z Komisj\u0105 Europejsk\u0105. Inaczej\u00a0wyp\u0142ata miliard\u00f3w z\u0142otych dla Polski jest zagro\u017cona. Polska co\u015b musi jednak &#8222;zaoferowa\u0107&#8221; w zamian. Zwyk\u0142a rezygnacja zwyczajnie nie przejdzie. Rz\u0105d jest pod \u015bcian\u0105, bo zdaje si\u0119 nie mie\u0107 planu B, co chce wykorzysta\u0107 zaplecze intelektualne w Polsce.<\/p>\n<p> Alternatywa dla reformy PIP? Zaskakuj\u0105cy pomys\u0142<\/p>\n<p class=\"art_paragraph\">Pomys\u0142 by\u00a0inspektorzy <a href=\"https:\/\/next.gazeta.pl\/praca#anchorLink\" rel=\"nofollow noopener\" target=\"_blank\">pracy<\/a> mieli decydowa\u0107 o przekszta\u0142caniu um\u00f3w B2B w stosunek pracy, zrodzi\u0142 si\u0119 z unijnego wymogu\u00a0&#8222;zmniejszenie segmentacji rynku pracy&#8221;. Chodzi o r\u00f3\u017cnice w osk\u0142adkowaniu i opodatkowaniu r\u00f3\u017cnych typ\u00f3w um\u00f3w. Ten cel mo\u017cna jednak osi\u0105gn\u0105\u0107 w inny spos\u00f3b, a przynajmniej tak uwa\u017caj\u0105 autorzy listu, kt\u00f3ry trafi\u0142 na biurko\u00a0szef\u00f3w resort\u00f3w rodziny, pracy i polityki spo\u0142ecznej, finans\u00f3w i gospodarki oraz funduszy i polityki regionalnej.<\/p>\n<p class=\"art_paragraph\">&#8222;Cel ten mo\u017cna osi\u0105gn\u0105\u0107 poprzez przeprowadzenie kompleksowej reformy systemu podatkowo-sk\u0142adkowego w kierunku modelu tzw. jednolitej daniny. Kierunek ten od lat jest postulowany przez rozmaite \u015brodowiska eksperckie&#8221; &#8211; przytacza tre\u015b\u0107 listu <a href=\"https:\/\/www.money.pl\/gospodarka\/pit-do-kosza-wraca-pomysl-na-inny-podatek-dla-milionow-polakow-7243023771556256a.html\" class=\"art_link\" rel=\"nofollow noopener\" target=\"_blank\">money<\/a>.pl. W\u0142a\u015bnie\u00a0Jednolita Danina, kt\u00f3ra zawiera\u0107 b\u0119dzie szczeg\u00f3\u0142ow\u0105 map\u0119 drogow\u0105 jej realizacji z konkretnymi datami mia\u0142aby zast\u0105pi\u0107 reform\u0119 PIP. Money.pl wyja\u015bnia, \u017ce w tym rozwi\u0105zaniu chodzi o &#8222;ubezpieczony p\u0142aci\u0142 najpierw sk\u0142adki, kt\u00f3re mia\u0142yby charakter liniowy, a potem podatek, kt\u00f3ry by\u0142by progresywny&#8221;. Stawka ros\u0142aby wraz z dochodem. Oznacza\u0142oby to koniec m.in. sk\u0142adki zdrowotnej i podatki PIT w formie, jak\u0105 znamy obecnie.\u00a0<\/p>\n<p class=\"art_paragraph\">&#8222;Efektem tego b\u0119dzie radykalne zbli\u017cenie klin\u00f3w podatkowo-sk\u0142adkowych mi\u0119dzy zatrudnionymi na umowie o prac\u0119 i osobami prowadz\u0105cymi dzia\u0142alno\u015b\u0107 gospodarcz\u0105, a tak\u017ce ujednolicenie regu\u0142 opodatkowania wszystkich form pracy najemnej. Oznacza to, \u017ce w\u0142a\u015bnie taka reforma osi\u0105gnie cel, jakim jest ograniczenie segmentacji rynku pracy, czemu s\u0142u\u017cy\u0107 mia\u0142y kamienie milowe polskiego KPO oraz dotychczasowe propozycje ich realizacji&#8221; &#8211; przekonuj\u0105 autorzy listu.\u00a0<\/p>\n<p>\n    Zobacz wideo Pieni\u0105dze z KPO trzeba by\u0142o rozdysponowa\u0107 w po\u015bpiechu, st\u0105d b\u0142\u0119dy\n  <\/p>\n<p> Polska ma zwi\u0105zane r\u0119ce<\/p>\n<p class=\"art_paragraph\">Tak radykalny krok mo\u017ce by\u0107 jednak trudny do zaakceptowania przez Komisj\u0119 Europejsk\u0105. Anonimowy rozm\u00f3wca z rz\u0105du przyzna\u0142 w rozmowie z money.pl, \u017ce Polska jest w s\u0142abej pozycji negocjacyjnej, bo aktualna reforma zosta\u0142a ju\u017c wpisana do wniosku o p\u0142atno\u015bci z KPO. Pod nazwiskiem m\u00f3wi\u0142 o tym te\u017c\u00a0wiceminister funduszy i polityki regionalnej Jan Szyszko. &#8211; Raz ju\u017c poruszali\u015bmy ten temat z Komisj\u0105 Europejsk\u0105. B\u0119dzie granicznie trudno przekona\u0107 Komisj\u0119 Europejsk\u0105 do ponownych negocjacji. Oczywi\u015bcie sprawy nie u\u0142atwia te\u017c kalendarz, czyli to, \u017ce KPO ko\u0144czy si\u0119 w sierpniu 2026 roku, czyli ju\u017c za par\u0119 miesi\u0119cy, co powoduje, \u017ce w ci\u0105gu bardzo kr\u00f3tkiego czasu, kilku miesi\u0119cy musieliby\u015bmy podj\u0105\u0107 ten temat ponownie &#8211; t\u0142umaczy\u0142 na antenie <a href=\"https:\/\/polskieradio24.pl\/artykul\/3633129,reforma-pip-wraca-na-stol-trudno-bedzie-przekonac-ke-do-negocjacji\" class=\"art_link\" rel=\"nofollow noopener\" target=\"_blank\">Polskiego Radia.<\/a><\/p>\n<p class=\"art_paragraph\">O tym, czy uda si\u0119 w tej sprawie cokolwiek wynegocjowa\u0107, powinni\u015bmy dowiedzie\u0107 si\u0119 ju\u017c wkr\u00f3tce. W\u00a0<a href=\"https:\/\/wiadomosci.gazeta.pl\/polska\/7,198073,32501452,wladze-warszawy-walcza-ze-sniegiem-trwa-akcja-alfa.html#anchorLink\" rel=\"nofollow noopener\" target=\"_blank\">Warszawie<\/a> spotkaj\u0105 si\u0119 przedstawiciele polskiego rz\u0105du z wys\u0142annikami Komisji Europejskiej &#8211; ustali\u0142a IAR. Jeden z g\u0142\u00f3wnych temat\u00f3w to reforma Pa\u0144stwowej Inspekcji Pracy.\u00a0Rozmowy odb\u0119d\u0105 si\u0119 na poziomie g\u0142\u00f3wnych negocjator\u00f3w, co potwierdza wag\u0119 spotkania. Przedstawiciele Komisji Europejskiej chc\u0105 wiedzie\u0107, w jaki spos\u00f3b problem reformy Pa\u0144stwowej Inspekcji Pracy zostanie rozwi\u0105zany. Tym bardziej \u017ce Komisja mia\u0142a o ca\u0142ej sprawie dowiedzie\u0107 si\u0119 z medi\u00f3w. Rozwi\u0105zanie tego problemu jest konieczne, je\u015bli Polska chce dosta\u0107 pe\u0142n\u0105, czwart\u0105 transz\u0119 pieni\u0119dzy z unijnego funduszu odbudowy.<\/p>\n<p class=\"art_paragraph\">Wniosek o wyp\u0142at\u0119 29 miliard\u00f3w z\u0142otych Warszawa wys\u0142a\u0142a do <a href=\"https:\/\/next.gazeta.pl\/bruksela#anchorLink\" rel=\"nofollow noopener\" target=\"_blank\">Brukseli<\/a> pod koniec grudnia. Czas na uzgodnienia jest do ko\u0144ca lutego. Musi nast\u0105pi\u0107 rewizja KPO i zmiana kamienia milowego i dopiero wtedy Polska mo\u017ce z\u0142o\u017cy\u0107 kolejny wniosek o wyp\u0142at\u0119 pieni\u0119dzy z unijnego funduszu odbudowy. A ten Warszawa planowa\u0142a z\u0142o\u017cy\u0107 w marcu. \u015arodowe\u00a0rozmowy nie b\u0119d\u0105 \u0142atwe tak\u017ce z innego powodu. Chodzi o rezygnacj\u0119 z op\u0142at od aut spalinowych i plany, czym te kontrowersyjne op\u0142aty zast\u0105pi\u0107.<\/p>\n<p class=\"art_paragraph\">Przeczytaj te\u017c: <a href=\"https:\/\/next.gazeta.pl\/next\/7,151003,32524400,karol-nawrocki-moze-nie-podpisac-ustawy-budzetowej-nie-sklada.html\" class=\"art_link\" rel=\"dofollow noopener\" target=\"_blank\">Karol Nawrocki mo\u017ce nie podpisa\u0107 ustawy bud\u017cetowej. &#8222;Nie sk\u0142ada broni&#8221;. Co wtedy?<\/a><\/p>\n","protected":false},"excerpt":{"rendered":"Wi\u0119ksze uprawnienia PIP s\u0105 jednym z tzw. kamieni milowych, czyli kluczowych warunk\u00f3w wyp\u0142aty pieni\u0119dzy z KPO. Zrezygnowanie z&hellip;\n","protected":false},"author":2,"featured_media":203821,"comment_status":"","ping_status":"","sticky":false,"template":"","format":"standard","meta":{"footnotes":""},"categories":[12],"tags":[32,33,36,37,27,34,35,28,31,25,42,38,40,39,41,29,30,26],"class_list":{"0":"post-203820","1":"post","2":"type-post","3":"status-publish","4":"format-standard","5":"has-post-thumbnail","7":"category-polska","8":"tag-breaking-news","9":"tag-breakingnews","10":"tag-featured-news","11":"tag-featurednews","12":"tag-headlines","13":"tag-latest-news","14":"tag-latestnews","15":"tag-naglowki","16":"tag-najwazniejsze-artykuly","17":"tag-news","18":"tag-pl","19":"tag-poland","20":"tag-polish","21":"tag-polska","22":"tag-polski","23":"tag-top-stories","24":"tag-topstories","25":"tag-wiadomosci"},"share_on_mastodon":{"url":"https:\/\/pubeurope.com\/@pl\/115892728809675924","error":""},"_links":{"self":[{"href":"https:\/\/www.europesays.com\/pl\/wp-json\/wp\/v2\/posts\/203820","targetHints":{"allow":["GET"]}}],"collection":[{"href":"https:\/\/www.europesays.com\/pl\/wp-json\/wp\/v2\/posts"}],"about":[{"href":"https:\/\/www.europesays.com\/pl\/wp-json\/wp\/v2\/types\/post"}],"author":[{"embeddable":true,"href":"https:\/\/www.europesays.com\/pl\/wp-json\/wp\/v2\/users\/2"}],"replies":[{"embeddable":true,"href":"https:\/\/www.europesays.com\/pl\/wp-json\/wp\/v2\/comments?post=203820"}],"version-history":[{"count":0,"href":"https:\/\/www.europesays.com\/pl\/wp-json\/wp\/v2\/posts\/203820\/revisions"}],"wp:featuredmedia":[{"embeddable":true,"href":"https:\/\/www.europesays.com\/pl\/wp-json\/wp\/v2\/media\/203821"}],"wp:attachment":[{"href":"https:\/\/www.europesays.com\/pl\/wp-json\/wp\/v2\/media?parent=203820"}],"wp:term":[{"taxonomy":"category","embeddable":true,"href":"https:\/\/www.europesays.com\/pl\/wp-json\/wp\/v2\/categories?post=203820"},{"taxonomy":"post_tag","embeddable":true,"href":"https:\/\/www.europesays.com\/pl\/wp-json\/wp\/v2\/tags?post=203820"}],"curies":[{"name":"wp","href":"https:\/\/api.w.org\/{rel}","templated":true}]}}