{"id":203826,"date":"2026-01-14T09:26:07","date_gmt":"2026-01-14T09:26:07","guid":{"rendered":"https:\/\/www.europesays.com\/pl\/203826\/"},"modified":"2026-01-14T09:26:07","modified_gmt":"2026-01-14T09:26:07","slug":"faworytka-konkursu-wycofuje-sie-z-eurowizji-poznalismy-powod","status":"publish","type":"post","link":"https:\/\/www.europesays.com\/pl\/203826\/","title":{"rendered":"Faworytka konkursu wycofuje si\u0119 z Eurowizji. Poznali\u015bmy pow\u00f3d"},"content":{"rendered":"<p>Tegoroczny Konkurs Piosenki <a href=\"https:\/\/www.pudelek.pl\/tag\/eurowizja\/\" rel=\"noopener noreferrer nofollow\" target=\"_blank\">Eurowizji<\/a>, kt\u00f3ry odb\u0119dzie si\u0119 w\u00a0Wiedniu w\u00a0dniach 12, 14 i\u00a016 maja, budzi wyj\u0105tkowo skrajne emocje. Wszystko za spraw\u0105 decyzji Europejskiej Unii Nadawc\u00f3w o\u00a0dopuszczeniu Izraela do udzia\u0142u w\u00a0rywalizacji, co wywo\u0142a\u0142o fal\u0119 krytyki i\u00a0<a href=\"https:\/\/www.pudelek.pl\/triumfator-ubieglorocznej-eurowizji-zrzeka-sie-trofeum-i-odsyla-ja-do-ebu-nie-powinno-juz-stac-na-mojej-polce-wideo-7231416486800288a\" rel=\"noopener noreferrer nofollow\" target=\"_blank\">doprowadzi\u0142o do bojkotu<\/a> ze strony kilku pa\u0144stw, m.in. Irlandii, Hiszpanii i\u00a0Holandii. <\/p>\n<p>W cieniu mi\u0119dzynarodowych kontrowersji r\u00f3wnie du\u017co dzieje si\u0119 jednak na krajowym podw\u00f3rku &#8211;\u00a0polskie preselekcje tak\u017ce budz\u0105 ogromne zainteresowanie. Wszystko przez to, \u017ce&#8230; nic w\u0142a\u015bciwie o\u00a0nich nie wiemy.<\/p>\n<p>Kraje wycofuj\u0105 si\u0119 z\u00a0Eurowizji. Wszystko przez jeden kraj <\/p>\n<p>Cho\u0107 wiadomo ju\u017c, \u017ce Polska wyst\u0105pi w\u00a0pierwszym p\u00f3\u0142finale, kt\u00f3ry odb\u0119dzie si\u0119 12 maja, wci\u0105\u017c pozostaje kluczowa niewiadoma &#8211;\u00a0kto stanie na eurowizyjnej scenie w\u00a0barwach naszego kraju. Oficjalnego komunikatu w\u00a0tej sprawie jeszcze nie ma, jednak w\u00a0kuluarach os\u00f3b zwi\u0105zanych z\u00a0konkursem od pewnego czasu kr\u0105\u017cy lista artyst\u00f3w, kt\u00f3rym przypisuje si\u0119 najwi\u0119ksze szanse na walk\u0119 o\u00a0wyjazd do Wiednia.<\/p>\n<p>Nieoficjalnie m\u00f3wi\u0142o si\u0119 m.in. o\u00a0Karolinie Czarneckiej, Basi Giewont, Stanis\u0142awie Kukulskim, Jeremim Sikorskim, Aleksandrze Antoniak, Alicji Szempli\u0144skiej, Karolinie Szczurowskiej, Anastazji Maci\u0105g, a\u00a0tak\u017ce o\u00a0Piotrze Pr\u0119gowskim.<\/p>\n<p>Lista potencjalnych reprezentant\u00f3w ma zosta\u0107 ujawniona dzisiaj. Tym razem jednak nie nale\u017cy spodziewa\u0107 si\u0119 konferencji prasowej, jak mia\u0142o to miejsce rok temu. Z\u00a0naszych informacji wynika, \u017ce nazwiska zostan\u0105 po prostu opublikowane na oficjalnych stronach Telewizji Polskiej.<\/p>\n<p>Faworytkami \u015brodowisk zwi\u0105zanych z\u00a0Eurowizj\u0105 by\u0142y Karolina Czarnecka i\u00a0Basia Giewont. Jak jednak wynika z\u00a0informacji, do kt\u00f3rych dotarli\u015bmy, Czarnecka mia\u0142a w\u00a0ostatniej mo\u017cliwej chwili zrezygnowa\u0107 z\u00a0udzia\u0142u w\u00a0polskich preselekcjach.<\/p>\n<p>To nie mia\u0142o zwi\u0105zku z powodami politycznymi. Karolina wykonuje ten utw\u00f3r w trzyosobowym sk\u0142adzie, kt\u00f3ry nawi\u0105zuje do estetyki ok\u0142adki singla. Pojawi\u0142a si\u0119 jednak niedyspozycja jednej z cz\u0142onki\u0144 zespo\u0142u, a Karolina bardzo honorowo podchodzi do takich spraw. Wychodzi z za\u0142o\u017cenia &#8222;jeden za wszystkich, wszyscy za jednego&#8221;, dlatego uzna\u0142a, \u017ce skoro nie mog\u0105 wyst\u0105pi\u0107 w pe\u0142nym sk\u0142adzie, nie wyst\u0105pi\u0105 w og\u00f3le<\/p>\n<p>&#8211; m\u00f3wi nasze \u017ar\u00f3d\u0142o.<\/p>\n<p>Po rezygnacji artystki Telewizja Polska skontaktowa\u0142a si\u0119 z\u00a0pierwszym nazwiskiem z\u00a0listy rezerwowej, czyli Norbertem Wronk\u0105. Wed\u0142ug naszych informacji muzyk odrzuci\u0142 zaproszenie. Co istotne, tego samego dnia opublikowa\u0142 na Instagramie wymowny wpis. Obok flagi Palestyny doda\u0142 emotikon\u0119 czerwonego serca oraz utw\u00f3r &#8222;Freedom&#8221; Beyonc\u00e9.<\/p>\n","protected":false},"excerpt":{"rendered":"Tegoroczny Konkurs Piosenki Eurowizji, kt\u00f3ry odb\u0119dzie si\u0119 w\u00a0Wiedniu w\u00a0dniach 12, 14 i\u00a016 maja, budzi wyj\u0105tkowo skrajne emocje. Wszystko&hellip;\n","protected":false},"author":2,"featured_media":203827,"comment_status":"","ping_status":"","sticky":false,"template":"","format":"standard","meta":{"footnotes":""},"categories":[22],"tags":[122,42,38,40,39,41,123],"class_list":{"0":"post-203826","1":"post","2":"type-post","3":"status-publish","4":"format-standard","5":"has-post-thumbnail","7":"category-rozrywka","8":"tag-entertainment","9":"tag-pl","10":"tag-poland","11":"tag-polish","12":"tag-polska","13":"tag-polski","14":"tag-rozrywka"},"share_on_mastodon":{"url":"https:\/\/pubeurope.com\/@pl\/115892740666431637","error":""},"_links":{"self":[{"href":"https:\/\/www.europesays.com\/pl\/wp-json\/wp\/v2\/posts\/203826","targetHints":{"allow":["GET"]}}],"collection":[{"href":"https:\/\/www.europesays.com\/pl\/wp-json\/wp\/v2\/posts"}],"about":[{"href":"https:\/\/www.europesays.com\/pl\/wp-json\/wp\/v2\/types\/post"}],"author":[{"embeddable":true,"href":"https:\/\/www.europesays.com\/pl\/wp-json\/wp\/v2\/users\/2"}],"replies":[{"embeddable":true,"href":"https:\/\/www.europesays.com\/pl\/wp-json\/wp\/v2\/comments?post=203826"}],"version-history":[{"count":0,"href":"https:\/\/www.europesays.com\/pl\/wp-json\/wp\/v2\/posts\/203826\/revisions"}],"wp:featuredmedia":[{"embeddable":true,"href":"https:\/\/www.europesays.com\/pl\/wp-json\/wp\/v2\/media\/203827"}],"wp:attachment":[{"href":"https:\/\/www.europesays.com\/pl\/wp-json\/wp\/v2\/media?parent=203826"}],"wp:term":[{"taxonomy":"category","embeddable":true,"href":"https:\/\/www.europesays.com\/pl\/wp-json\/wp\/v2\/categories?post=203826"},{"taxonomy":"post_tag","embeddable":true,"href":"https:\/\/www.europesays.com\/pl\/wp-json\/wp\/v2\/tags?post=203826"}],"curies":[{"name":"wp","href":"https:\/\/api.w.org\/{rel}","templated":true}]}}