{"id":203859,"date":"2026-01-14T09:43:09","date_gmt":"2026-01-14T09:43:09","guid":{"rendered":"https:\/\/www.europesays.com\/pl\/203859\/"},"modified":"2026-01-14T09:43:09","modified_gmt":"2026-01-14T09:43:09","slug":"korupcja-w-ukrainie-pod-lupa-sluzby-w-biurze-partyjnym-julii-tymoszenko","status":"publish","type":"post","link":"https:\/\/www.europesays.com\/pl\/203859\/","title":{"rendered":"Korupcja w Ukrainie pod lup\u0105. S\u0142u\u017cby w biurze partyjnym Julii Tymoszenko"},"content":{"rendered":"<p class=\"typography ids-typeset-body ids-typeset-body--preset-large link paragraph ids-paragraph ids-paragraph--default\">O potencjalnych dzia\u0142aniach korupcyjnych w ukrai\u0144skiej Radzie Najwy\u017cszej poinformowa\u0142o biuro prasowe SAP.<\/p>\n<p class=\"typography ids-typeset-body ids-typeset-body--preset-large link paragraph ids-paragraph ids-paragraph--default\">&#8222;Przewodnicz\u0105cy jednej z frakcji parlamentarnych Rady Najwy\u017cszej Ukrainy oferowa\u0142 nienale\u017cne korzy\u015bci pewnej liczbie deputowanych nale\u017c\u0105cych do frakcji, kt\u00f3rym ta osoba nie przewodzi\u0142a, w zamian za g\u0142osowanie &#8222;za&#8221; lub &#8222;przeciw&#8221; konkretnym projektom ustaw&#8221; &#8211; czytamy w komunikacie opublikowanym w mediach spo\u0142eczno\u015bciowych.<\/p>\n<p>Afera korupcyjna w Ukrainie. Media: Zamieszana Julia Tymoszenko<\/p>\n<p class=\"typography ids-typeset-body ids-typeset-body--preset-large link paragraph ids-paragraph ids-paragraph--default\">Spraw\u0105 natychmiast zaj\u0119li si\u0119 dziennikarze najwi\u0119kszych ukrai\u0144skich medi\u00f3w. Po kilkudziesi\u0119ciu minutach redaktorzy portalu Suspilne poinformowali, \u017ce wspomnianym &#8222;przewodnicz\u0105cym&#8221; jest\u00a0by\u0142a premier <a href=\"https:\/\/wydarzenia.interia.pl\/tematy-ukraina,gsbi,3144\" rel=\"nofollow noopener\" target=\"_blank\">Ukrainy<\/a> <a href=\"https:\/\/wydarzenia.interia.pl\/tematy-julia-tymoszenko,gsbi,6537\" rel=\"nofollow noopener\" target=\"_blank\">Julia Tymoszenko<\/a>. Polityk od wielu lat jest liderem partii Batkwiszczyna.<\/p>\n<p class=\"typography ids-typeset-body ids-typeset-body--preset-large link paragraph ids-paragraph ids-paragraph--default\">Doniesienia potwierdzili tak\u017ce dziennikarze Radio Swoboda i telewizji Espreso.<\/p>\n<p class=\"typography ids-typeset-body ids-typeset-body--preset-large link paragraph ids-paragraph ids-paragraph--default\">Jednocze\u015bnie przypomniano, \u017ce\u00a0Tymoszenko i pos\u0142owie z jej ugrupowania krytykowali dzia\u0142alno\u015b\u0107 organ\u00f3w antykorupcyjnych, w szczeg\u00f3lno\u015bci NABU i SAP.<\/p>\n<p class=\"typography ids-typeset-body ids-typeset-body--preset-large link paragraph ids-paragraph ids-paragraph--default\">By\u0142a szefowa rz\u0105du g\u0142osowa\u0142a za uzale\u017cnieniem tych instytucji od Kancelarii Prezydenta, co finalnie wywo\u0142a\u0142o protesty na ulicach Ukrainy, a tak\u017ce krytyk\u0119 ze strony instytucji europejskich.<\/p>\n<p>Julia Tymoszenko o przeszukaniu w biurze partii. &#8222;Czystka&#8221;<\/p>\n<p class=\"typography ids-typeset-body ids-typeset-body--preset-large link paragraph ids-paragraph ids-paragraph--default\">Chwil\u0119 przed godzin\u0105 9 czasu polskiego na oficjalnym profilu Julii Tymoszenko pojawi\u0142 si\u0119 komunikat, w kt\u00f3rym polityk poinformowa\u0142a o przeszukaniu w budynku nale\u017c\u0105cym do jej ugrupowania.<\/p>\n<p class=\"typography ids-typeset-body ids-typeset-body--preset-large link paragraph ids-paragraph ids-paragraph--default\">&#8222;Tak zwane 'pilne dzia\u0142ania \u015bledcze&#8217;, kt\u00f3re trwa\u0142y ca\u0142\u0105 noc, w\u0142a\u015bnie zako\u0144czy\u0142y si\u0119 w biurze partii. 'Pilne dzia\u0142ania \u015bledcze&#8217;, kt\u00f3re nie maj\u0105 nic wsp\u00f3lnego z prawem i porz\u0105dkiem&#8221; &#8211; napisa\u0142a.<\/p>\n<p class=\"typography ids-typeset-body ids-typeset-body--preset-large link paragraph ids-paragraph ids-paragraph--default\">&#8222;Ponad trzydziestu m\u0119\u017cczyzn uzbrojonych po z\u0119by, bez okazania dokument\u00f3w, faktycznie zaj\u0119\u0142o budynek i wzi\u0119\u0142o pracownik\u00f3w jako zak\u0142adnik\u00f3w. Ostatni raz szturmowcy Janukowycza w ten spos\u00f3b szturmowali nas podczas Rewolucji Godno\u015bci&#8221; &#8211; doda\u0142a.<\/p>\n<p class=\"typography ids-typeset-body ids-typeset-body--preset-large link paragraph ids-paragraph ids-paragraph--default\">W dalszej cz\u0119\u015bci o\u015bwiadczenia Tymoszenko stwierdzi\u0142a, \u017ce przeszukanie ma wy\u0142\u0105cznie charakter PR-owy dla s\u0142u\u017cb. Jak podkre\u015bli\u0142a, na miejscu nie znaleziono \u017cadnych \u015blad\u00f3w rzekomej korupcji.<\/p>\n<p class=\"typography ids-typeset-body ids-typeset-body--preset-large link paragraph ids-paragraph ids-paragraph--default\">&#8222;Po prostu zabrali mi s\u0142u\u017cbowe telefony, dokumenty parlamentarne i oszcz\u0119dno\u015bci, o kt\u00f3rych informacja jest w pe\u0142ni odzwierciedlona w oficjalnym o\u015bwiadczeniu (&#8230;) Wygl\u0105da na to, \u017ce wybory s\u0105 znacznie bli\u017cej ni\u017c si\u0119 wydawa\u0142o. I kto\u015b postanowi\u0142 rozpocz\u0105\u0107\u00a0czystk\u0119 w\u015br\u00f3d konkurent\u00f3w&#8221; &#8211; czytamy.<\/p>\n<p>Ukraina. Kupowanie g\u0142os\u00f3w w Radzie Najwy\u017cszej<\/p>\n<p class=\"typography ids-typeset-body ids-typeset-body--preset-large link paragraph ids-paragraph ids-paragraph--default\">To nie pierwszy przypadek, gdy pa\u0144stwowe instytucje informuj\u0105 o podejrzeniach korupcyjnych w\u015br\u00f3d deputowanych Rady Najwy\u017cszej. Pod koniec grudnia NABU i SAP wyda\u0142o komunikat, w kt\u00f3rym ujawniono dzia\u0142alno\u015b\u0107\u00a0zorganizowanej grupy przest\u0119pczej, kt\u00f3ra dzia\u0142a\u0142a w ukrai\u0144skim parlamencie.<\/p>\n<p class=\"typography ids-typeset-body ids-typeset-body--preset-large link paragraph ids-paragraph ids-paragraph--default\">Jak przekazano, za g\u0142osowanie zgodne z wcze\u015bniej ustalonymi wytycznymi otrzymywa\u0142o si\u0119 od 2000 do 20 000 dolar\u00f3w.<\/p>\n<p class=\"typography ids-typeset-body ids-typeset-body--preset-large link paragraph ids-paragraph ids-paragraph--default\">Ukrai\u0144skie media informowa\u0142y w\u00f3wczas, \u017ce chodzi o przedstawicieli partii S\u0142uga Narodu: Jewhena Piwowarowa, Ihora Niegulewskiego, Jurija Kisela, Olg\u0119 Sawczenko i Mychaj\u0142o \u0141ab\u0119.<\/p>\n<p>Korupcja w\u015br\u00f3d wsp\u00f3\u0142pracownik\u00f3w Ze\u0142enskiego<\/p>\n<p class=\"typography ids-typeset-body ids-typeset-body--preset-large link paragraph ids-paragraph ids-paragraph--default\">Dzia\u0142ania s\u0142u\u017cb antykorupcyjnych obj\u0119\u0142y tak\u017ce osoby niegdy\u015b blisko wsp\u00f3\u0142pracuj\u0105ce z prezydentem <a href=\"https:\/\/wydarzenia.interia.pl\/tematy-wolodymyr-zelenski,gsbi,11\" rel=\"nofollow noopener\" target=\"_blank\">Wo\u0142odymyrem Ze\u0142enskim<\/a>. W listopadzie NABU i SAP poinformowa\u0142y wykryciu rozleg\u0142ego systemu korupcyjnego w ukrai\u0144skim sektorze energetycznym.<\/p>\n<p class=\"typography ids-typeset-body ids-typeset-body--preset-large link paragraph ids-paragraph ids-paragraph--default\">Jednym z g\u0142\u00f3wnych uczestnik\u00f3w procesu defraudacji \u015brodk\u00f3w by\u0142 Tymur Mindicz, bezpo\u015brednio zwi\u0105zany z grup\u0105 kabaretow\u0105 &#8222;Kwarta\u0142 95&#8221;, kt\u00f3r\u0105 tworzy\u0142 Ze\u0142enski.<\/p>\n<p class=\"typography ids-typeset-body ids-typeset-body--preset-large link paragraph ids-paragraph ids-paragraph--default\">Nied\u0142ugo p\u00f3\u017aniej media informowa\u0142y o przeszukaniu w domu szefa Kancelarii Prezydenta <a href=\"https:\/\/wydarzenia.interia.pl\/tematy-andrij-jermak,gsbi,7673\" rel=\"nofollow noopener\" target=\"_blank\">Andrija Jermaka<\/a>, co potwierdzone zosta\u0142o tak\u017ce przez s\u0142u\u017cby. Cho\u0107 oficjalnie nie podano, czy urz\u0119dnik bra\u0142 udzia\u0142 w procederze korupcyjnym, sam zainteresowany poda\u0142 si\u0119 do dymisji, kt\u00f3r\u0105 zaakceptowa\u0142 Wo\u0142odymyr Ze\u0142enski.<\/p>\n<p>Gawkowski w &#8222;Graffiti&#8221; o Ziobrze: Uciek\u0142, bo ma portki pe\u0142ne strachuPolsat News<\/p>\n<p><a class=\"ids-undecorated-link source ids-page-info--source__link\" href=\"https:\/\/www.interia.pl\" rel=\"nofollow noopener\" target=\"_blank\"><img decoding=\"async\" class=\"ids-image-holder__img\" loading=\"lazy\" alt=\"\" title=\"\" height=\"24px\" src=\"https:\/\/www.europesays.com\/pl\/wp-content\/uploads\/2026\/01\/1767782590_880_0009A60QQ5I2TYF7-C202-F4.webp.webp\"\/><\/a><\/p>\n<p>Masz sugestie, uwagi albo widzisz b\u0142\u0105d? Napisz do nas<\/p>\n","protected":false},"excerpt":{"rendered":"O potencjalnych dzia\u0142aniach korupcyjnych w ukrai\u0144skiej Radzie Najwy\u017cszej poinformowa\u0142o biuro prasowe SAP. &#8222;Przewodnicz\u0105cy jednej z frakcji parlamentarnych Rady&hellip;\n","protected":false},"author":2,"featured_media":203860,"comment_status":"","ping_status":"","sticky":false,"template":"","format":"standard","meta":{"footnotes":""},"categories":[14],"tags":[32,33,27,34,35,28,31,25,40,41,80,29,30,26,82,83,84],"class_list":{"0":"post-203859","1":"post","2":"type-post","3":"status-publish","4":"format-standard","5":"has-post-thumbnail","7":"category-swiat","8":"tag-breaking-news","9":"tag-breakingnews","10":"tag-headlines","11":"tag-latest-news","12":"tag-latestnews","13":"tag-naglowki","14":"tag-najwazniejsze-artykuly","15":"tag-news","16":"tag-polish","17":"tag-polski","18":"tag-swiat","19":"tag-top-stories","20":"tag-topstories","21":"tag-wiadomosci","22":"tag-world","23":"tag-world-news","24":"tag-worldnews"},"share_on_mastodon":{"url":"https:\/\/pubeurope.com\/@pl\/115892807663515145","error":""},"_links":{"self":[{"href":"https:\/\/www.europesays.com\/pl\/wp-json\/wp\/v2\/posts\/203859","targetHints":{"allow":["GET"]}}],"collection":[{"href":"https:\/\/www.europesays.com\/pl\/wp-json\/wp\/v2\/posts"}],"about":[{"href":"https:\/\/www.europesays.com\/pl\/wp-json\/wp\/v2\/types\/post"}],"author":[{"embeddable":true,"href":"https:\/\/www.europesays.com\/pl\/wp-json\/wp\/v2\/users\/2"}],"replies":[{"embeddable":true,"href":"https:\/\/www.europesays.com\/pl\/wp-json\/wp\/v2\/comments?post=203859"}],"version-history":[{"count":0,"href":"https:\/\/www.europesays.com\/pl\/wp-json\/wp\/v2\/posts\/203859\/revisions"}],"wp:featuredmedia":[{"embeddable":true,"href":"https:\/\/www.europesays.com\/pl\/wp-json\/wp\/v2\/media\/203860"}],"wp:attachment":[{"href":"https:\/\/www.europesays.com\/pl\/wp-json\/wp\/v2\/media?parent=203859"}],"wp:term":[{"taxonomy":"category","embeddable":true,"href":"https:\/\/www.europesays.com\/pl\/wp-json\/wp\/v2\/categories?post=203859"},{"taxonomy":"post_tag","embeddable":true,"href":"https:\/\/www.europesays.com\/pl\/wp-json\/wp\/v2\/tags?post=203859"}],"curies":[{"name":"wp","href":"https:\/\/api.w.org\/{rel}","templated":true}]}}